{"id":787,"date":"2023-09-11T10:58:48","date_gmt":"2023-09-11T13:58:48","guid":{"rendered":"http:\/\/diarioparanaense.com\/?p=787"},"modified":"2025-04-10T10:19:39","modified_gmt":"2025-04-10T13:19:39","slug":"com-marca-impressionante-julio-ferraz-e-campeao-de-power-biceps-no-uruguai-e-fecha-o-ano-com-todos-os-titulos-disputados","status":"publish","type":"post","link":"https:\/\/diarioparanaense.com\/?p=787","title":{"rendered":"<strong>Com marca impressionante, J\u00falio Ferraz \u00e9 campe\u00e3o de Power B\u00edceps no Uruguai e fecha o ano com todos os t\u00edtulos disputados<\/strong>"},"content":{"rendered":"\n<blockquote class=\"wp-block-quote is-layout-flow wp-block-quote-is-layout-flow\">\n<p><em>Aconteceu em Rivera-Uruguai o VI Open World Powerlifting e Power Biceps Championship<\/em><\/p>\n<\/blockquote>\n\n\n\n<p>Com a incr\u00edvel marca superando o pr\u00f3prio peso corporal, J\u00falio Ferraz subiu o n\u00edvel da modalidade no mundo, estipulando um coeficiente dif\u00edcil de ser batido, o atleta pesou 73kg e seu \u00faltimo movimento passou a barreira dos 74kg, um grande feito na hist\u00f3ria da modalidade: \u201cEstou muito feliz com o resultado, treinei muito para alcan\u00e7ar essa marca e deu tudo certo\u201d, comenta o atleta.<\/p>\n\n\n\n<p><strong>Sobre o atleta<\/strong><br><br>J\u00falio Ferraz mora na cidade de Rio Branco do Sul-Pr, tem 41 anos, \u00e9 formado em Marketing, Filosofia, Pedagogia e Espanhol. Autor do livro \u201cOs valores de um campe\u00e3o\u201d.<\/p>\n\n\n\n<p><strong>Apoio aos atletas<\/strong><br><br>A Prefeitura de Rio Branco do Sul, por meio da Secretaria Municipal de Esporte, Lazer e Cultura (SMELC) investe na promo\u00e7\u00e3o dos esportistas locais como pol\u00edtica p\u00fablica. A partir da cria\u00e7\u00e3o da lei 1.268\/2021 de incentivo ao atleta oferece Bolsa Atleta a mais de 35 esportistas, oferecendo aux\u00edlio financeiro, colaborando com despesas e inscri\u00e7\u00f5es nas competi\u00e7\u00f5es oficiais, onde o atleta representa o munic\u00edpio.<\/p>\n","protected":false},"excerpt":{"rendered":"<p>Aconteceu em Rivera-Uruguai o VI Open World Powerlifting e Power Biceps Championship Com a incr\u00edvel marca superando o pr\u00f3prio peso corporal, J\u00falio Ferraz subiu o n\u00edvel da modalidade no mundo, estipulando um coeficiente dif\u00edcil de ser batido, o atleta pesou 73kg e seu \u00faltimo movimento passou a barreira dos 74kg, um grande feito na hist\u00f3ria [&hellip;]<\/p>\n","protected":false},"author":1,"featured_media":791,"comment_status":"open","ping_status":"open","sticky":false,"template":"","format":"standard","meta":{"footnotes":""},"categories":[2,159],"tags":[154,160],"class_list":["post-787","post","type-post","status-publish","format-standard","has-post-thumbnail","hentry","category-destaque","category-esportes","tag-julio-ferraz","tag-power-biceps"],"_links":{"self":[{"href":"https:\/\/diarioparanaense.com\/index.php?rest_route=\/wp\/v2\/posts\/787","targetHints":{"allow":["GET"]}}],"collection":[{"href":"https:\/\/diarioparanaense.com\/index.php?rest_route=\/wp\/v2\/posts"}],"about":[{"href":"https:\/\/diarioparanaense.com\/index.php?rest_route=\/wp\/v2\/types\/post"}],"author":[{"embeddable":true,"href":"https:\/\/diarioparanaense.com\/index.php?rest_route=\/wp\/v2\/users\/1"}],"replies":[{"embeddable":true,"href":"https:\/\/diarioparanaense.com\/index.php?rest_route=%2Fwp%2Fv2%2Fcomments&post=787"}],"version-history":[{"count":1,"href":"https:\/\/diarioparanaense.com\/index.php?rest_route=\/wp\/v2\/posts\/787\/revisions"}],"predecessor-version":[{"id":792,"href":"https:\/\/diarioparanaense.com\/index.php?rest_route=\/wp\/v2\/posts\/787\/revisions\/792"}],"wp:featuredmedia":[{"embeddable":true,"href":"https:\/\/diarioparanaense.com\/index.php?rest_route=\/wp\/v2\/media\/791"}],"wp:attachment":[{"href":"https:\/\/diarioparanaense.com\/index.php?rest_route=%2Fwp%2Fv2%2Fmedia&parent=787"}],"wp:term":[{"taxonomy":"category","embeddable":true,"href":"https:\/\/diarioparanaense.com\/index.php?rest_route=%2Fwp%2Fv2%2Fcategories&post=787"},{"taxonomy":"post_tag","embeddable":true,"href":"https:\/\/diarioparanaense.com\/index.php?rest_route=%2Fwp%2Fv2%2Ftags&post=787"}],"curies":[{"name":"wp","href":"https:\/\/api.w.org\/{rel}","templated":true}]}}