{"id":5557,"date":"2026-03-18T19:36:41","date_gmt":"2026-03-18T22:36:41","guid":{"rendered":"https:\/\/diarioparanaense.com\/?p=5557"},"modified":"2026-03-18T19:36:42","modified_gmt":"2026-03-18T22:36:42","slug":"leitura-fora-da-sala","status":"publish","type":"post","link":"https:\/\/diarioparanaense.com\/?p=5557","title":{"rendered":"Leitura fora da sala"},"content":{"rendered":"\n<p class=\"has-medium-font-size\">Evento em Curitiba leva estudantes ao encontro de autores e incentiva o h\u00e1bito da leitura<\/p>\n\n\n\n<p>Curitiba recebe, de 20 a 22 de mar\u00e7o, a terceira edi\u00e7\u00e3o do Encontro de Autores, iniciativa que vem se consolidando como uma alternativa pr\u00e1tica para estimular o h\u00e1bito da leitura entre crian\u00e7as e jovens. A programa\u00e7\u00e3o acontece no espa\u00e7o Encontro da Amaz\u00f4nia, no bairro S\u00e3o Francisco, reunindo escritores independentes, educadores e estudantes em tr\u00eas dias de atividades liter\u00e1rias.<\/p>\n\n\n\n<p>Com foco especial no p\u00fablico escolar, a programa\u00e7\u00e3o da sexta-feira foi estruturada para receber caravanas de estudantes. As crian\u00e7as participam de um circuito de conta\u00e7\u00e3o de hist\u00f3rias, no qual autores apresentam suas narrativas em diferentes ambientes, criando uma experi\u00eancia imersiva e interativa com a literatura.<\/p>\n\n\n\n<p>De acordo com o organizador \u00c9verson Ciriaco, a proposta \u00e9 aproximar o livro da realidade dos alunos. \u201cQuando a crian\u00e7a encontra o autor, a leitura deixa de ser uma obriga\u00e7\u00e3o e passa a ser uma experi\u00eancia viva, pr\u00f3xima e poss\u00edvel\u201d, afirma.<\/p>\n\n\n\n<p>O evento surge em um contexto de preocupa\u00e7\u00e3o com os \u00edndices de leitura no pa\u00eds. Segundo a pesquisa Retratos da Leitura no Brasil, o brasileiro l\u00ea, em m\u00e9dia, menos de tr\u00eas livros por ano, o que refor\u00e7a a import\u00e2ncia de iniciativas que ampliem o acesso e o interesse pela leitura.<\/p>\n\n\n\n<p>Para Ciriaco, a escola desempenha um papel fundamental nesse processo, mas experi\u00eancias fora do ambiente tradicional potencializam o impacto. \u201cA escola \u00e9 o primeiro contato com a literatura, mas quando o aluno vivencia isso de forma pr\u00e1tica, ele cria uma conex\u00e3o emocional com o livro\u201d, destaca.<\/p>\n\n\n\n<p>Al\u00e9m das atividades educativas, os estudantes tamb\u00e9m visitam a feira liter\u00e1ria e t\u00eam a oportunidade de conversar diretamente com os autores, conhecendo o processo criativo e ampliando sua percep\u00e7\u00e3o sobre o universo liter\u00e1rio.<\/p>\n\n\n\n<p>A feira tem entrada gratuita durante os tr\u00eas dias e tamb\u00e9m \u00e9 aberta ao p\u00fablico geral, com programa\u00e7\u00e3o que inclui palestras e participa\u00e7\u00e3o de escritores convidados.<\/p>\n\n\n\n<p>Servi\u00e7o: Encontro de Autores<br>\u00c9verson Ciriaco, organizador<br>41 99554-0624<br>@autoresemcena<br>encontrodeautores@autoresemcena.com.br<br>autoresemcena.com.br<br>Rua Nilo Pe\u00e7anha, 1907, S\u00e3o Francisco, Curitiba \u2013 PR<br>Data: 20, 21 e 22 de mar\u00e7o<\/p>\n","protected":false},"excerpt":{"rendered":"<p>Evento em Curitiba leva estudantes ao encontro de autores e incentiva o h\u00e1bito da leitura Curitiba recebe, de 20 a 22 de mar\u00e7o, a terceira edi\u00e7\u00e3o do Encontro de Autores, iniciativa que vem se consolidando como uma alternativa pr\u00e1tica para estimular o h\u00e1bito da leitura entre crian\u00e7as e jovens. A programa\u00e7\u00e3o acontece no espa\u00e7o Encontro [&hellip;]<\/p>\n","protected":false},"author":1,"featured_media":5558,"comment_status":"open","ping_status":"open","sticky":false,"template":"","format":"standard","meta":{"footnotes":""},"categories":[29],"tags":[],"class_list":["post-5557","post","type-post","status-publish","format-standard","has-post-thumbnail","hentry","category-artigos"],"_links":{"self":[{"href":"https:\/\/diarioparanaense.com\/index.php?rest_route=\/wp\/v2\/posts\/5557","targetHints":{"allow":["GET"]}}],"collection":[{"href":"https:\/\/diarioparanaense.com\/index.php?rest_route=\/wp\/v2\/posts"}],"about":[{"href":"https:\/\/diarioparanaense.com\/index.php?rest_route=\/wp\/v2\/types\/post"}],"author":[{"embeddable":true,"href":"https:\/\/diarioparanaense.com\/index.php?rest_route=\/wp\/v2\/users\/1"}],"replies":[{"embeddable":true,"href":"https:\/\/diarioparanaense.com\/index.php?rest_route=%2Fwp%2Fv2%2Fcomments&post=5557"}],"version-history":[{"count":1,"href":"https:\/\/diarioparanaense.com\/index.php?rest_route=\/wp\/v2\/posts\/5557\/revisions"}],"predecessor-version":[{"id":5559,"href":"https:\/\/diarioparanaense.com\/index.php?rest_route=\/wp\/v2\/posts\/5557\/revisions\/5559"}],"wp:featuredmedia":[{"embeddable":true,"href":"https:\/\/diarioparanaense.com\/index.php?rest_route=\/wp\/v2\/media\/5558"}],"wp:attachment":[{"href":"https:\/\/diarioparanaense.com\/index.php?rest_route=%2Fwp%2Fv2%2Fmedia&parent=5557"}],"wp:term":[{"taxonomy":"category","embeddable":true,"href":"https:\/\/diarioparanaense.com\/index.php?rest_route=%2Fwp%2Fv2%2Fcategories&post=5557"},{"taxonomy":"post_tag","embeddable":true,"href":"https:\/\/diarioparanaense.com\/index.php?rest_route=%2Fwp%2Fv2%2Ftags&post=5557"}],"curies":[{"name":"wp","href":"https:\/\/api.w.org\/{rel}","templated":true}]}}