{"id":5547,"date":"2026-03-11T15:05:15","date_gmt":"2026-03-11T18:05:15","guid":{"rendered":"https:\/\/diarioparanaense.com\/?p=5547"},"modified":"2026-03-11T15:05:16","modified_gmt":"2026-03-11T18:05:16","slug":"influenciadora-denuncia-invasao-de-privacidade-e-venda-ilegal-de-conteudos-intimos-na-internet","status":"publish","type":"post","link":"https:\/\/diarioparanaense.com\/?p=5547","title":{"rendered":"Influenciadora denuncia invas\u00e3o de privacidade e venda ilegal de conte\u00fados \u00edntimos na internet"},"content":{"rendered":"\n<p class=\"has-medium-font-size\">Perfis e pessoas de m\u00e1-f\u00e9 estariam comercializando material \u00edntimo sem autoriza\u00e7\u00e3o da criadora de conte\u00fado, que afirma j\u00e1 buscar medidas legais para identificar os respons\u00e1veis.<\/p>\n\n\n\n<p>A influenciadora digital Saamara Jany Silva Saraiva denunciou recentemente que foi v\u00edtima de uma grave viola\u00e7\u00e3o de privacidade na internet. Segundo ela, pessoas mal-intencionadas teriam invadido seus arquivos pessoais e passaram a divulgar e vender conte\u00fados \u00edntimos sem qualquer autoriza\u00e7\u00e3o.<\/p>\n\n\n\n<p>De acordo com a influenciadora, os materiais estariam sendo comercializados por terceiros em plataformas e perfis n\u00e3o oficiais, utilizando seu nome e sua imagem de forma indevida. Saamara afirma que n\u00e3o possui qualquer liga\u00e7\u00e3o com a venda desse tipo de conte\u00fado e refor\u00e7a que se trata de uma a\u00e7\u00e3o criminosa.<\/p>\n\n\n\n<p>A influenciadora, que possui uma grande base de seguidores nas redes sociais, destacou que construiu sua presen\u00e7a digital com trabalho e dedica\u00e7\u00e3o, e que a situa\u00e7\u00e3o representa n\u00e3o apenas um ataque \u00e0 sua imagem, mas tamb\u00e9m uma viola\u00e7\u00e3o de sua intimidade.<\/p>\n\n\n\n<p>Em comunicado, ela alertou seus seguidores para que n\u00e3o compartilhem ou adquiram esse tipo de material, pois al\u00e9m de ferir sua privacidade, a pr\u00e1tica contribui para a dissemina\u00e7\u00e3o de crimes virtuais.<\/p>\n\n\n\n<p>Casos como esse podem se enquadrar em crimes previstos na legisla\u00e7\u00e3o brasileira, incluindo invas\u00e3o de dispositivos eletr\u00f4nicos e divulga\u00e7\u00e3o de conte\u00fado \u00edntimo sem consentimento, condutas que podem resultar em responsabiliza\u00e7\u00e3o civil e criminal para os envolvidos.<\/p>\n\n\n\n<p>A influenciadora afirma que j\u00e1 est\u00e1 tomando provid\u00eancias para identificar os respons\u00e1veis e retirar os conte\u00fados ilegais da internet. Ela tamb\u00e9m pede o apoio do p\u00fablico para denunciar perfis e p\u00e1ginas que estejam utilizando seu nome para divulgar ou vender esse material de forma indevida.<\/p>\n\n\n\n<p>O caso chama aten\u00e7\u00e3o para os riscos relacionados \u00e0 seguran\u00e7a digital e para a import\u00e2ncia do respeito \u00e0 privacidade na internet, especialmente quando se trata da exposi\u00e7\u00e3o n\u00e3o autorizada de conte\u00fados pessoais.<\/p>\n","protected":false},"excerpt":{"rendered":"<p>Perfis e pessoas de m\u00e1-f\u00e9 estariam comercializando material \u00edntimo sem autoriza\u00e7\u00e3o da criadora de conte\u00fado, que afirma j\u00e1 buscar medidas legais para identificar os respons\u00e1veis. A influenciadora digital Saamara Jany Silva Saraiva denunciou recentemente que foi v\u00edtima de uma grave viola\u00e7\u00e3o de privacidade na internet. Segundo ela, pessoas mal-intencionadas teriam invadido seus arquivos pessoais e [&hellip;]<\/p>\n","protected":false},"author":1,"featured_media":5548,"comment_status":"open","ping_status":"open","sticky":false,"template":"","format":"standard","meta":{"footnotes":""},"categories":[29,138],"tags":[],"class_list":["post-5547","post","type-post","status-publish","format-standard","has-post-thumbnail","hentry","category-artigos","category-internet"],"_links":{"self":[{"href":"https:\/\/diarioparanaense.com\/index.php?rest_route=\/wp\/v2\/posts\/5547","targetHints":{"allow":["GET"]}}],"collection":[{"href":"https:\/\/diarioparanaense.com\/index.php?rest_route=\/wp\/v2\/posts"}],"about":[{"href":"https:\/\/diarioparanaense.com\/index.php?rest_route=\/wp\/v2\/types\/post"}],"author":[{"embeddable":true,"href":"https:\/\/diarioparanaense.com\/index.php?rest_route=\/wp\/v2\/users\/1"}],"replies":[{"embeddable":true,"href":"https:\/\/diarioparanaense.com\/index.php?rest_route=%2Fwp%2Fv2%2Fcomments&post=5547"}],"version-history":[{"count":1,"href":"https:\/\/diarioparanaense.com\/index.php?rest_route=\/wp\/v2\/posts\/5547\/revisions"}],"predecessor-version":[{"id":5549,"href":"https:\/\/diarioparanaense.com\/index.php?rest_route=\/wp\/v2\/posts\/5547\/revisions\/5549"}],"wp:featuredmedia":[{"embeddable":true,"href":"https:\/\/diarioparanaense.com\/index.php?rest_route=\/wp\/v2\/media\/5548"}],"wp:attachment":[{"href":"https:\/\/diarioparanaense.com\/index.php?rest_route=%2Fwp%2Fv2%2Fmedia&parent=5547"}],"wp:term":[{"taxonomy":"category","embeddable":true,"href":"https:\/\/diarioparanaense.com\/index.php?rest_route=%2Fwp%2Fv2%2Fcategories&post=5547"},{"taxonomy":"post_tag","embeddable":true,"href":"https:\/\/diarioparanaense.com\/index.php?rest_route=%2Fwp%2Fv2%2Ftags&post=5547"}],"curies":[{"name":"wp","href":"https:\/\/api.w.org\/{rel}","templated":true}]}}