{"id":5541,"date":"2026-03-09T13:21:06","date_gmt":"2026-03-09T16:21:06","guid":{"rendered":"https:\/\/diarioparanaense.com\/?p=5541"},"modified":"2026-03-09T13:21:08","modified_gmt":"2026-03-09T16:21:08","slug":"alto-giro-e-sabrina-sato-lancam-collab-autoral","status":"publish","type":"post","link":"https:\/\/diarioparanaense.com\/?p=5541","title":{"rendered":"Alto Giro e Sabrina Sato lan\u00e7am collab autoral"},"content":{"rendered":"\n<p class=\"has-medium-font-size\">Mudan\u00e7a de comportamento da mulher moderna ganha destaque nas linhas da Cole\u00e7\u00e3o Outono 2026<\/p>\n\n\n\n<p>No dia 10 de mar\u00e7o, a Alto Giro lan\u00e7a as fam\u00edlias Celeste e Feline, linhas de pe\u00e7as assinadas pela musa e embaixadora da marca Sabrina Sato, marcando o segundo cap\u00edtulo da cole\u00e7\u00e3o Conex\u00e3o Outono 2026. A novidade refor\u00e7a a parceria de sucesso entre a Alto Giro e a apresentadora, propondo uma fus\u00e3o entre corpo, mente e estilo.<\/p>\n\n\n\n<p>Conectadas com o momento, as pe\u00e7as trazem um olhar mais humano, consciente e sensorial sobre o vestir, transformando a moda fitness em uma extens\u00e3o direta da personalidade de Sabrina e do bem-estar contempor\u00e2neo. Os modelos das linhas Celeste e Feline podem ser encontrados, a partir do dia 10, nas lojas f\u00edsicas e no e-commerce da Alto Giro: https:\/\/altogiro.com.br\/.<\/p>\n\n\n\n<p>DNA da Cole\u00e7\u00e3o &#8220;Conex\u00e3o&#8221;<\/p>\n\n\n\n<p>O que antes era restrito ao suor das academias \u2014 o famoso &#8220;look de treino&#8221; \u2014 transbordou para as cal\u00e7adas, escrit\u00f3rios e passarelas. Essa transi\u00e7\u00e3o n\u00e3o foi apenas uma mudan\u00e7a nas roupas, mas sim de comportamento. O conceito de athleisure, uni\u00e3o de athletic (atl\u00e9tico) e leisure (lazer), transformou roupas de academia em itens de moda cotidiana, como leggings, tops, jaquetas oversized e t\u00eanis. A Cole\u00e7\u00e3o Outono 2026 traz o conceito de movimento constante, seja ele f\u00edsico ou emocional, focando no bem-estar e na autenticidade.<\/p>\n\n\n\n<p>Enquanto a Fam\u00edlia Celeste se inclina para uma est\u00e9tica de &#8220;feminilidade em movimento&#8221;, utilizando cores suaves e linhas fluidas para transmitir leveza e harmonia, a Fam\u00edlia Feline aposta no impacto visual do animal print.<\/p>\n\n\n\n<p>A Celeste foca na inova\u00e7\u00e3o t\u00eaxtil e em um visual contempor\u00e2neo ideal para quem busca uma eleg\u00e2ncia discreta. J\u00e1 a Feline destaca a atitude e a for\u00e7a, transformando o b\u00e1sico em algo marcante para quem deseja expressar confian\u00e7a e uma &#8220;eleg\u00e2ncia selvagem&#8221;.<\/p>\n\n\n\n<p>Apesar das identidades visuais opostas, as linhas convergem nos pilares fundamentais da marca, sendo desenhadas para transitar entre o treino e a rotina di\u00e1ria, fugindo do uso exclusivamente esportivo, equilibrando for\u00e7a e feminilidade. Al\u00e9m de Celeste e Feline, no decorrer da cole\u00e7\u00e3o ser\u00e3o apresentadas novas fam\u00edlias, todas com a participa\u00e7\u00e3o direta de Sabrina Sato: Casual, Essentials, Impulso e Vitt\u00e1.<\/p>\n\n\n\n<p class=\"has-medium-font-size\">O olhar de Sabrina Sato<\/p>\n\n\n\n<p>Segundo Vanessa Miho, coordenadora de estilo da Alto Giro, o processo criativo foi marcado pela participa\u00e7\u00e3o ativa de Sabrina, que trouxe refer\u00eancias de sua pr\u00f3pria rotina e experi\u00eancias pessoais. &#8220;Criar a Cole\u00e7\u00e3o Outono 2026 com a Sabrina foi um processo muito pr\u00f3ximo, constru\u00eddo a partir da viv\u00eancia dela com moda, movimento e comunica\u00e7\u00e3o com o p\u00fablico. A Sabrina participa ativamente das decis\u00f5es criativas, sempre trazendo refer\u00eancias do seu estilo, da sua rotina e da forma como entende a mulher de hoje: livre, confiante e em constante movimento. Isso se traduz em pe\u00e7as com informa\u00e7\u00e3o de moda, recortes estrat\u00e9gicos, texturas e detalhes que valorizam o corpo e a express\u00e3o pessoal\u201d, explica.<\/p>\n\n\n\n<p>Vanessa destaca ainda que o cuidado com o vestir e a funcionalidade foram fundamentais para atender \u00e0s necessidades reais da consumidora que vive em ritmo acelerado. \u201cUm ponto muito forte dessa collab \u00e9 o cuidado genu\u00edno da Sabrina com a experi\u00eancia de quem vai usar as pe\u00e7as, principalmente por viver e colocar o corpo em movimento todos os dias. Em todo o desenvolvimento olhamos juntas para conforto, funcionalidade e versatilidade, pensando na mulher real, no dia a dia e nos diferentes momentos de uso. \u00c9 uma cole\u00e7\u00e3o criada para entregar moda com prop\u00f3sito, performance e bem-estar, colocando a consumidora no centro de todas as escolhas&#8221;, finaliza.<\/p>\n\n\n\n<p class=\"has-medium-font-size\">Sobre a Alto Giro<\/p>\n\n\n\n<p>Refer\u00eancia no segmento de moda fitness premium, a Alto Giro tem 42 anos de hist\u00f3ria e nove lojas pr\u00f3prias. Fundada em 1983, a empresa paranaense alia conforto no vestir e alta performance, lan\u00e7ando cole\u00e7\u00f5es assinadas por celebridades como Sabrina Sato e Th\u00e1ssia Naves e atletas renomados do esporte nacional como Andr\u00e9 Baran e Marcela Vita.<\/p>\n","protected":false},"excerpt":{"rendered":"<p>Mudan\u00e7a de comportamento da mulher moderna ganha destaque nas linhas da Cole\u00e7\u00e3o Outono 2026 No dia 10 de mar\u00e7o, a Alto Giro lan\u00e7a as fam\u00edlias Celeste e Feline, linhas de pe\u00e7as assinadas pela musa e embaixadora da marca Sabrina Sato, marcando o segundo cap\u00edtulo da cole\u00e7\u00e3o Conex\u00e3o Outono 2026. A novidade refor\u00e7a a parceria de [&hellip;]<\/p>\n","protected":false},"author":1,"featured_media":5542,"comment_status":"open","ping_status":"open","sticky":false,"template":"","format":"standard","meta":{"footnotes":""},"categories":[29],"tags":[],"class_list":["post-5541","post","type-post","status-publish","format-standard","has-post-thumbnail","hentry","category-artigos"],"_links":{"self":[{"href":"https:\/\/diarioparanaense.com\/index.php?rest_route=\/wp\/v2\/posts\/5541","targetHints":{"allow":["GET"]}}],"collection":[{"href":"https:\/\/diarioparanaense.com\/index.php?rest_route=\/wp\/v2\/posts"}],"about":[{"href":"https:\/\/diarioparanaense.com\/index.php?rest_route=\/wp\/v2\/types\/post"}],"author":[{"embeddable":true,"href":"https:\/\/diarioparanaense.com\/index.php?rest_route=\/wp\/v2\/users\/1"}],"replies":[{"embeddable":true,"href":"https:\/\/diarioparanaense.com\/index.php?rest_route=%2Fwp%2Fv2%2Fcomments&post=5541"}],"version-history":[{"count":1,"href":"https:\/\/diarioparanaense.com\/index.php?rest_route=\/wp\/v2\/posts\/5541\/revisions"}],"predecessor-version":[{"id":5543,"href":"https:\/\/diarioparanaense.com\/index.php?rest_route=\/wp\/v2\/posts\/5541\/revisions\/5543"}],"wp:featuredmedia":[{"embeddable":true,"href":"https:\/\/diarioparanaense.com\/index.php?rest_route=\/wp\/v2\/media\/5542"}],"wp:attachment":[{"href":"https:\/\/diarioparanaense.com\/index.php?rest_route=%2Fwp%2Fv2%2Fmedia&parent=5541"}],"wp:term":[{"taxonomy":"category","embeddable":true,"href":"https:\/\/diarioparanaense.com\/index.php?rest_route=%2Fwp%2Fv2%2Fcategories&post=5541"},{"taxonomy":"post_tag","embeddable":true,"href":"https:\/\/diarioparanaense.com\/index.php?rest_route=%2Fwp%2Fv2%2Ftags&post=5541"}],"curies":[{"name":"wp","href":"https:\/\/api.w.org\/{rel}","templated":true}]}}