{"id":5439,"date":"2026-01-29T16:42:03","date_gmt":"2026-01-29T19:42:03","guid":{"rendered":"https:\/\/diarioparanaense.com\/?p=5439"},"modified":"2026-01-29T16:42:04","modified_gmt":"2026-01-29T19:42:04","slug":"apos-sucesso-autorizado-por-kylie-minogue-barbara-grando-abre-2026-com-o-single-dizendo-sim-pra-mim-pra-deus","status":"publish","type":"post","link":"https:\/\/diarioparanaense.com\/?p=5439","title":{"rendered":"Ap\u00f3s sucesso autorizado por Kylie Minogue, B\u00e1rbara Grando abre 2026 com o single &#8220;Dizendo Sim pra Mim (pra Deus)&#8221;"},"content":{"rendered":"\n<p class=\"has-medium-font-size\"><em>Uma fus\u00e3o de pop eletr\u00f4nico com espiritualidade marca a nova fase da artista, que celebra recorde de ouvintes e prepara seu \u00e1lbum de estreia<\/em><\/p>\n\n\n\n<p class=\"has-text-align-center\"><a href=\"https:\/\/youtu.be\/mjsDI90JXe4?si=6LKVM35LSf4mlc5m\"><strong><em>ASSISTA AO VIDEOCLIPE<\/em><\/strong><\/a><strong><em><\/em><\/strong><\/p>\n\n\n\n<p>Vivendo o momento mais expressivo de sua carreira, <strong>B\u00e1rbara Grando <\/strong>anuncia seu primeiro lan\u00e7amento do ano: &#8220;<strong>Dizendo Sim pra Mim (pra Deus)<\/strong>&#8220;, que chega \u00e0s plataformas digitais nesta sexta-feira (30). A faixa desembarca ap\u00f3s uma sequ\u00eancia de vit\u00f3rias consecutivas para a artista, que j\u00e1 soma mais de 1,4 milh\u00e3o de plays combinados entre <strong>Spotify<\/strong> e <strong>YouTube<\/strong>. O feito foi impulsionado pelo sucesso viral de &#8220;<strong>Can\u2019t Get You Out of My Head<\/strong>&#8220;, faixa que sozinha ultrapassa 330 mil streams. O single, uma colabora\u00e7\u00e3o com a DJ <strong>BRUNA STRAIT<\/strong> e <strong>Hudson Biondo<\/strong>, foi um remake autorizado pessoalmente pela lenda do pop <strong>Kylie Minogue<\/strong>, consolidando o nome de B\u00e1rbara na cena eletr\u00f4nica nacional ao lado de sucessos como &#8220;<strong>SINCERIC\u00cdDIO<\/strong>&#8220;.<\/p>\n\n\n\n<p>Nesta nova etapa, B\u00e1rbara assume publicamente um lado muito mais <strong>conectado com a espiritualidade<\/strong>. Longe de ser apenas um tema l\u00edrico, essa conex\u00e3o tornou-se o motor de sua vida e arte, transformando viv\u00eancias de autoconhecimento em combust\u00edvel criativo para o pop eletr\u00f4nico.<\/p>\n\n\n\n<p>A nova faixa nasceu de um convite especial do est\u00fadio <strong>N\u00e3o Custa Nada Records (NCNREC)<\/strong>, de Curitiba, cidade onde B\u00e1rbara iniciou sua trajet\u00f3ria profissional. A equipe do est\u00fadio, admiradora do trabalho da artista desde 2022, ofereceu a produ\u00e7\u00e3o como um presente.<\/p>\n\n\n\n<p>A inspira\u00e7\u00e3o para a letra veio dias antes, durante uma viagem solit\u00e1ria de carro de Mercedes (PR) \u2014 cidade onde a artista cresceu \u2014 at\u00e9 a capital. O trajeto de 12 horas trouxe <em>insights<\/em> profundos sobre suas origens e processos de autoconhecimento. O resultado foi uma sess\u00e3o de est\u00fadio fluida ao lado do produtor <strong>Rafael Broliani<\/strong> e das compositoras <strong>ANJULHA<\/strong> e <strong>Mara Marques<\/strong>.<\/p>\n\n\n\n<p><em>&#8220;&#8216;Dizendo Sim pra Mim (pra Deus)&#8217; aconteceu muito r\u00e1pido, com exatid\u00e3o e com muita clareza. Consegui expressar na letra da m\u00fasica exatamente o que veio pra mim, sem dificuldade. Sinto que essa \u00e9 uma das minhas m\u00fasicas mais puras e intocadas na forma original que surgiu em minha mente,&#8221;<\/em> explica a cantora. <em>\u201cSinto que respeitei muito a for\u00e7a que decidiu me usar de ve\u00edculo para essa mensagem ser materializada no mundo. Pra mim, \u00e9 uma ora\u00e7\u00e3o. Foi como um \u2018v\u00f4mito divino\u2019, direto da fonte.\u201d, revela a artista.<\/em><\/p>\n\n\n\n<p>Musicalmente, a faixa une o <strong>Pop\/Eletr\u00f4nico<\/strong> divertido a uma l\u00edrica introspectiva, funcionando como uma ora\u00e7\u00e3o e um mantra de liberta\u00e7\u00e3o.<\/p>\n\n\n\n<p><strong>Videoclipe e identidade visual: O &#8220;Sim&#8221; para o prop\u00f3sito<\/strong><\/p>\n","protected":false},"excerpt":{"rendered":"<p>Uma fus\u00e3o de pop eletr\u00f4nico com espiritualidade marca a nova fase da artista, que celebra recorde de ouvintes e prepara seu \u00e1lbum de estreia ASSISTA AO VIDEOCLIPE Vivendo o momento mais expressivo de sua carreira, B\u00e1rbara Grando anuncia seu primeiro lan\u00e7amento do ano: &#8220;Dizendo Sim pra Mim (pra Deus)&#8220;, que chega \u00e0s plataformas digitais nesta [&hellip;]<\/p>\n","protected":false},"author":1,"featured_media":5441,"comment_status":"open","ping_status":"open","sticky":false,"template":"","format":"standard","meta":{"footnotes":""},"categories":[27],"tags":[],"class_list":["post-5439","post","type-post","status-publish","format-standard","has-post-thumbnail","hentry","category-musica"],"_links":{"self":[{"href":"https:\/\/diarioparanaense.com\/index.php?rest_route=\/wp\/v2\/posts\/5439","targetHints":{"allow":["GET"]}}],"collection":[{"href":"https:\/\/diarioparanaense.com\/index.php?rest_route=\/wp\/v2\/posts"}],"about":[{"href":"https:\/\/diarioparanaense.com\/index.php?rest_route=\/wp\/v2\/types\/post"}],"author":[{"embeddable":true,"href":"https:\/\/diarioparanaense.com\/index.php?rest_route=\/wp\/v2\/users\/1"}],"replies":[{"embeddable":true,"href":"https:\/\/diarioparanaense.com\/index.php?rest_route=%2Fwp%2Fv2%2Fcomments&post=5439"}],"version-history":[{"count":1,"href":"https:\/\/diarioparanaense.com\/index.php?rest_route=\/wp\/v2\/posts\/5439\/revisions"}],"predecessor-version":[{"id":5442,"href":"https:\/\/diarioparanaense.com\/index.php?rest_route=\/wp\/v2\/posts\/5439\/revisions\/5442"}],"wp:featuredmedia":[{"embeddable":true,"href":"https:\/\/diarioparanaense.com\/index.php?rest_route=\/wp\/v2\/media\/5441"}],"wp:attachment":[{"href":"https:\/\/diarioparanaense.com\/index.php?rest_route=%2Fwp%2Fv2%2Fmedia&parent=5439"}],"wp:term":[{"taxonomy":"category","embeddable":true,"href":"https:\/\/diarioparanaense.com\/index.php?rest_route=%2Fwp%2Fv2%2Fcategories&post=5439"},{"taxonomy":"post_tag","embeddable":true,"href":"https:\/\/diarioparanaense.com\/index.php?rest_route=%2Fwp%2Fv2%2Ftags&post=5439"}],"curies":[{"name":"wp","href":"https:\/\/api.w.org\/{rel}","templated":true}]}}