{"id":5424,"date":"2026-01-29T10:06:02","date_gmt":"2026-01-29T13:06:02","guid":{"rendered":"https:\/\/diarioparanaense.com\/?p=5424"},"modified":"2026-01-29T10:06:02","modified_gmt":"2026-01-29T13:06:02","slug":"confraria-imobiliaria-de-curitiba-homenageia-raul-fernandez-schuchovsky-e-valoriza-forca-do-setor-na-geracao-de-empregos","status":"publish","type":"post","link":"https:\/\/diarioparanaense.com\/?p=5424","title":{"rendered":"Confraria Imobili\u00e1ria de Curitiba homenageia Raul Fernandez Schuchovsky e valoriza for\u00e7a do setor na gera\u00e7\u00e3o de empregos"},"content":{"rendered":"\n<p>Nesta ter\u00e7a-feira (27), o Ano Imobili\u00e1rio de Curitiba foi oficialmente aberto, em evento realizado no Buffet do Batel reunindo autoridades, lideran\u00e7as do setor e profissionais do mercado imobili\u00e1rio e da constru\u00e7\u00e3o civil. Promovida pela Confraria Imobili\u00e1ria de Curitiba, a noite foi marcada pela homenagem a Raul Fernandez Schuchovsky, fundador e presidente do Conselho de Administra\u00e7\u00e3o da Ademicon, maior administradora independente de cons\u00f3rcios do Brasil em cr\u00e9ditos ativos.<\/p>\n\n\n\n<p>A solenidade teve in\u00edcio com o discurso do prefeito de Curitiba, Eduardo Pimentel, que ressaltou o papel estrat\u00e9gico do mercado imobili\u00e1rio para o desenvolvimento econ\u00f4mico da capital paranaense. \u201cEm 2025 Curitiba foi a cidade que proporcionalmente gerou mais empregos no Brasil, muito por obra de voc\u00eas que est\u00e3o aqui hoje\u201d, afirmou o prefeito, destacando a contribui\u00e7\u00e3o direta dos profissionais e empresas do setor para o crescimento da cidade.<\/p>\n\n\n\n<p>Na sequ\u00eancia, discursou o presidente da Assembleia Legislativa do Paran\u00e1, Alexandre Cury, refor\u00e7ando a import\u00e2ncia do mercado imobili\u00e1rio e da constru\u00e7\u00e3o civil como motores da economia estadual. F\u00e1bio Tadeu Ara\u00fajo, CEO da Brain Intelig\u00eancia Estrat\u00e9gica, fez uma apresenta\u00e7\u00e3o de dados estrat\u00e9gicos, que deixou clara a import\u00e2ncia do setor para a gera\u00e7\u00e3o de empregos. \u201cO Paran\u00e1 teve um crescimento de 320% na gera\u00e7\u00e3o de empregos entre 2015 e 2024, fruto da pujan\u00e7a econ\u00f4mica decorrente da desburocratiza\u00e7\u00e3o e dos investimentos em infraestrutura\u201d.<\/p>\n\n\n\n<p>Marcelo Braga, presidente do Sinduscon-PR, Maria Eug\u00eania Fornea, presidente da ADEMI-PR e Izabel Maestrelli, diretora de Integra\u00e7\u00e3o Feminina do COFECI falaram brevemente sobre a relev\u00e2ncia social e econ\u00f4mica da cadeia produtiva do setor. O presidente do CRECI-PR, Luiz Celso Castegnaro, conduziu um dos momentos mais simb\u00f3licos da noite ao homenagear Raul Fernandez Schuchovsky, relembrando seu in\u00edcio de carreira como corretor de im\u00f3veis.<\/p>\n\n\n\n<p class=\"has-medium-font-size\">Homenagem<\/p>\n\n\n\n<p>O presidente da Confraria Imobili\u00e1ria de Curitiba, Carlos Eduardo Canto, fez um discurso evocando dias melhores, ao som da can\u00e7\u00e3o do grupo Jota Quest. \u201cHoje nos reunimos em torno daquilo que nos move em dire\u00e7\u00e3o ao futuro, que nos ajuda a desenhar o amanh\u00e3 e raz\u00e3o pela qual empreendemos: a inabal\u00e1vel f\u00e9 em dias melhores. A cadeia da constru\u00e7\u00e3o civil move o pa\u00eds, gerando emprego, renda e est\u00e1 consolidada como um dos principais setores da economia hoje\u201d.<\/p>\n\n\n\n<p>No encerramento o homenageado foi surpreendido com a exibi\u00e7\u00e3o de um v\u00eddeo de familiares e amigos. Ele tamb\u00e9m recebeu uma placa comemorativa da Confraria Imobili\u00e1ria de Curitiba pelos relevantes servi\u00e7os prestados ao mercado imobili\u00e1rio. Leonardo Petrelli, presidente executivo do Grupo RIC de Comunica\u00e7\u00e3o, tamb\u00e9m prestou uma homenagem, entregando um buqu\u00ea de flores para Tatiana Schuchovsky e Jussara Schuchovsky, filha e esposa de Raul. \u201cEssa homenagem \u00e9 uma grande honra e uma emo\u00e7\u00e3o muito forte. Comecei no mercado imobili\u00e1rio e tenho um grande reconhecimento por todos que est\u00e3o aqui e ajudaram a moldar quem eu sou\u201d, declarou Raul Fernandez Schuchovsky.<\/p>\n","protected":false},"excerpt":{"rendered":"<p>Nesta ter\u00e7a-feira (27), o Ano Imobili\u00e1rio de Curitiba foi oficialmente aberto, em evento realizado no Buffet do Batel reunindo autoridades, lideran\u00e7as do setor e profissionais do mercado imobili\u00e1rio e da constru\u00e7\u00e3o civil. Promovida pela Confraria Imobili\u00e1ria de Curitiba, a noite foi marcada pela homenagem a Raul Fernandez Schuchovsky, fundador e presidente do Conselho de Administra\u00e7\u00e3o [&hellip;]<\/p>\n","protected":false},"author":1,"featured_media":5425,"comment_status":"open","ping_status":"open","sticky":false,"template":"","format":"standard","meta":{"footnotes":""},"categories":[29,324],"tags":[],"class_list":["post-5424","post","type-post","status-publish","format-standard","has-post-thumbnail","hentry","category-artigos","category-negocios"],"_links":{"self":[{"href":"https:\/\/diarioparanaense.com\/index.php?rest_route=\/wp\/v2\/posts\/5424","targetHints":{"allow":["GET"]}}],"collection":[{"href":"https:\/\/diarioparanaense.com\/index.php?rest_route=\/wp\/v2\/posts"}],"about":[{"href":"https:\/\/diarioparanaense.com\/index.php?rest_route=\/wp\/v2\/types\/post"}],"author":[{"embeddable":true,"href":"https:\/\/diarioparanaense.com\/index.php?rest_route=\/wp\/v2\/users\/1"}],"replies":[{"embeddable":true,"href":"https:\/\/diarioparanaense.com\/index.php?rest_route=%2Fwp%2Fv2%2Fcomments&post=5424"}],"version-history":[{"count":1,"href":"https:\/\/diarioparanaense.com\/index.php?rest_route=\/wp\/v2\/posts\/5424\/revisions"}],"predecessor-version":[{"id":5426,"href":"https:\/\/diarioparanaense.com\/index.php?rest_route=\/wp\/v2\/posts\/5424\/revisions\/5426"}],"wp:featuredmedia":[{"embeddable":true,"href":"https:\/\/diarioparanaense.com\/index.php?rest_route=\/wp\/v2\/media\/5425"}],"wp:attachment":[{"href":"https:\/\/diarioparanaense.com\/index.php?rest_route=%2Fwp%2Fv2%2Fmedia&parent=5424"}],"wp:term":[{"taxonomy":"category","embeddable":true,"href":"https:\/\/diarioparanaense.com\/index.php?rest_route=%2Fwp%2Fv2%2Fcategories&post=5424"},{"taxonomy":"post_tag","embeddable":true,"href":"https:\/\/diarioparanaense.com\/index.php?rest_route=%2Fwp%2Fv2%2Ftags&post=5424"}],"curies":[{"name":"wp","href":"https:\/\/api.w.org\/{rel}","templated":true}]}}