{"id":5423,"date":"2026-01-29T10:08:51","date_gmt":"2026-01-29T13:08:51","guid":{"rendered":"https:\/\/diarioparanaense.com\/?p=5423"},"modified":"2026-01-29T10:09:03","modified_gmt":"2026-01-29T13:09:03","slug":"aprova-parana-universidades-abre-periodo-de-inscricoes-para-candidatos-classificados","status":"publish","type":"post","link":"https:\/\/diarioparanaense.com\/?p=5423","title":{"rendered":"Aprova Paran\u00e1 Universidades abre per\u00edodo de inscri\u00e7\u00f5es para candidatos classificados"},"content":{"rendered":"\n<p>O per\u00edodo de inscri\u00e7\u00f5es no Sistema Aprova Paran\u00e1 Universidades come\u00e7a nesta quinta-feira (29). O programa integra a pol\u00edtica educacional do Estado voltada \u00e0 amplia\u00e7\u00e3o do acesso ao ensino superior p\u00fablico, organizando de forma unificada a disputa por vagas nas institui\u00e7\u00f5es estaduais. Esta etapa \u00e9 destinada aos candidatos que tiveram seus resultados confirmados e que desejam concorrer \u00e0s vagas ofertadas pelas universidades estaduais do Paran\u00e1. Os interessados t\u00eam at\u00e9 o dia 02 de fevereiro para fazerem suas inscri\u00e7\u00f5es.<\/p>\n\n\n\n<p>A participa\u00e7\u00e3o nesta fase \u00e9 obrigat\u00f3ria para que o estudante integre efetivamente o processo seletivo. \u00c9 nesse momento que o candidato deve acessar a plataforma, realizar o cadastro e confirmar o interesse nas vagas, al\u00e9m de indicar e organizar suas op\u00e7\u00f5es de curso e institui\u00e7\u00e3o.<\/p>\n\n\n\n<p>\u201cEsse \u00e9 o maior programa da Rede Estadual do Paran\u00e1 e realiza a inclus\u00e3o de estudantes da rede p\u00fablica nas universidades p\u00fablicas. Com ele vemos esses alunos ocupando mais espa\u00e7os de ensino\u201d, afirma o secret\u00e1rio de Estado da Educa\u00e7\u00e3o do Paran\u00e1, Roni Miranda.<\/p>\n\n\n\n<p>Permitindo que o estudante acompanhe o status da sua classifica\u00e7\u00e3o em tempo real, o sistema de ranking din\u00e2mico \u00e9 atualizado diariamente ao longo do per\u00edodo de inscri\u00e7\u00f5es. Com isso, os participantes conseguem acompanhar a pr\u00f3pria coloca\u00e7\u00e3o e visualizar suas chances de aprova\u00e7\u00e3o conforme as notas e escolhas feitas pelos demais candidatos. Esse acompanhamento permite decis\u00f5es estrat\u00e9gicas, j\u00e1 que as op\u00e7\u00f5es podem ser alteradas durante o prazo.<\/p>\n\n\n\n<p>Al\u00e9m da escolha do curso e da institui\u00e7\u00e3o, \u00e9 importante que o candidato revise todos os dados cadastrados, evitando inconsist\u00eancias que possam comprometer a participa\u00e7\u00e3o. A orienta\u00e7\u00e3o \u00e9 n\u00e3o deixar a inscri\u00e7\u00e3o para os \u00faltimos dias, garantindo tempo para ajustes e corre\u00e7\u00f5es, se necess\u00e1rio.<\/p>\n\n\n\n<p>O ranking \u00e9 atualizado diariamente e as op\u00e7\u00f5es podem ser alteradas dentro do prazo.<\/p>\n\n\n\n<p><strong>COMO SE INSCREVER <\/strong>\u2013 Para realizar a inscri\u00e7\u00e3o, o candidato deve acessar o Sistema Aprova Paran\u00e1 Universidades (<a href=\"https:\/\/aprova.pr.gov.br\/\">https:\/\/aprova.pr.gov.br\/<\/a>) dentro do per\u00edodo estabelecido, fazer login na plataforma com seus dados, conferir as informa\u00e7\u00f5es pessoais j\u00e1 registradas e, em seguida, confirmar o interesse em participar do processo seletivo.<\/p>\n\n\n\n<p>Depois, \u00e9 necess\u00e1rio selecionar e ordenar as op\u00e7\u00f5es de curso e institui\u00e7\u00e3o desejadas, finalizando a inscri\u00e7\u00e3o no pr\u00f3prio sistema. Durante todo o prazo, \u00e9 poss\u00edvel retornar \u00e0 plataforma para acompanhar o ranking, revisar dados e alterar as escolhas, caso necess\u00e1rio.<\/p>\n","protected":false},"excerpt":{"rendered":"<p>O per\u00edodo de inscri\u00e7\u00f5es no Sistema Aprova Paran\u00e1 Universidades come\u00e7a nesta quinta-feira (29). O programa integra a pol\u00edtica educacional do Estado voltada \u00e0 amplia\u00e7\u00e3o do acesso ao ensino superior p\u00fablico, organizando de forma unificada a disputa por vagas nas institui\u00e7\u00f5es estaduais. Esta etapa \u00e9 destinada aos candidatos que tiveram seus resultados confirmados e que desejam [&hellip;]<\/p>\n","protected":false},"author":1,"featured_media":5427,"comment_status":"open","ping_status":"open","sticky":false,"template":"","format":"standard","meta":{"footnotes":""},"categories":[29,425],"tags":[],"class_list":["post-5423","post","type-post","status-publish","format-standard","has-post-thumbnail","hentry","category-artigos","category-parana"],"_links":{"self":[{"href":"https:\/\/diarioparanaense.com\/index.php?rest_route=\/wp\/v2\/posts\/5423","targetHints":{"allow":["GET"]}}],"collection":[{"href":"https:\/\/diarioparanaense.com\/index.php?rest_route=\/wp\/v2\/posts"}],"about":[{"href":"https:\/\/diarioparanaense.com\/index.php?rest_route=\/wp\/v2\/types\/post"}],"author":[{"embeddable":true,"href":"https:\/\/diarioparanaense.com\/index.php?rest_route=\/wp\/v2\/users\/1"}],"replies":[{"embeddable":true,"href":"https:\/\/diarioparanaense.com\/index.php?rest_route=%2Fwp%2Fv2%2Fcomments&post=5423"}],"version-history":[{"count":1,"href":"https:\/\/diarioparanaense.com\/index.php?rest_route=\/wp\/v2\/posts\/5423\/revisions"}],"predecessor-version":[{"id":5428,"href":"https:\/\/diarioparanaense.com\/index.php?rest_route=\/wp\/v2\/posts\/5423\/revisions\/5428"}],"wp:featuredmedia":[{"embeddable":true,"href":"https:\/\/diarioparanaense.com\/index.php?rest_route=\/wp\/v2\/media\/5427"}],"wp:attachment":[{"href":"https:\/\/diarioparanaense.com\/index.php?rest_route=%2Fwp%2Fv2%2Fmedia&parent=5423"}],"wp:term":[{"taxonomy":"category","embeddable":true,"href":"https:\/\/diarioparanaense.com\/index.php?rest_route=%2Fwp%2Fv2%2Fcategories&post=5423"},{"taxonomy":"post_tag","embeddable":true,"href":"https:\/\/diarioparanaense.com\/index.php?rest_route=%2Fwp%2Fv2%2Ftags&post=5423"}],"curies":[{"name":"wp","href":"https:\/\/api.w.org\/{rel}","templated":true}]}}