{"id":5421,"date":"2026-01-29T10:20:37","date_gmt":"2026-01-29T13:20:37","guid":{"rendered":"https:\/\/diarioparanaense.com\/?p=5421"},"modified":"2026-01-29T10:20:38","modified_gmt":"2026-01-29T13:20:38","slug":"savana-celebra-20-anos-e-consolida-operacao-mercedes-benz-com-foco-em-experiencia-completa-e-presenca-estrategica-no-sul-e-sudeste","status":"publish","type":"post","link":"https:\/\/diarioparanaense.com\/?p=5421","title":{"rendered":"Savana celebra 20 anos e consolida opera\u00e7\u00e3o Mercedes-Benz com foco em experi\u00eancia completa e presen\u00e7a estrat\u00e9gica no Sul e Sudeste"},"content":{"rendered":"\n<p class=\"has-medium-font-size\">Integra\u00e7\u00e3o entre atendimento, tecnologia e p\u00f3s-venda impulsiona presen\u00e7a da marca&nbsp;no&nbsp;Paran\u00e1, Santa Catarina e&nbsp;S\u00e3o Paulo<\/p>\n\n\n\n<p>A Savana, concession\u00e1ria Mercedes-Benz do Grupo \u00c1guia Branca, completa 20 anos no dia 3 de fevereiro de 2026, consolidando sua atua\u00e7\u00e3o como parceira estrat\u00e9gica do transporte de cargas e passageiros no Sul e Sudeste do pa\u00eds. A empresa construiu uma trajet\u00f3ria marcada pela confian\u00e7a, proximidade com o cliente e oferta de solu\u00e7\u00f5es que conectam produtos, servi\u00e7os, tecnologia e suporte especializado.\u00a0<\/p>\n\n\n\n<p>Ao longo dessas duas d\u00e9cadas,\u00a0a concession\u00e1ria expandiu e estruturou sua opera\u00e7\u00e3o por meio de\u00a0uma rede de atendimento que alcan\u00e7a 57 cidades no Paran\u00e1, 49 em Santa Catarina e 13 em S\u00e3o Paulo.\u00a0Com lojas em pontos estrat\u00e9gicos e suporte cont\u00ednuo para quem est\u00e1 na estrada, a Savana\u00a0oferece\u00a0caminh\u00f5es extrapesados, \u00f4nibus, vans Sprinter, pe\u00e7as genu\u00ednas, linhas multimarcas e produtos remanufaturados, al\u00e9m de servi\u00e7os de manuten\u00e7\u00e3o preventiva e corretiva.<\/p>\n\n\n\n<p>Segundo\u00a0Eugenio Ramiro, diretor Comercial, a jornada da Savana reflete uma atua\u00e7\u00e3o pautada pelo relacionamento de longo prazo. \u201cNossa hist\u00f3ria foi constru\u00edda com foco nas pessoas, na efici\u00eancia operacional e na confian\u00e7a que clientes e parceiros depositam em n\u00f3s para manter suas opera\u00e7\u00f5es em movimento.\u00a0Por isso, ao longo deste ano,\u00a0vamos\u00a0celebrar com muito orgulho nossa\u00a0trajet\u00f3ria\u201d, afirma.<br>A empresa se destaca pela capilaridade e pela capacidade de atender diferentes perfis de opera\u00e7\u00e3o, sempre respeitando particularidades regionais e priorizando solu\u00e7\u00f5es que ampliam a efici\u00eancia e a rentabilidade do cliente. \u201cEm todas as cidades onde estamos presentes, entregamos o mesmo padr\u00e3o de qualidade, inova\u00e7\u00e3o e compromisso com o desenvolvimento local\u201d, completa\u00a0Eugenio.<\/p>\n\n\n\n<p>A concession\u00e1ria ainda mant\u00e9m classifica\u00e7\u00e3o ouro em todas as unidades nas categorias caminh\u00f5es, \u00f4nibus e vans, al\u00e9m de acumular pr\u00eamios Safira e Diamante concedidos pela\u00a0Mercedes-Benz com destaques para as opera\u00e7\u00f5es de Ponta Grossa (PR), Joinville (SC) e S\u00e3o Jos\u00e9 dos Pinhais (PR). Somam-se a esses resultados o reconhecimento do Banco Mercedes-Benz, certifica\u00e7\u00f5es ESG e socioambientais e premia\u00e7\u00f5es de satisfa\u00e7\u00e3o do cliente, que refor\u00e7am a qualidade do atendimento e do p\u00f3s-venda.<\/p>\n\n\n\n<p class=\"has-medium-font-size\">Refer\u00eancia regional em treinamento Mercedes-Benz<\/p>\n\n\n\n<p>O investimento na capacita\u00e7\u00e3o de profissionais \u00e9 outro pilar da opera\u00e7\u00e3o. A matriz de S\u00e3o Jos\u00e9 dos Pinhais (PR) abriga o \u00fanico Centro de Treinamento Autorizado Mercedes-Benz do Sul do Brasil, respons\u00e1vel pela forma\u00e7\u00e3o de t\u00e9cnicos da pr\u00f3pria concession\u00e1ria, equipes de frotistas e clientes da marca. Com infraestrutura moderna e recursos tecnol\u00f3gicos avan\u00e7ados, o espa\u00e7o fortalece a especializa\u00e7\u00e3o da rede e contribui para a excel\u00eancia nos processos de manuten\u00e7\u00e3o e repara\u00e7\u00e3o.\u00a0<\/p>\n\n\n\n<p><strong>Sobre a Savana<br><\/strong>A Savana integra o Grupo \u00c1guia Branca e \u00e9 especializada na comercializa\u00e7\u00e3o de caminh\u00f5es e ve\u00edculos comerciais da Mercedes-Benz. Com forte presen\u00e7a nos setores de transporte e log\u00edstica, oferece um portf\u00f3lio completo de ve\u00edculos, pe\u00e7as e servi\u00e7os de oficina. Al\u00e9m disso, disponibiliza solu\u00e7\u00f5es em pneus e recapagem, garantindo performance e efici\u00eancia para os clientes do segmento de transporte de cargas.<\/p>\n","protected":false},"excerpt":{"rendered":"<p>Integra\u00e7\u00e3o entre atendimento, tecnologia e p\u00f3s-venda impulsiona presen\u00e7a da marca&nbsp;no&nbsp;Paran\u00e1, Santa Catarina e&nbsp;S\u00e3o Paulo A Savana, concession\u00e1ria Mercedes-Benz do Grupo \u00c1guia Branca, completa 20 anos no dia 3 de fevereiro de 2026, consolidando sua atua\u00e7\u00e3o como parceira estrat\u00e9gica do transporte de cargas e passageiros no Sul e Sudeste do pa\u00eds. A empresa construiu uma trajet\u00f3ria [&hellip;]<\/p>\n","protected":false},"author":1,"featured_media":5431,"comment_status":"open","ping_status":"open","sticky":false,"template":"","format":"standard","meta":{"footnotes":""},"categories":[38,324],"tags":[],"class_list":["post-5421","post","type-post","status-publish","format-standard","has-post-thumbnail","hentry","category-auto","category-negocios"],"_links":{"self":[{"href":"https:\/\/diarioparanaense.com\/index.php?rest_route=\/wp\/v2\/posts\/5421","targetHints":{"allow":["GET"]}}],"collection":[{"href":"https:\/\/diarioparanaense.com\/index.php?rest_route=\/wp\/v2\/posts"}],"about":[{"href":"https:\/\/diarioparanaense.com\/index.php?rest_route=\/wp\/v2\/types\/post"}],"author":[{"embeddable":true,"href":"https:\/\/diarioparanaense.com\/index.php?rest_route=\/wp\/v2\/users\/1"}],"replies":[{"embeddable":true,"href":"https:\/\/diarioparanaense.com\/index.php?rest_route=%2Fwp%2Fv2%2Fcomments&post=5421"}],"version-history":[{"count":1,"href":"https:\/\/diarioparanaense.com\/index.php?rest_route=\/wp\/v2\/posts\/5421\/revisions"}],"predecessor-version":[{"id":5432,"href":"https:\/\/diarioparanaense.com\/index.php?rest_route=\/wp\/v2\/posts\/5421\/revisions\/5432"}],"wp:featuredmedia":[{"embeddable":true,"href":"https:\/\/diarioparanaense.com\/index.php?rest_route=\/wp\/v2\/media\/5431"}],"wp:attachment":[{"href":"https:\/\/diarioparanaense.com\/index.php?rest_route=%2Fwp%2Fv2%2Fmedia&parent=5421"}],"wp:term":[{"taxonomy":"category","embeddable":true,"href":"https:\/\/diarioparanaense.com\/index.php?rest_route=%2Fwp%2Fv2%2Fcategories&post=5421"},{"taxonomy":"post_tag","embeddable":true,"href":"https:\/\/diarioparanaense.com\/index.php?rest_route=%2Fwp%2Fv2%2Ftags&post=5421"}],"curies":[{"name":"wp","href":"https:\/\/api.w.org\/{rel}","templated":true}]}}