{"id":5417,"date":"2026-01-27T17:00:06","date_gmt":"2026-01-27T20:00:06","guid":{"rendered":"https:\/\/diarioparanaense.com\/?p=5417"},"modified":"2026-01-27T17:00:06","modified_gmt":"2026-01-27T20:00:06","slug":"trio-janaju-lanca-o-album-lindeira-e-se-apresenta-no-teatro-rival-dia-29-01","status":"publish","type":"post","link":"https:\/\/diarioparanaense.com\/?p=5417","title":{"rendered":"Trio JANAJU lan\u00e7a o \u00e1lbum \u2018Lindeira\u2019 e se apresenta no Teatro Rival dia 29\/01"},"content":{"rendered":"\n<p class=\"has-text-align-center\">Ou\u00e7a aqui \u201cLindeira\u201d:<\/p>\n\n\n\n<p class=\"has-text-align-center\"><a href=\"https:\/\/bfan.link\/lindeira\">https:\/\/bfan.link\/lindeira<\/a><\/p>\n\n\n\n<p class=\"has-text-align-center\">Assista aqui \u201cL\u00e1 Onde Eu Moro\u201d:<\/p>\n\n\n\n<figure class=\"wp-block-embed is-type-video is-provider-youtube wp-block-embed-youtube wp-embed-aspect-16-9 wp-has-aspect-ratio\"><div class=\"wp-block-embed__wrapper\">\n<iframe loading=\"lazy\" title=\"L\u00e1 Onde Eu Moro\/JANAJU\/Divulga\u00e7\u00e3o\" width=\"696\" height=\"392\" src=\"https:\/\/www.youtube.com\/embed\/Em7muZs_kX0?feature=oembed\" frameborder=\"0\" allow=\"accelerometer; autoplay; clipboard-write; encrypted-media; gyroscope; picture-in-picture; web-share\" referrerpolicy=\"strict-origin-when-cross-origin\" allowfullscreen><\/iframe>\n<\/div><\/figure>\n\n\n\n<p>Formado pelo Maestro Jaime Alem e as cantoras Nair C\u00e2ndia e Jurema de C\u00e2ndia, o trio JANAJU lan\u00e7a em 28 de janeiro o seu primeiro \u00e1lbum, \u2018Lindeira\u2019, juntamente com o videoclipe da faixa \u2018L\u00e1 onde eu moro\u2019. O show de lan\u00e7amento do \u00e1lbum acontece dia 29 de janeiro no Teatro Rival (RJ).<\/p>\n\n\n\n<p>O \u00e1lbum, com dez faixas, passeia por ritmos e estilos variados, cantando a natureza, o amor e, como n\u00e3o poderia deixar de ser, a cr\u00edtica social, bem ao feitio da composi\u00e7\u00f5es de Jaime.<\/p>\n\n\n\n<p>Podemos definir o JANAJU como \u201ca alegria de cantar\u201d, o show \u201cLindeira\u201d \u00e9 pura vibra\u00e7\u00e3o, mesclando m\u00fasicas do \u00e1lbum e can\u00e7\u00f5es conhecidas, real\u00e7ando o timbre vocal harm\u00f4nico e diferenciado do trio.<\/p>\n\n\n\n<p>Os m\u00fasicos que atuam nesse show, al\u00e9m de sua qualidade como instrumentistas, s\u00e3o part\u00edcipes da hist\u00f3ria de Jaime, Nair e Jurema em trabalhos relevantes ao longo de suas carreiras, em grava\u00e7\u00f5es e shows de grandes artistas. S\u00e3o eles: Jurim Moreira-bateria, R\u00f4mulo Gomes-contrabaixo, Reginaldo Vargas-percuss\u00f5es e o maestro Jo\u00e3o Carlos Coutinho-piano e acordeon.<\/p>\n\n\n\n<p>A can\u00e7\u00e3o \u2018Lindeira\u2019, que d\u00e1 nome ao \u00e1lbum, \u00e9 uma feliz parceria de Jaime com a poeta Etel Frota, autora da letra de \u2018Sete Trovas\u2019, sucesso na voz de Maria Beth\u00e2nia.<\/p>\n\n\n\n<p>Paulo Cezar Pinheiro, que dispensa apresenta\u00e7\u00f5es, escreveu a letra da \u201cCatira do Pinheiro\u201d, apresentada no show no formato de atira tradicional, com violas, palmas e sapateado.<\/p>\n\n\n\n<p>\u201cNosso jardim\u201d, assim eu costumo definir o conjunto de m\u00fasicas desse trabalho, um jardim cujas sementes remontam \u00e0 minha adolesc\u00eancia e juventude, as can\u00e7\u00f5es da mem\u00f3ria afetiva e as novas cepas musicais, novas parcerias, Etel Frota e Paulo Cezar Pinheiro especialmente; e o principal, cantar e tocar. Eu sempre fiz isso, mas n\u00e3o com a intensidade de agora\u201d, comenta um empolgado Jaime Alem.<\/p>\n\n\n\n<p>Algumas can\u00e7\u00f5es do \u00e1lbum s\u00e3o resgates da juventude de Jaime, que, em sua pr\u00f3pria avalia\u00e7\u00e3o, externam sentimentos universais e exploram temas que continuam atuais.<\/p>\n\n\n\n<p>\u201cDesde que eu e o Jaime gravamos nosso primeiro LP \u201cJaime e Nair\u201d, me coloco como solista, como int\u00e9rprete; mesmo tendo trabalhado como backing vocal em shows e discos de Beth\u00e2nia, Beto Guedes e Elba Ramalho. Tenho o meu disco solo \u2018Can\u00e7\u00e3o de um outro dia\u2019 nas plataformas digitais. Agora, junto com a mana Jurema surge a oportunidade de desenvolver um trabalho com \u00eanfase nos vocais e explorar nosso timbre, que vem de fam\u00edlia. \u00c9 mais uma virada na minha carreira. Felicidade define tudo\u201d, define Nair C\u00e2ndia.<\/p>\n\n\n\n<p>A cria\u00e7\u00e3o do trio \u00e9 decorr\u00eancia natural dos la\u00e7os entre os tr\u00eas profissionais e dos pedidos de amigos que frequentavam os saraus na casa do maestro, em Santa Teresa-Rio de Janeiro, onde eram apresentadas obra autorais de Jaime, as can\u00e7\u00f5es da dupla Jaime e Nair e, com a participa\u00e7\u00e3o de Jurema de C\u00e2ndia, um repert\u00f3rio universal das d\u00e9cadas de 60\/70 at\u00e9 os dias de hoje, incluindo covers de Beatles, Mama &amp; Papas, Mutantes, Edu Lobo, Caetano, Gil, Milton Nascimento e at\u00e9 mesmo modas de viola.<\/p>\n\n\n\n<p>&#8220;Eu sempre trabalhei como vocalista com grandes artistas, Tim Maia, Martinho da Vila, Maria Beth\u00e2nia, e tenho a honra de fazer parte do show de Roberto Carlos; por\u00e9m antes disso fui crooner de orquestras de baile, um dos melhores aprendizados que um m\u00fasico poderia ter. O JANAJU \u00e9 um divisor de \u00e1guas, a oportunidade de fazer o vocal que sempre fiz abrindo vozes, \u00e0s vezes em contralto, \u00e0s vezes soprano, e posso tamb\u00e9m explorar a minha voz em momentos solos. \u00c9 a realiza\u00e7\u00e3o de um sonho\u201d, conclui Jurema de C\u00e2ndia.<\/p>\n\n\n\n<p>Servi\u00e7o:<\/p>\n\n\n\n<p>Show de lan\u00e7amento do \u00e1lbum &#8216;Lindeira&#8217;<\/p>\n\n\n\n<p>Maestro Jaime Alem e trio JANAJU<\/p>\n\n\n\n<p>Teatro RIVAL Petrobr\u00e1s<\/p>\n\n\n\n<p>29 de Janeiro<\/p>\n\n\n\n<p>Quinta-feira 19h30<\/p>\n\n\n\n<p>Participantes:<\/p>\n\n\n\n<p>Trio JANAJU<\/p>\n\n\n\n<p>Jaime Alem: viol\u00e3o e voz<\/p>\n\n\n\n<p>Nair C\u00e2ndia: voz<\/p>\n\n\n\n<p>Jurema de C\u00e2ndia: voz<\/p>\n\n\n\n<p>M\u00fasicos:<\/p>\n\n\n\n<p>Jo\u00e3o Carlos Coutinho: teclado e acordeon<\/p>\n\n\n\n<p>Jurim Moreira: bateria<\/p>\n\n\n\n<p>R\u00f4mulo Gomes: Contrabaixo ac\u00fastico e el\u00e9trico<\/p>\n\n\n\n<p>Reginaldo Vargas: Percuss\u00e3o<\/p>\n","protected":false},"excerpt":{"rendered":"<p>Ou\u00e7a aqui \u201cLindeira\u201d: https:\/\/bfan.link\/lindeira Assista aqui \u201cL\u00e1 Onde Eu Moro\u201d: Formado pelo Maestro Jaime Alem e as cantoras Nair C\u00e2ndia e Jurema de C\u00e2ndia, o trio JANAJU lan\u00e7a em 28 de janeiro o seu primeiro \u00e1lbum, \u2018Lindeira\u2019, juntamente com o videoclipe da faixa \u2018L\u00e1 onde eu moro\u2019. O show de lan\u00e7amento do \u00e1lbum acontece dia [&hellip;]<\/p>\n","protected":false},"author":1,"featured_media":5418,"comment_status":"open","ping_status":"open","sticky":false,"template":"","format":"standard","meta":{"footnotes":""},"categories":[27],"tags":[],"class_list":["post-5417","post","type-post","status-publish","format-standard","has-post-thumbnail","hentry","category-musica"],"_links":{"self":[{"href":"https:\/\/diarioparanaense.com\/index.php?rest_route=\/wp\/v2\/posts\/5417","targetHints":{"allow":["GET"]}}],"collection":[{"href":"https:\/\/diarioparanaense.com\/index.php?rest_route=\/wp\/v2\/posts"}],"about":[{"href":"https:\/\/diarioparanaense.com\/index.php?rest_route=\/wp\/v2\/types\/post"}],"author":[{"embeddable":true,"href":"https:\/\/diarioparanaense.com\/index.php?rest_route=\/wp\/v2\/users\/1"}],"replies":[{"embeddable":true,"href":"https:\/\/diarioparanaense.com\/index.php?rest_route=%2Fwp%2Fv2%2Fcomments&post=5417"}],"version-history":[{"count":1,"href":"https:\/\/diarioparanaense.com\/index.php?rest_route=\/wp\/v2\/posts\/5417\/revisions"}],"predecessor-version":[{"id":5419,"href":"https:\/\/diarioparanaense.com\/index.php?rest_route=\/wp\/v2\/posts\/5417\/revisions\/5419"}],"wp:featuredmedia":[{"embeddable":true,"href":"https:\/\/diarioparanaense.com\/index.php?rest_route=\/wp\/v2\/media\/5418"}],"wp:attachment":[{"href":"https:\/\/diarioparanaense.com\/index.php?rest_route=%2Fwp%2Fv2%2Fmedia&parent=5417"}],"wp:term":[{"taxonomy":"category","embeddable":true,"href":"https:\/\/diarioparanaense.com\/index.php?rest_route=%2Fwp%2Fv2%2Fcategories&post=5417"},{"taxonomy":"post_tag","embeddable":true,"href":"https:\/\/diarioparanaense.com\/index.php?rest_route=%2Fwp%2Fv2%2Ftags&post=5417"}],"curies":[{"name":"wp","href":"https:\/\/api.w.org\/{rel}","templated":true}]}}