{"id":5402,"date":"2026-01-15T13:22:03","date_gmt":"2026-01-15T16:22:03","guid":{"rendered":"https:\/\/diarioparanaense.com\/?p=5402"},"modified":"2026-01-15T13:22:04","modified_gmt":"2026-01-15T16:22:04","slug":"amigos-do-hc-recebem-calouros-da-ufpr-com-acao-solidaria-no-banho-de-lama","status":"publish","type":"post","link":"https:\/\/diarioparanaense.com\/?p=5402","title":{"rendered":"Amigos do HC recebem calouros da UFPR com a\u00e7\u00e3o solid\u00e1ria no banho de lama"},"content":{"rendered":"\n<p class=\"has-medium-font-size\">Novos alunos poder\u00e3o adquirir produtos oficiais da universidade e ajudar projetos sociais mantidos pela Associa\u00e7\u00e3o<\/p>\n\n\n\n<p>O resultado do vestibular de ver\u00e3o 2026 da Universidade Federal do Paran\u00e1 ser\u00e1 divulgado nesta sexta-feira (16) e os aprovados est\u00e3o convidados a comemorar no tradicional banho de lama, no Setor de Ci\u00eancias Agr\u00e1rias da UFPR. O evento come\u00e7a \u00e0s 12h e \u00e9 aberto a candidatos, amigos e familiares. A lista de aprovados estar\u00e1 dispon\u00edvel tanto no local, quanto no site do N\u00facleo de Concursos da UFPR.<\/p>\n\n\n\n<p>Neste ano, o banho de lama contar\u00e1 com uma mobiliza\u00e7\u00e3o solid\u00e1ria dos Amigos do HC, que estar\u00e3o presentes com um estande de produtos licenciados da UFPR: moletons, camisetas e ecobags, al\u00e9m da linha solid\u00e1ria da pr\u00f3pria Associa\u00e7\u00e3o, com squeezes, cadernos e moleskines. O estande vai funcionar a partir das 12h e todos os valores arrecadados com as vendas ser\u00e3o destinados para as causas sociais mantidas pelos Amigos do HC.<\/p>\n\n\n\n<p>A presen\u00e7a da Associa\u00e7\u00e3o ganha destaque em um ano hist\u00f3rico para a UFPR, que registrou 39.565 inscritos no concurso vestibular, o maior n\u00famero desde 2019. Entre os mais de nove mil candidatos que chegaram \u00e0 segunda fase, os calouros das 5.313 vagas oferecidas ter\u00e3o a oportunidade de transformar a alegria da aprova\u00e7\u00e3o em impacto social positivo, por meio do apoio ao Hospital de Cl\u00ednicas.<\/p>\n\n\n\n<p>Sobre a Associa\u00e7\u00e3o dos Amigos do HC<\/p>\n\n\n\n<p>Os Amigos do HC s\u00e3o uma Organiza\u00e7\u00e3o da Sociedade Civil (OSC) sem fins lucrativos, que h\u00e1 quase 40 anos atua na defesa de direitos e promo\u00e7\u00e3o da sa\u00fade. Seu compromisso consiste em melhorar a qualidade do atendimento aos pacientes SUS, familiares e acompanhantes do Complexo Hospital de Cl\u00ednicas da UFPR.<\/p>\n\n\n\n<p>Desde 2016, tamb\u00e9m prestam assist\u00eancia interdisciplinar para crian\u00e7as e adolescentes v\u00edtimas de viol\u00eancias graves e grav\u00edssimas por meio do Programa DEDICA \u2013 Defesa dos Direitos da Crian\u00e7a e do Adolescente. Em 2024, ampliaram a atua\u00e7\u00e3o na prote\u00e7\u00e3o dos direitos da crian\u00e7a e do adolescente com o lan\u00e7amento do Programa PROTEGER, que passou a oferecer em Paranagu\u00e1 o mesmo modelo de atendimento interdisciplinar realizado pelo DEDICA, em Curitiba. Al\u00e9m disso, desde 2021 mant\u00e9m o Programa CEDIVIDA \u2013 Centro de Direitos \u00e0 Vida da Pessoa Idosa, ampliando a atua\u00e7\u00e3o para a causa do envelhecimento digno.<\/p>\n\n\n\n<p class=\"has-medium-font-size\">Servi\u00e7o:<\/p>\n\n\n\n<p>Banho de Lama \u2013 UFPR<br>Local: Setor de Ci\u00eancias Agr\u00e1rias da UFPR<br>Endere\u00e7o: R. dos Funcion\u00e1rios, 1540 \u2013 Juvev\u00ea<br>Hor\u00e1rio: a partir das 12h<\/p>\n","protected":false},"excerpt":{"rendered":"<p>Novos alunos poder\u00e3o adquirir produtos oficiais da universidade e ajudar projetos sociais mantidos pela Associa\u00e7\u00e3o O resultado do vestibular de ver\u00e3o 2026 da Universidade Federal do Paran\u00e1 ser\u00e1 divulgado nesta sexta-feira (16) e os aprovados est\u00e3o convidados a comemorar no tradicional banho de lama, no Setor de Ci\u00eancias Agr\u00e1rias da UFPR. O evento come\u00e7a \u00e0s [&hellip;]<\/p>\n","protected":false},"author":1,"featured_media":5403,"comment_status":"open","ping_status":"open","sticky":false,"template":"","format":"standard","meta":{"footnotes":""},"categories":[29,424],"tags":[],"class_list":["post-5402","post","type-post","status-publish","format-standard","has-post-thumbnail","hentry","category-artigos","category-curitiba"],"_links":{"self":[{"href":"https:\/\/diarioparanaense.com\/index.php?rest_route=\/wp\/v2\/posts\/5402","targetHints":{"allow":["GET"]}}],"collection":[{"href":"https:\/\/diarioparanaense.com\/index.php?rest_route=\/wp\/v2\/posts"}],"about":[{"href":"https:\/\/diarioparanaense.com\/index.php?rest_route=\/wp\/v2\/types\/post"}],"author":[{"embeddable":true,"href":"https:\/\/diarioparanaense.com\/index.php?rest_route=\/wp\/v2\/users\/1"}],"replies":[{"embeddable":true,"href":"https:\/\/diarioparanaense.com\/index.php?rest_route=%2Fwp%2Fv2%2Fcomments&post=5402"}],"version-history":[{"count":1,"href":"https:\/\/diarioparanaense.com\/index.php?rest_route=\/wp\/v2\/posts\/5402\/revisions"}],"predecessor-version":[{"id":5404,"href":"https:\/\/diarioparanaense.com\/index.php?rest_route=\/wp\/v2\/posts\/5402\/revisions\/5404"}],"wp:featuredmedia":[{"embeddable":true,"href":"https:\/\/diarioparanaense.com\/index.php?rest_route=\/wp\/v2\/media\/5403"}],"wp:attachment":[{"href":"https:\/\/diarioparanaense.com\/index.php?rest_route=%2Fwp%2Fv2%2Fmedia&parent=5402"}],"wp:term":[{"taxonomy":"category","embeddable":true,"href":"https:\/\/diarioparanaense.com\/index.php?rest_route=%2Fwp%2Fv2%2Fcategories&post=5402"},{"taxonomy":"post_tag","embeddable":true,"href":"https:\/\/diarioparanaense.com\/index.php?rest_route=%2Fwp%2Fv2%2Ftags&post=5402"}],"curies":[{"name":"wp","href":"https:\/\/api.w.org\/{rel}","templated":true}]}}