{"id":5396,"date":"2026-01-14T17:25:25","date_gmt":"2026-01-14T20:25:25","guid":{"rendered":"https:\/\/diarioparanaense.com\/?p=5396"},"modified":"2026-01-14T17:25:26","modified_gmt":"2026-01-14T20:25:26","slug":"como-reorganizar-vinculos-familiares-apos-as-festas-e-o-inicio-de-um-novo-ano","status":"publish","type":"post","link":"https:\/\/diarioparanaense.com\/?p=5396","title":{"rendered":"Como reorganizar v\u00ednculos familiares ap\u00f3s as festas e o in\u00edcio de um novo ano"},"content":{"rendered":"\n<p>Ajustar expectativas, exercitar a escuta e compreender que nem tudo precisa ser resolvido imediatamente s\u00e3o passos importantes para come\u00e7ar bem 2026<\/p>\n\n\n\n<p>O come\u00e7o do ano costuma ser marcado por promessas de mudan\u00e7a, metas pessoais e reorganiza\u00e7\u00e3o da rotina. No entanto, ap\u00f3s o conv\u00edvio intenso das festas de fim de ano, janeiro tamb\u00e9m pode se tornar um per\u00edodo emocionalmente delicado para muitas fam\u00edlias. Conflitos antigos, expectativas frustradas e padr\u00f5es de relacionamento que pareciam adormecidos tendem a surgir com mais for\u00e7a nesse momento.<\/p>\n\n\n\n<p>Segundo a psic\u00f3loga sist\u00eamica familiar Cris Aguiar, autora do livro \u201cNingu\u00e9m quer ser Madrasta!\u201d, \u00e9 comum que as pessoas associem o come\u00e7o do ano \u00e0 necessidade de resolver tudo de uma vez, inclusive quest\u00f5es emocionais complexas. \u201cO in\u00edcio do ano n\u00e3o precisa ser o momento de colocar todas as pend\u00eancias familiares na mesa. For\u00e7ar conversas profundas logo ap\u00f3s as festas pode aumentar a tens\u00e3o. Respeitar o tempo de cada um tamb\u00e9m \u00e9 cuidado\u201d, explica.<\/p>\n\n\n\n<p>A especialista ressalta que o retorno \u00e0 rotina, somado \u00e0s cobran\u00e7as internas e externas t\u00edpicas de janeiro, cria um ambiente prop\u00edcio ao desgaste emocional. \u201cJaneiro traz consigo metas, cobran\u00e7as e expectativas. Limites n\u00e3o precisam ser r\u00edgidos, mas precisam ser claros. Dizer \u2018n\u00e3o posso agora\u2019 ou \u2018prefiro falar sobre isso depois\u2019 evita desgastes maiores\u201d, orienta Cris.<\/p>\n\n\n\n<p>Sob a \u00f3tica da psicologia sist\u00eamica familiar, esse per\u00edodo evidencia ciclos e din\u00e2micas que se repetem ao longo do tempo, muitas vezes de forma inconsciente. A boa not\u00edcia \u00e9 que pequenas mudan\u00e7as de postura podem gerar impactos positivos significativos nas rela\u00e7\u00f5es. Ajustar expectativas, exercitar a escuta e compreender que nem tudo precisa ser resolvido imediatamente s\u00e3o passos importantes para um recome\u00e7o mais saud\u00e1vel.<\/p>\n\n\n\n<p>Para Cris Aguiar, reorganizar v\u00ednculos familiares n\u00e3o significa evitar conflitos, mas aprender a lidar com eles de maneira mais respeitosa e consciente. \u201cO come\u00e7o do ano pode ser um convite para observar padr\u00f5es, rever combinados e fortalecer rela\u00e7\u00f5es, sem pressa e sem imposi\u00e7\u00f5es\u201d, conclui.<\/p>\n","protected":false},"excerpt":{"rendered":"<p>Ajustar expectativas, exercitar a escuta e compreender que nem tudo precisa ser resolvido imediatamente s\u00e3o passos importantes para come\u00e7ar bem 2026 O come\u00e7o do ano costuma ser marcado por promessas de mudan\u00e7a, metas pessoais e reorganiza\u00e7\u00e3o da rotina. No entanto, ap\u00f3s o conv\u00edvio intenso das festas de fim de ano, janeiro tamb\u00e9m pode se tornar [&hellip;]<\/p>\n","protected":false},"author":1,"featured_media":5397,"comment_status":"open","ping_status":"open","sticky":false,"template":"","format":"standard","meta":{"footnotes":""},"categories":[29],"tags":[],"class_list":["post-5396","post","type-post","status-publish","format-standard","has-post-thumbnail","hentry","category-artigos"],"_links":{"self":[{"href":"https:\/\/diarioparanaense.com\/index.php?rest_route=\/wp\/v2\/posts\/5396","targetHints":{"allow":["GET"]}}],"collection":[{"href":"https:\/\/diarioparanaense.com\/index.php?rest_route=\/wp\/v2\/posts"}],"about":[{"href":"https:\/\/diarioparanaense.com\/index.php?rest_route=\/wp\/v2\/types\/post"}],"author":[{"embeddable":true,"href":"https:\/\/diarioparanaense.com\/index.php?rest_route=\/wp\/v2\/users\/1"}],"replies":[{"embeddable":true,"href":"https:\/\/diarioparanaense.com\/index.php?rest_route=%2Fwp%2Fv2%2Fcomments&post=5396"}],"version-history":[{"count":1,"href":"https:\/\/diarioparanaense.com\/index.php?rest_route=\/wp\/v2\/posts\/5396\/revisions"}],"predecessor-version":[{"id":5398,"href":"https:\/\/diarioparanaense.com\/index.php?rest_route=\/wp\/v2\/posts\/5396\/revisions\/5398"}],"wp:featuredmedia":[{"embeddable":true,"href":"https:\/\/diarioparanaense.com\/index.php?rest_route=\/wp\/v2\/media\/5397"}],"wp:attachment":[{"href":"https:\/\/diarioparanaense.com\/index.php?rest_route=%2Fwp%2Fv2%2Fmedia&parent=5396"}],"wp:term":[{"taxonomy":"category","embeddable":true,"href":"https:\/\/diarioparanaense.com\/index.php?rest_route=%2Fwp%2Fv2%2Fcategories&post=5396"},{"taxonomy":"post_tag","embeddable":true,"href":"https:\/\/diarioparanaense.com\/index.php?rest_route=%2Fwp%2Fv2%2Ftags&post=5396"}],"curies":[{"name":"wp","href":"https:\/\/api.w.org\/{rel}","templated":true}]}}