{"id":5392,"date":"2026-01-12T13:39:49","date_gmt":"2026-01-12T16:39:49","guid":{"rendered":"https:\/\/diarioparanaense.com\/?p=5392"},"modified":"2026-01-12T13:39:50","modified_gmt":"2026-01-12T16:39:50","slug":"luiz-claudio-giuliano-levam-sucessos-ao-palco-do-verao-maior-parana-em-pontal-do-parana","status":"publish","type":"post","link":"https:\/\/diarioparanaense.com\/?p=5392","title":{"rendered":"Luiz Cl\u00e1udio &amp; Giuliano levam sucessos ao palco do \u2018Ver\u00e3o Maior Paran\u00e1\u2019 em Pontal do Paran\u00e1"},"content":{"rendered":"\n<p>O Ver\u00e3o Maior Paran\u00e1, um dos eventos mais aguardados da temporada no litoral do estado, recebe no dia 17 de janeiro o show de Luiz Cl\u00e1udio &amp; Giuliano, em Pontal do Paran\u00e1 (PR). A apresenta\u00e7\u00e3o integra a programa\u00e7\u00e3o oficial do projeto, que re\u00fane milhares de pessoas e se consolida como um dos maiores eventos culturais e musicais da regi\u00e3o durante o ver\u00e3o.<\/p>\n\n\n\n<p>Vivendo uma nova fase art\u00edstica, Luiz Cl\u00e1udio &amp; Giuliano sobem ao palco levando um repert\u00f3rio marcado por can\u00e7\u00f5es que atravessam a trajet\u00f3ria da dupla e seguem fortes junto ao p\u00fablico. No setlist, sucessos como \u201cMeu Segredo\u201d, \u201cMeia Noite e Meia\u201d, \u201cTr\u00e2nsito Parado\u201d e \u201cFoi Covardia\u201d prometem embalar a plateia em uma noite de muita m\u00fasica e energia.<\/p>\n\n\n\n<p>Para os artistas, fazer parte da programa\u00e7\u00e3o do Ver\u00e3o Maior Paran\u00e1 tem um significado especial. \u201c\u00c9 uma alegria enorme estar em um evento desse tamanho, t\u00e3o esperado pelo p\u00fablico e que representa o ver\u00e3o. A gente chega com muita gratid\u00e3o e vontade de viver esse momento junto com todo mundo\u201d, destacam Luiz Cl\u00e1udio &amp; Giuliano.<\/p>\n\n\n\n<p>Al\u00e9m da intensa agenda de shows, a dupla tamb\u00e9m segue focada nos pr\u00f3ximos passos da carreira. Luiz Cl\u00e1udio &amp; Giuliano se preparam para a grava\u00e7\u00e3o do videoclipe de uma can\u00e7\u00e3o in\u00e9dita e do DVD \u201cAo Vivo \u00e9 Covardia\u201d, projeto audiovisual previsto para as primeiras semanas de 2026 e que marca oficialmente essa nova fase art\u00edstica.<\/p>\n","protected":false},"excerpt":{"rendered":"<p>O Ver\u00e3o Maior Paran\u00e1, um dos eventos mais aguardados da temporada no litoral do estado, recebe no dia 17 de janeiro o show de Luiz Cl\u00e1udio &amp; Giuliano, em Pontal do Paran\u00e1 (PR). A apresenta\u00e7\u00e3o integra a programa\u00e7\u00e3o oficial do projeto, que re\u00fane milhares de pessoas e se consolida como um dos maiores eventos culturais [&hellip;]<\/p>\n","protected":false},"author":1,"featured_media":5393,"comment_status":"open","ping_status":"open","sticky":false,"template":"","format":"standard","meta":{"footnotes":""},"categories":[27],"tags":[],"class_list":["post-5392","post","type-post","status-publish","format-standard","has-post-thumbnail","hentry","category-musica"],"_links":{"self":[{"href":"https:\/\/diarioparanaense.com\/index.php?rest_route=\/wp\/v2\/posts\/5392","targetHints":{"allow":["GET"]}}],"collection":[{"href":"https:\/\/diarioparanaense.com\/index.php?rest_route=\/wp\/v2\/posts"}],"about":[{"href":"https:\/\/diarioparanaense.com\/index.php?rest_route=\/wp\/v2\/types\/post"}],"author":[{"embeddable":true,"href":"https:\/\/diarioparanaense.com\/index.php?rest_route=\/wp\/v2\/users\/1"}],"replies":[{"embeddable":true,"href":"https:\/\/diarioparanaense.com\/index.php?rest_route=%2Fwp%2Fv2%2Fcomments&post=5392"}],"version-history":[{"count":1,"href":"https:\/\/diarioparanaense.com\/index.php?rest_route=\/wp\/v2\/posts\/5392\/revisions"}],"predecessor-version":[{"id":5394,"href":"https:\/\/diarioparanaense.com\/index.php?rest_route=\/wp\/v2\/posts\/5392\/revisions\/5394"}],"wp:featuredmedia":[{"embeddable":true,"href":"https:\/\/diarioparanaense.com\/index.php?rest_route=\/wp\/v2\/media\/5393"}],"wp:attachment":[{"href":"https:\/\/diarioparanaense.com\/index.php?rest_route=%2Fwp%2Fv2%2Fmedia&parent=5392"}],"wp:term":[{"taxonomy":"category","embeddable":true,"href":"https:\/\/diarioparanaense.com\/index.php?rest_route=%2Fwp%2Fv2%2Fcategories&post=5392"},{"taxonomy":"post_tag","embeddable":true,"href":"https:\/\/diarioparanaense.com\/index.php?rest_route=%2Fwp%2Fv2%2Ftags&post=5392"}],"curies":[{"name":"wp","href":"https:\/\/api.w.org\/{rel}","templated":true}]}}