{"id":5363,"date":"2025-12-15T13:51:48","date_gmt":"2025-12-15T16:51:48","guid":{"rendered":"https:\/\/diarioparanaense.com\/?p=5363"},"modified":"2025-12-15T13:51:49","modified_gmt":"2025-12-15T16:51:49","slug":"reta-final-amigos-do-hc-recebem-doacoes-de-empresas-e-pessoas-juridicas","status":"publish","type":"post","link":"https:\/\/diarioparanaense.com\/?p=5363","title":{"rendered":"Reta final: Amigos do HC recebem doa\u00e7\u00f5es de empresas e pessoas jur\u00eddicas"},"content":{"rendered":"\n<p class=\"has-medium-font-size\">Contribuintes podem destinar o IRPJ devido at\u00e9 o dia 31 de dezembro<\/p>\n\n\n\n<p>A Associa\u00e7\u00e3o dos Amigos do HC, refer\u00eancia em capta\u00e7\u00e3o de recursos para programas pr\u00f3prios e projetos mantidos por parceiros, est\u00e1 entre as institui\u00e7\u00f5es que podem ser beneficiadas com a doa\u00e7\u00e3o do IRPJ, imposto de renda pessoa jur\u00eddica. Dentre os programas contemplados est\u00e3o: PROTEGER, DEDICA e CEDIVIDA, todos de alto impacto social. O prazo limite para a destina\u00e7\u00e3o do imposto devido \u00e9 o dia 31 de dezembro.<\/p>\n\n\n\n<p>Para atender as empresas que t\u00eam a inten\u00e7\u00e3o, mas ainda n\u00e3o realizaram suas doa\u00e7\u00f5es, a Associa\u00e7\u00e3o far\u00e1 plant\u00e3o nos dias 22, 23, 26, 29 e 30 de dezembro, das 8h30 \u00e0s 17h30. As empresas interessadas em destinar parte do imposto de renda poder\u00e3o entrar em contato com a equipe dos Amigos do HC por meio do e-mail relacionamento@amigosdohc.org.br ou pelos telefones (41) 98716-7074, (41) 98821-0925 e (41) 99164-7247. Os n\u00fameros tamb\u00e9m funcionam como WhatsApp.<\/p>\n\n\n\n<p>\u201cOs Amigos do HC atuam diretamente para melhorar a estrutura e a qualidade do atendimento no Hospital de Cl\u00ednicas, al\u00e9m de promover programas de alcance social. O apoio financeiro \u00e9 essencial para que a Associa\u00e7\u00e3o forne\u00e7a a assist\u00eancia necess\u00e1ria aos pacientes e \u00e0 comunidade atendida por seus projetos\u201d, afirma Domingos Murta, presidente dos Amigos do HC.<\/p>\n\n\n\n<p>Os programas pr\u00f3prios beneficiados s\u00e3o: DEDICA, CEDIVIDA e PROTEGER. Os projetos parceiros s\u00e3o: Despertando Sorrisos, Vital+, Oficinas para o Futuro, Cores Fora da Tela, Flores de Maudie, Viver N\u00e3o Tem Idade, Um Novo Cap\u00edtulo, \u00d3pera Studio e Concerto Origens. Os detalhes de cada programa e projeto e como doar est\u00e3o dispon\u00edveis no site https:\/\/www.amigosdohc.org.br\/irpj\/. Pelo site, tamb\u00e9m \u00e9 poss\u00edvel fazer o download de um e-book com todos os detalhes e o passo a passo do processo.<\/p>\n\n\n\n<p><strong>Sobre a doa\u00e7\u00e3o do IRPJ<br><\/strong>A destina\u00e7\u00e3o do IRPJ n\u00e3o representa um custo adicional \u00e0s empresas, mas sim o direcionamento de uma parte do imposto que j\u00e1 seria pago ao Governo Federal para uma causa social de escolha, como, por exemplo, os projetos mantidos pelos Amigos do HC. Empresas tributadas sob o regime do Lucro Real e com imposto a pagar podem destinar at\u00e9 4% para projetos culturais e 1% para o Fundo dos Direitos da Crian\u00e7a e do Adolescente. Para destinar, a empresa doadora deve entrar em contato com a Institui\u00e7\u00e3o escolhida e solicitar o boleto.<\/p>\n\n\n\n<p><strong>Sobre a Associa\u00e7\u00e3o dos Amigos do HC<br><\/strong>Os Amigos do HC s\u00e3o uma Organiza\u00e7\u00e3o da Sociedade Civil (OSC) sem fins lucrativos, que h\u00e1 quase 40 anos atua na defesa de direitos e promo\u00e7\u00e3o da sa\u00fade. Seu compromisso consiste em melhorar a qualidade do atendimento aos pacientes SUS, familiares e acompanhantes do Complexo Hospital de Cl\u00ednicas da UFPR.<\/p>\n\n\n\n<p>Desde 2016, tamb\u00e9m prestam assist\u00eancia interdisciplinar para crian\u00e7as e adolescentes v\u00edtimas de viol\u00eancias graves e grav\u00edssimas por meio do Programa DEDICA \u2013 Defesa dos Direitos da Crian\u00e7a e do Adolescente. Em 2024, ampliaram a atua\u00e7\u00e3o na prote\u00e7\u00e3o dos direitos da crian\u00e7a e do adolescente com o lan\u00e7amento do Programa PROTEGER, que passou a oferecer em Paranagu\u00e1 o mesmo modelo de atendimento interdisciplinar realizado pelo DEDICA, em Curitiba. Al\u00e9m disso, desde 2021 mant\u00e9m o Programa CEDIVIDA \u2013 Centro de Direitos \u00e0 Vida da Pessoa Idosa, ampliando a atua\u00e7\u00e3o para a causa do envelhecimento digno.<\/p>\n\n\n\n<p><strong>Servi\u00e7o:<br><\/strong>Associa\u00e7\u00e3o dos Amigos do HC<br>Endere\u00e7o: Av. Agostinho Le\u00e3o J\u00fanior, 336 &#8211; Alto da Gl\u00f3ria<br>Telefone: (41) 3091-1000<br>Site: <a href=\"http:\/\/www.amigosdohc.org.br\">www.amigosdohc.org.br<\/a><br>D\u00favidas e informa\u00e7\u00f5es: (41) 98716-7074, (41) 98821-0925 e (41) 99164-7247 ou pelo e-mail relacionamento@amigosdohc.org.br<\/p>\n\n\n\n<p><\/p>\n","protected":false},"excerpt":{"rendered":"<p>Contribuintes podem destinar o IRPJ devido at\u00e9 o dia 31 de dezembro A Associa\u00e7\u00e3o dos Amigos do HC, refer\u00eancia em capta\u00e7\u00e3o de recursos para programas pr\u00f3prios e projetos mantidos por parceiros, est\u00e1 entre as institui\u00e7\u00f5es que podem ser beneficiadas com a doa\u00e7\u00e3o do IRPJ, imposto de renda pessoa jur\u00eddica. Dentre os programas contemplados est\u00e3o: PROTEGER, [&hellip;]<\/p>\n","protected":false},"author":1,"featured_media":5364,"comment_status":"open","ping_status":"open","sticky":false,"template":"","format":"standard","meta":{"footnotes":""},"categories":[29,424],"tags":[],"class_list":["post-5363","post","type-post","status-publish","format-standard","has-post-thumbnail","hentry","category-artigos","category-curitiba"],"_links":{"self":[{"href":"https:\/\/diarioparanaense.com\/index.php?rest_route=\/wp\/v2\/posts\/5363","targetHints":{"allow":["GET"]}}],"collection":[{"href":"https:\/\/diarioparanaense.com\/index.php?rest_route=\/wp\/v2\/posts"}],"about":[{"href":"https:\/\/diarioparanaense.com\/index.php?rest_route=\/wp\/v2\/types\/post"}],"author":[{"embeddable":true,"href":"https:\/\/diarioparanaense.com\/index.php?rest_route=\/wp\/v2\/users\/1"}],"replies":[{"embeddable":true,"href":"https:\/\/diarioparanaense.com\/index.php?rest_route=%2Fwp%2Fv2%2Fcomments&post=5363"}],"version-history":[{"count":1,"href":"https:\/\/diarioparanaense.com\/index.php?rest_route=\/wp\/v2\/posts\/5363\/revisions"}],"predecessor-version":[{"id":5365,"href":"https:\/\/diarioparanaense.com\/index.php?rest_route=\/wp\/v2\/posts\/5363\/revisions\/5365"}],"wp:featuredmedia":[{"embeddable":true,"href":"https:\/\/diarioparanaense.com\/index.php?rest_route=\/wp\/v2\/media\/5364"}],"wp:attachment":[{"href":"https:\/\/diarioparanaense.com\/index.php?rest_route=%2Fwp%2Fv2%2Fmedia&parent=5363"}],"wp:term":[{"taxonomy":"category","embeddable":true,"href":"https:\/\/diarioparanaense.com\/index.php?rest_route=%2Fwp%2Fv2%2Fcategories&post=5363"},{"taxonomy":"post_tag","embeddable":true,"href":"https:\/\/diarioparanaense.com\/index.php?rest_route=%2Fwp%2Fv2%2Ftags&post=5363"}],"curies":[{"name":"wp","href":"https:\/\/api.w.org\/{rel}","templated":true}]}}