{"id":5359,"date":"2025-12-10T10:12:21","date_gmt":"2025-12-10T13:12:21","guid":{"rendered":"https:\/\/diarioparanaense.com\/?p=5359"},"modified":"2025-12-10T10:12:22","modified_gmt":"2025-12-10T13:12:22","slug":"domingo-no-centro-ultima-edicao-do-ano-tera-feira-deadocao-de-animais-distribuicao-de-livros-e-brinquedos-inflaveis","status":"publish","type":"post","link":"https:\/\/diarioparanaense.com\/?p=5359","title":{"rendered":"Domingo no Centro: \u00faltima edi\u00e7\u00e3o do ano ter\u00e1 feira deado\u00e7\u00e3o de animais, distribui\u00e7\u00e3o de livros e brinquedos infl\u00e1veis"},"content":{"rendered":"\n<p class=\"has-medium-font-size\">Em parceria com a prefeitura de Curitiba, Grupo MiniPre\u00e7o estar\u00e1 presente no evento com atividades infantis gratuitas<\/p>\n\n\n\n<p>A edi\u00e7\u00e3o de dezembro marca a despedida de 2025 para o Domingo no Centro, iniciativa da prefeitura de Curitiba que transforma o cora\u00e7\u00e3o da cidade em um espa\u00e7o de lazer, cultura e servi\u00e7os. O evento, realizado mensalmente, ter\u00e1 sua \u00faltima edi\u00e7\u00e3o do ano neste domingo (14), a partir das 9h, na Rua XV de Novembro, entre a roda gigante e a Sala de Estar da Rua XV, onde est\u00e1 instalada a \u00e1rvore de Natal do Botic\u00e1rio.<\/p>\n\n\n\n<p>Em uma parceria consolidada com a prefeitura, o Grupo MiniPre\u00e7o oferece \u00e1rea kids especial, com uma s\u00e9rie de atra\u00e7\u00f5es gratuitas, como brinquedos infl\u00e1veis e oficina de pintura, com materiais fornecidos pela empresa Lyke. De acordo com Rhavena Frossard, gerente de marketing do Grupo MiniPre\u00e7o, a parceria com a prefeitura \u00e9 de extrema import\u00e2ncia para a empresa e a comunidade em geral. \u201cEntendemos que essa uni\u00e3o \u00e9 importante para a comunidade e refor\u00e7a nosso compromisso com a educa\u00e7\u00e3o. Estamos muito felizes e satisfeitos com o evento\u201d, afirma.<\/p>\n\n\n\n<p>Al\u00e9m das atividades oferecidas pelo Grupo MiniPre\u00e7o, a \u00faltima edi\u00e7\u00e3o do ano manter\u00e1 a ess\u00eancia que marcou o 2025 do Domingo no Centro, oferecendo uma programa\u00e7\u00e3o diversificada e totalmente gratuita, que inclui m\u00fasica, teatro, oficinas e servi\u00e7os p\u00fablicos essenciais \u00e0 popula\u00e7\u00e3o.<\/p>\n\n\n\n<p class=\"has-medium-font-size\">Confira a programa\u00e7\u00e3o:<\/p>\n\n\n\n<p>PALCO R\u00c1DIO MIX<br>9h30: Tiago Win<br>10h30: Fam\u00edlia Folhas<br>11h: Cortejinho<br>12h10: Firecracker<br>13h30: Banda Sonora 4<\/p>\n\n\n\n<p>TENDA CULTURA<br>10h30 e 12h30: Oficina Esculpindo Curitiba<br>12h30 \u00e0s 15h: Distribui\u00e7\u00e3o livros \u2013 Tuboteca<\/p>\n\n\n\n<p>TENDA MEIO AMBIENTE<br>9h \u00e0s 15h: Pintura em material da Fam\u00edlia Folhas e distribui\u00e7\u00e3o de materiais educativos<br>9h \u00e0s 15h: Exposi\u00e7\u00e3o de animais taxidermizados da Mata Atl\u00e2ntica<br>9h \u00e0s 15h: Orienta\u00e7\u00f5es sobre separa\u00e7\u00e3o e destina\u00e7\u00e3o correta dos res\u00edduos s\u00f3lidos e import\u00e2ncia da reciclagem<\/p>\n\n\n\n<p>TENDA SA\u00daDE<br>9h \u00e0s 15h: Orienta\u00e7\u00e3o e preven\u00e7\u00e3o \u00e0 dengue e sa\u00fade bucal, a\u00e7\u00f5es de preven\u00e7\u00e3o ao tabagismo, entrega de autotestes, orienta\u00e7\u00f5es e preven\u00e7\u00e3o c\u00e2ncer de pele \u2013 Dezembro Laranja, e aplicativo Sa\u00fade J\u00e1<br>9h \u00e0s 15h: Barra de Acess e Auriculoterapia<\/p>\n\n\n\n<p>TENDA EDUCA\u00c7\u00c3O<br>9h \u00e0s 15h: Bolhas de sab\u00e3o, desenho e origami, brincadeiras com som, corda, el\u00e1stico<br>9h \u00e0s 15h: Pintura no Rosto Natalina e Conta\u00e7\u00e3o de Hist\u00f3rias com personagem natalino<\/p>\n\n\n\n<p>TENDA PET<br>9h \u00e0s 15h: Feira de ado\u00e7\u00e3o e microchipagem gratuita<\/p>\n\n\n\n<p>\u00c1REA DE LAZER 1 \u2013 MINIPRE\u00c7O<br>9h \u00e0s 15h: brinquedos infl\u00e1veis<br>9 h \u00e0s 15h: tenda com pintura em papel<\/p>\n\n\n\n<p>\u00c1REA DE LAZER 2 &#8211; BONDINHO<br>9h \u00e0s 15h: jogos gigantes, xadrez de mesa, futebol de bot\u00e3o, t\u00eanis de mesa, xadrez gigante, kits de pr\u00e1tica esportiva, cama el\u00e1stica<\/p>\n\n\n\n<p>O evento ter\u00e1 ainda produtos de economia solid\u00e1ria e Curitiba Sua Linda, foodtrucks, exposi\u00e7\u00e3o de empreendedores da Regi\u00e3o Metropolitana de Curitiba, cart\u00e3o transporte, Sine M\u00f3vel, Van ABC do Tr\u00e2nsito e Espa\u00e7o Empreendedor M\u00f3vel.<\/p>\n\n\n\n<p>A Prefeitura refor\u00e7a a recomenda\u00e7\u00e3o para que os visitantes evitem a circula\u00e7\u00e3o de ve\u00edculos na \u00e1rea central<br>durante o evento, devido aos bloqueios tempor\u00e1rios que ser\u00e3o realizados na rua Dr Muricy e Av. Luiz Xavier para garantir a seguran\u00e7a e o conforto do p\u00fablico.<\/p>\n\n\n\n<p class=\"has-medium-font-size\">Servi\u00e7o:<\/p>\n\n\n\n<p>Domingo no Centro &#8211; \u00faltima edi\u00e7\u00e3o de 2025<br>Data: 14 de dezembro<br>Hor\u00e1rio: das 9h \u00e0s 17h<br>Local: Rua XV de Novembro &#8211; entre a roda gigante e a \u00e1rvore de Natal do Botic\u00e1rio<br>Patroc\u00ednio: Grupo MiniPre\u00e7o<br>Evento&nbsp;gratuito<\/p>\n","protected":false},"excerpt":{"rendered":"<p>Em parceria com a prefeitura de Curitiba, Grupo MiniPre\u00e7o estar\u00e1 presente no evento com atividades infantis gratuitas A edi\u00e7\u00e3o de dezembro marca a despedida de 2025 para o Domingo no Centro, iniciativa da prefeitura de Curitiba que transforma o cora\u00e7\u00e3o da cidade em um espa\u00e7o de lazer, cultura e servi\u00e7os. O evento, realizado mensalmente, ter\u00e1 [&hellip;]<\/p>\n","protected":false},"author":1,"featured_media":5360,"comment_status":"open","ping_status":"open","sticky":false,"template":"","format":"standard","meta":{"footnotes":""},"categories":[186],"tags":[],"class_list":["post-5359","post","type-post","status-publish","format-standard","has-post-thumbnail","hentry","category-eventos"],"_links":{"self":[{"href":"https:\/\/diarioparanaense.com\/index.php?rest_route=\/wp\/v2\/posts\/5359","targetHints":{"allow":["GET"]}}],"collection":[{"href":"https:\/\/diarioparanaense.com\/index.php?rest_route=\/wp\/v2\/posts"}],"about":[{"href":"https:\/\/diarioparanaense.com\/index.php?rest_route=\/wp\/v2\/types\/post"}],"author":[{"embeddable":true,"href":"https:\/\/diarioparanaense.com\/index.php?rest_route=\/wp\/v2\/users\/1"}],"replies":[{"embeddable":true,"href":"https:\/\/diarioparanaense.com\/index.php?rest_route=%2Fwp%2Fv2%2Fcomments&post=5359"}],"version-history":[{"count":1,"href":"https:\/\/diarioparanaense.com\/index.php?rest_route=\/wp\/v2\/posts\/5359\/revisions"}],"predecessor-version":[{"id":5361,"href":"https:\/\/diarioparanaense.com\/index.php?rest_route=\/wp\/v2\/posts\/5359\/revisions\/5361"}],"wp:featuredmedia":[{"embeddable":true,"href":"https:\/\/diarioparanaense.com\/index.php?rest_route=\/wp\/v2\/media\/5360"}],"wp:attachment":[{"href":"https:\/\/diarioparanaense.com\/index.php?rest_route=%2Fwp%2Fv2%2Fmedia&parent=5359"}],"wp:term":[{"taxonomy":"category","embeddable":true,"href":"https:\/\/diarioparanaense.com\/index.php?rest_route=%2Fwp%2Fv2%2Fcategories&post=5359"},{"taxonomy":"post_tag","embeddable":true,"href":"https:\/\/diarioparanaense.com\/index.php?rest_route=%2Fwp%2Fv2%2Ftags&post=5359"}],"curies":[{"name":"wp","href":"https:\/\/api.w.org\/{rel}","templated":true}]}}