{"id":5356,"date":"2025-12-09T14:22:51","date_gmt":"2025-12-09T17:22:51","guid":{"rendered":"https:\/\/diarioparanaense.com\/?p=5356"},"modified":"2025-12-09T14:22:52","modified_gmt":"2025-12-09T17:22:52","slug":"ong-de-curitiba-ja-retirou-mais-de-30-toneladas-de-material-reciclavel-das-ruas","status":"publish","type":"post","link":"https:\/\/diarioparanaense.com\/?p=5356","title":{"rendered":"ONG de Curitiba j\u00e1 retirou mais de 30 toneladas de material recicl\u00e1vel das ruas"},"content":{"rendered":"\n<p>Relat\u00f3rio anual da Associa\u00e7\u00e3o Vov\u00f4 Vitorino tamb\u00e9m destaca a profissionaliza\u00e7\u00e3o de mais de mil pessoas<br>H\u00e1 33 anos, a Associa\u00e7\u00e3o Vov\u00f4 Vitorino, que atua com projetos sociais, ambientais e educacionais, impacta positivamente a comunidade do Tatuquara, em Curitiba (PR), e de Arauc\u00e1ria, na Regi\u00e3o Metropolitana. Desde ent\u00e3o, desenvolve projetos voltados \u00e0 educa\u00e7\u00e3o de crian\u00e7as e adolescentes, \u00e0 capacita\u00e7\u00e3o para o mercado de trabalho e ao lazer e bem-estar. Neste ano, mais de 4 mil pessoas foram beneficiadas diretamente com doa\u00e7\u00f5es, 482 se profissionalizaram no Projeto Despertar Para a Autonomia II e o Reciclar \u00e9 Viver ultrapassou 30 toneladas de material reciclado retirado das ruas.<\/p>\n\n\n\n<p>Todos esses n\u00fameros e resultados est\u00e3o no relat\u00f3rio anual apresentado pela ONG. Em 2025, a presta\u00e7\u00e3o de contas aconteceu durante um caf\u00e9 com apoiadores, que reuniu cerca de 40 pessoas. Foram apresentados todos os projetos, a\u00e7\u00f5es e festas realizadas na Associa\u00e7\u00e3o durante o ano, juntamente com o impacto e quantidade de pessoas beneficiadas.<\/p>\n\n\n\n<p>\u201cFoi um ano de muito trabalho e de resultados que mostram, mais uma vez, a for\u00e7a da comunidade quando unimos esfor\u00e7os. Prestar contas de forma transparente \u00e9 essencial para honrar a confian\u00e7a dos nossos patrocinadores e garantir que cada recurso continue transformando vidas\u201d, afirma Amanda Santana, coordenadora administrativa da Associa\u00e7\u00e3o Vov\u00f4 Vitorino.<\/p>\n\n\n\n<p class=\"has-medium-font-size\">Capacita\u00e7\u00e3o profissional<\/p>\n\n\n\n<p>Uma das principais frentes de atua\u00e7\u00e3o da Associa\u00e7\u00e3o \u00e9 a capacita\u00e7\u00e3o profissional, que busca oferecer diversas oportunidades de forma\u00e7\u00e3o para que adolescentes e adultos entrem no mercado de trabalho ou se tornem empreendedores e conquistem sua pr\u00f3pria autonomia financeira. Em 2025, o Projeto Despertar Para a Autonomia II, realizado pela Associa\u00e7\u00e3o de prote\u00e7\u00e3o \u00e0 inf\u00e2ncia Vov\u00f4 Vitorino em parceria com a Petrobras, por meio do Programa Petrobras Socioambiental, formou mais de 480 pessoas em 42 turmas e teve cerca de 2 mil inscri\u00e7\u00f5es em 26 cursos diferentes.<\/p>\n\n\n\n<p>Os cursos s\u00e3o nas \u00e1reas da beleza, com as capacita\u00e7\u00f5es em extens\u00e3o de c\u00edlios, limpeza de pele e maquiagem; gastronomia, com hamburger gourmet, comida de boteco e at\u00e9 forma\u00e7\u00f5es pensadas em datas comemorativas, como a p\u00e1scoa e o natal; t\u00e9cnico em empilhadeira, constru\u00e7\u00e3o civil, administrativo, cuidador de idosos, mec\u00e2nica b\u00e1sica, entre outros.<\/p>\n\n\n\n<p>Al\u00e9m dos conte\u00fados da forma\u00e7\u00e3o, o projeto oferece, antes do in\u00edcio das aulas, uma oficina de socioemocional para todos os alunos. Durante a din\u00e2mica, eles aprendem a lidar com diferentes situa\u00e7\u00f5es e a como se adaptar aos desafios, tanto profissionais quanto pessoais. Autoconhecimento, autogest\u00e3o, empatia, habilidade sociais e resili\u00eancia tamb\u00e9m s\u00e3o destaque. Ao final, todos passam pela oficina de empreendedorismo, realizada em parceria com o Sebrae, e aprendem sobre tipos de empreendimentos, como gerir as finan\u00e7as, regulamenta\u00e7\u00e3o, entre outros.<\/p>\n\n\n\n<p>Grande parte dos alunos e alunas que passam pelo projeto conseguem conquistar a autonomia financeira e at\u00e9 abrir seus pr\u00f3prios neg\u00f3cios. No PodDespertar, lan\u00e7ado neste ano, hist\u00f3rias de impacto e supera\u00e7\u00e3o s\u00e3o contadas no formato de podcast, al\u00e9m de dicas e informa\u00e7\u00f5es relevantes para a comunidade.<\/p>\n\n\n\n<p class=\"has-medium-font-size\">Educa\u00e7\u00e3o ambiental e seguran\u00e7a alimentar<\/p>\n\n\n\n<p>O Projeto Despertar Para a Autonomia est\u00e1 em sua segunda edi\u00e7\u00e3o e, em 2025, lan\u00e7ou os F\u00f3runs Comunit\u00e1rios. A iniciativa acontece junto \u00e0s trocas do Reciclar \u00e9 Viver, uma a\u00e7\u00e3o em que os moradores das regi\u00f5es onde a kombi do projeto passa, levam materiais recicl\u00e1veis e trocam por alimentos n\u00e3o perec\u00edveis. Realizada desde 2006, a iniciativa acumula 30 toneladas de material coletado e revertidos em aproximadamente 130 toneladas de alimentos.<\/p>\n\n\n\n<p>O Reciclar \u00e9 Viver contribui n\u00e3o s\u00f3 com a sustentabilidade e limpeza da regi\u00e3o, mas principalmente com a seguran\u00e7a alimentar dos moradores que participam. \u201cAntes, v\u00edamos as ruas do Tatuquara e da regi\u00e3o cheias de lixos e materiais que poderiam ser reciclados. Hoje n\u00e3o. Muitos moradores contam que caso haja lixo na rua, eles recolhem e guardam at\u00e9 a pr\u00f3xima troca. Os alimentos dispon\u00edveis para a troca s\u00e3o todos vindos de doa\u00e7\u00e3o ou comprados com o dinheiro da reciclagem e s\u00e3o fundamentais para a popula\u00e7\u00e3o. Teve ainda uma pesquisa realizada no bairro Caximba, onde aponta que as enchentes diminu\u00edram significativamente nos locais onde realizamos o projeto \u201d, conta Maria Julia Xavier, coordenadora executiva da Associa\u00e7\u00e3o.<\/p>\n\n\n\n<p>Durante as trocas, profissionais e graduandos de diversas \u00e1reas realizam atendimentos que visam contribuir para a garantia de direitos da comunidade. S\u00e3o realizadas triagens para identificar as principais demandas e focar a atua\u00e7\u00e3o na resolu\u00e7\u00e3o de problemas. Nos intervalos dos atendimentos, acontecem rodas de conversa sobre higiene pessoal, orienta\u00e7\u00f5es sobre a import\u00e2ncia da separa\u00e7\u00e3o do lixo e preserva\u00e7\u00e3o ambiental, sobre trabalho e renda, sa\u00fade, educa\u00e7\u00e3o e at\u00e9 aux\u00edlio nas d\u00favidas relacionadas ao Minist\u00e9rio P\u00fablico.<\/p>\n\n\n\n<p>Al\u00e9m da equipe do projeto, os f\u00f3runs contam com o trabalho volunt\u00e1rio dos alunos da Pontif\u00edcia Universidade Cat\u00f3lica do Paran\u00e1 (PUCPR), durante a mat\u00e9ria obrigat\u00f3ria de Projeto Comunit\u00e1rio. \u201cApoiar uma organiza\u00e7\u00e3o como esta \u00e9 valioso porque, ao trabalhar em rede, conseguimos potencializar e fortalecer o trabalho de cada institui\u00e7\u00e3o. A colabora\u00e7\u00e3o entre diferentes atores amplia o alcance, a qualidade e a sustentabilidade das a\u00e7\u00f5es sociais\u201d, destaca D\u00e9bora Ester Feola Bana, coordenadora do Projeto Comunit\u00e1rio da PUCPR.<\/p>\n\n\n\n<p>Os graduandos tamb\u00e9m podem se voluntariar para eventos e outras a\u00e7\u00f5es realizadas na Associa\u00e7\u00e3o. Para a coordenadora, a participa\u00e7\u00e3o durante a gradua\u00e7\u00e3o desperta o interesse de atuar em outras causas sociais. A experi\u00eancia transforma a vis\u00e3o dos alunos, ampliando seus horizontes e permitindo que se identifiquem como agentes de mudan\u00e7a. Ao atuarem diretamente em quest\u00f5es sociais concretas, eles passam a perceber seu papel no tecido da sociedade e desenvolvem compet\u00eancias e sensibilidades que v\u00e3o al\u00e9m da sala de aula\u201d.<\/p>\n\n\n\n<p>Atendimento a todas as idades<\/p>\n\n\n\n<p>A Associa\u00e7\u00e3o Vov\u00f4 Vitorino come\u00e7ou com a educa\u00e7\u00e3o infantil, que seguiu at\u00e9 a pandemia. Ap\u00f3s o per\u00edodo, os atendimentos mudaram e passaram para grupos de Fortalecimento de V\u00ednculos. Em 2025, foram atendidas 100 crian\u00e7as de sete a 12 anos no contraturno escolar nas comunidades Jardim da Ordem e Terra Santa, no Tatuquara. Durante os encontros, os jovens realizam atividades educativas, rodas de conversa e participam de brincadeiras.<\/p>\n\n\n\n<p>Seguindo a miss\u00e3o de atuar com todos os p\u00fablicos, desde crian\u00e7as at\u00e9 idosos, s\u00e3o realizadas, a cada 15 dias, atividades de lazer e bem-estar com o Grupo de Conviv\u00eancia da 3\u00ba Idade. Neste ano, cerca de 100 pessoas com mais de 60 anos participaram dos encontros, com atividades de alongamento, dan\u00e7a e muitos jogos.<\/p>\n\n\n\n<p>Em paralelo \u00e0s atividades fixas, a Associa\u00e7\u00e3o promove mensalmente um bazar solid\u00e1rio em sua sede. A renda \u00e9 revertida para manter a organiza\u00e7\u00e3o funcionando, al\u00e9m de ser uma iniciativa que promove a economia circular. Outra forma de subsidiar a ONG \u00e9 a realiza\u00e7\u00e3o de eventos anuais, como a Festa Junina Vov\u00f4 Vitorino e a Festa da Primavera. Em datas comemorativas, s\u00e3o realizadas campanhas pontuais para atender as crian\u00e7as da regi\u00e3o. Na P\u00e1scoa e no Dia das Crian\u00e7as, mais de 4 mil crian\u00e7as foram alcan\u00e7adas e receberam doces, chocolates e brinquedos.<\/p>\n\n\n\n<p>Fa\u00e7a sua contribui\u00e7\u00e3o!<\/p>\n\n\n\n<p>A apresenta\u00e7\u00e3o do relat\u00f3rio anual de atividades n\u00e3o marca o fim das a\u00e7\u00f5es. A Associa\u00e7\u00e3o Vov\u00f4 Vitorino est\u00e1 arrecadando 500 frangos e panetones para fazer um Natal mais feliz na comunidade.<\/p>\n\n\n\n<p>As doa\u00e7\u00f5es podem ser entregues na sede da Associa\u00e7\u00e3o, na Rua Tenente-Coronel Manoel Eufr\u00e1sio de Assump\u00e7\u00e3o, 288 &#8211; Tatuquara, Curitiba &#8211; PR, 81480-206, ou entrar em contato pelos telefones (41 98466-1250 | 41 98455-1787) e e-mail (administracao@vovovitorino.org.br) para retirada. Ou ainda doar pela chave PIX: 00.300.943\/0001-30 at\u00e9 o dia 16 de dezembro.<\/p>\n\n\n\n<p class=\"has-medium-font-size\">Sobre a Associa\u00e7\u00e3o Vov\u00f4 Vitorino<\/p>\n\n\n\n<p>Fundada em 1992, a Associa\u00e7\u00e3o Vov\u00f4 Vitorino atua na prote\u00e7\u00e3o da inf\u00e2ncia e apoia o desenvolvimento da comunidade do Tatuquara e regi\u00e3o, nas \u00e1reas da assist\u00eancia social, educa\u00e7\u00e3o e implementa\u00e7\u00e3o de projetos que visam a sustentabilidade ambiental, como o Reciclar \u00e9 Viver, que em 2024 retirou mais de 577 kg de materiais recicl\u00e1veis das ruas e recebeu, em 2009, o Pr\u00eamio Betinho &#8211; Atitude Cidad\u00e3, e em 2012, o Trof\u00e9u Zilda Arns, na categoria meio ambiente. Al\u00e9m do fortalecimento de v\u00ednculos, com um grupo que atende cerca de 100 crian\u00e7as de 7 a 13 anos e as capacita\u00e7\u00f5es profissionais, que j\u00e1 formaram mais de 1500 pessoas. Anualmente, a organiza\u00e7\u00e3o realiza um pr\u00eamio, o Trof\u00e9u Vitorino Xavier, que reconhece iniciativas e l\u00edderes que trouxeram benfeitorias para suas comunidades. Al\u00e9m do bazar que \u00e9 promovido todos os meses, apoiando a economia solid\u00e1ria e circular e possibilitando que roupas que n\u00e3o t\u00eam mais uso para algumas pessoas tenham um novo destino.<\/p>\n\n\n\n<p class=\"has-medium-font-size\">Sobre o Despertar Para a Autonomia<\/p>\n\n\n\n<p>O Projeto \u00e9 uma realiza\u00e7\u00e3o da Associa\u00e7\u00e3o Vov\u00f4 Vitorino, em parceria com a Petrobras, por meio do Programa Petrobras Socioambiental, e est\u00e1 na sua segunda edi\u00e7\u00e3o. O programa oferece cursos de capacita\u00e7\u00e3o profissional para moradores do Tatuquara e de Arauc\u00e1ria (PR). Em sua primeira edi\u00e7\u00e3o, entre 2021 e 2023, a iniciativa formou 520 pessoas em 13 cursos, e a expectativa \u00e9 que nos pr\u00f3ximos tr\u00eas anos, mais 1.500 concluam as forma\u00e7\u00f5es em \u00e1reas como gastronomia, beleza, ind\u00fastria, gest\u00e3o, tecnologia e constru\u00e7\u00e3o civil. Para mais informa\u00e7\u00f5es, acesse <a href=\"https:\/\/www.instagram.com\/despertarparaautonomia\/\">https:\/\/www.instagram.com\/despertarparaautonomia\/<\/a> ou entre em contato pelo telefone\u00a041\u00a098466-1250.<\/p>\n","protected":false},"excerpt":{"rendered":"<p>Relat\u00f3rio anual da Associa\u00e7\u00e3o Vov\u00f4 Vitorino tamb\u00e9m destaca a profissionaliza\u00e7\u00e3o de mais de mil pessoasH\u00e1 33 anos, a Associa\u00e7\u00e3o Vov\u00f4 Vitorino, que atua com projetos sociais, ambientais e educacionais, impacta positivamente a comunidade do Tatuquara, em Curitiba (PR), e de Arauc\u00e1ria, na Regi\u00e3o Metropolitana. Desde ent\u00e3o, desenvolve projetos voltados \u00e0 educa\u00e7\u00e3o de crian\u00e7as e adolescentes, [&hellip;]<\/p>\n","protected":false},"author":1,"featured_media":5357,"comment_status":"open","ping_status":"open","sticky":false,"template":"","format":"standard","meta":{"footnotes":""},"categories":[29,424],"tags":[],"class_list":["post-5356","post","type-post","status-publish","format-standard","has-post-thumbnail","hentry","category-artigos","category-curitiba"],"_links":{"self":[{"href":"https:\/\/diarioparanaense.com\/index.php?rest_route=\/wp\/v2\/posts\/5356","targetHints":{"allow":["GET"]}}],"collection":[{"href":"https:\/\/diarioparanaense.com\/index.php?rest_route=\/wp\/v2\/posts"}],"about":[{"href":"https:\/\/diarioparanaense.com\/index.php?rest_route=\/wp\/v2\/types\/post"}],"author":[{"embeddable":true,"href":"https:\/\/diarioparanaense.com\/index.php?rest_route=\/wp\/v2\/users\/1"}],"replies":[{"embeddable":true,"href":"https:\/\/diarioparanaense.com\/index.php?rest_route=%2Fwp%2Fv2%2Fcomments&post=5356"}],"version-history":[{"count":1,"href":"https:\/\/diarioparanaense.com\/index.php?rest_route=\/wp\/v2\/posts\/5356\/revisions"}],"predecessor-version":[{"id":5358,"href":"https:\/\/diarioparanaense.com\/index.php?rest_route=\/wp\/v2\/posts\/5356\/revisions\/5358"}],"wp:featuredmedia":[{"embeddable":true,"href":"https:\/\/diarioparanaense.com\/index.php?rest_route=\/wp\/v2\/media\/5357"}],"wp:attachment":[{"href":"https:\/\/diarioparanaense.com\/index.php?rest_route=%2Fwp%2Fv2%2Fmedia&parent=5356"}],"wp:term":[{"taxonomy":"category","embeddable":true,"href":"https:\/\/diarioparanaense.com\/index.php?rest_route=%2Fwp%2Fv2%2Fcategories&post=5356"},{"taxonomy":"post_tag","embeddable":true,"href":"https:\/\/diarioparanaense.com\/index.php?rest_route=%2Fwp%2Fv2%2Ftags&post=5356"}],"curies":[{"name":"wp","href":"https:\/\/api.w.org\/{rel}","templated":true}]}}