{"id":5350,"date":"2025-12-09T10:43:09","date_gmt":"2025-12-09T13:43:09","guid":{"rendered":"https:\/\/diarioparanaense.com\/?p=5350"},"modified":"2025-12-09T10:43:09","modified_gmt":"2025-12-09T13:43:09","slug":"amigos-do-hc-realizam-ultimo-bazar-do-ano-com-pecas-a-partir-de-r990","status":"publish","type":"post","link":"https:\/\/diarioparanaense.com\/?p=5350","title":{"rendered":"Amigos do HC realizam \u00faltimo bazar do ano com pe\u00e7as a partir de R$9,90"},"content":{"rendered":"\n<p class=\"has-medium-font-size\">Todo o valor arrecadado durante o evento ser\u00e1 destinado ao Centro de Neuropediatria do Hospital de Cl\u00ednicas<\/p>\n\n\n\n<p>No dia 13 de dezembro, s\u00e1bado, a Associa\u00e7\u00e3o dos Amigos do HC promove o \u00faltimo bazar beneficente do ano. Com produtos a partir de R$9,90, estar\u00e3o dispon\u00edveis pe\u00e7as de vestu\u00e1rio feminino, masculino (novas e seminovas) e infantil; acess\u00f3rios como bolsas, len\u00e7os, pulseiras, colares e brincos; sapatos femininos, masculinos e infantis, al\u00e9m de itens para casa e decora\u00e7\u00e3o.<\/p>\n\n\n\n<p>Todo o valor arrecadado com as vendas do bazar ser\u00e1 destinado ao CENEP, Centro de Neuropediatria do Hospital de Cl\u00ednicas da UFPR. O local atende mensalmente cerca de 2.000 rec\u00e9m-nascidos e adolescentes de at\u00e9 14 anos, diagnosticados com doen\u00e7as raras, transtorno do espectro autista, prematuridade extrema, epilepsia, transtorno de aprendizagem e outras doen\u00e7as neurol\u00f3gicas da inf\u00e2ncia.<\/p>\n\n\n\n<p>\u201cAp\u00f3s um ano em obras, o CENEP foi reinaugurado no \u00faltimo dia 02. O espa\u00e7o, al\u00e9m de oferecer o tratamento de sa\u00fade adequado, garante o conforto e a seguran\u00e7a que as nossas crian\u00e7as merecem. Esse bazar nos ajuda financeiramente com a manuten\u00e7\u00e3o do Centro e oferece produtos de diversas marcas, com qualidade e pre\u00e7os acess\u00edveis\u201d, explica Domingos Murta, presidente da Associa\u00e7\u00e3o de Amigos do HC.<\/p>\n\n\n\n<p>O bazar ser\u00e1 realizado das 9h \u00e0s 17h, ou enquanto durarem os estoques, com atendimento por ordem de chegada. Em caso de forma\u00e7\u00e3o de fila na \u00e1rea externa da Associa\u00e7\u00e3o o acesso ao ambiente interno ser\u00e1 liberado gradualmente. O pagamento poder\u00e1 ser feito com dinheiro, PIX, cart\u00f5es de d\u00e9bito e cr\u00e9dito.<\/p>\n\n\n\n<p class=\"has-medium-font-size\">Sobre a Associa\u00e7\u00e3o dos Amigos do HC<\/p>\n\n\n\n<p>Os Amigos do HC s\u00e3o uma Organiza\u00e7\u00e3o da Sociedade Civil (OSC) sem fins lucrativos, que h\u00e1 quase 40 anos atua na defesa de direitos e promo\u00e7\u00e3o da sa\u00fade. Seu compromisso consiste em melhorar a qualidade do atendimento aos pacientes SUS, familiares e acompanhantes do Complexo Hospital de Cl\u00ednicas da UFPR.<\/p>\n\n\n\n<p>Desde 2016, tamb\u00e9m prestam assist\u00eancia interdisciplinar para crian\u00e7as e adolescentes v\u00edtimas de viol\u00eancias graves e grav\u00edssimas por meio do Programa DEDICA \u2013 Defesa dos Direitos da Crian\u00e7a e do Adolescente. Em 2024, ampliaram a atua\u00e7\u00e3o na prote\u00e7\u00e3o dos direitos da crian\u00e7a e do adolescente com o lan\u00e7amento do Programa PROTEGER, que passou a oferecer em Paranagu\u00e1 o mesmo modelo de atendimento interdisciplinar realizado pelo DEDICA, em Curitiba. Al\u00e9m disso, desde 2021 mant\u00e9m o Programa CEDIVIDA \u2013 Centro de Direitos \u00e0 Vida da Pessoa Idosa, ampliando a atua\u00e7\u00e3o para a causa do envelhecimento digno.<\/p>\n\n\n\n<p class=\"has-medium-font-size\">Servi\u00e7o:<\/p>\n\n\n\n<p>Bazar \u2013 Associa\u00e7\u00e3o dos Amigos do HC<br>Data: 13 de dezembro (s\u00e1bado)<br>Hor\u00e1rio: das 9h \u00e0s 17h<br>Local: Loja dos Amigos do HC<br>Endere\u00e7o: Av. Agostinho Le\u00e3o J\u00fanior, 336 &#8211;&nbsp;Alto&nbsp;da&nbsp;Gl\u00f3ria<\/p>\n","protected":false},"excerpt":{"rendered":"<p>Todo o valor arrecadado durante o evento ser\u00e1 destinado ao Centro de Neuropediatria do Hospital de Cl\u00ednicas No dia 13 de dezembro, s\u00e1bado, a Associa\u00e7\u00e3o dos Amigos do HC promove o \u00faltimo bazar beneficente do ano. Com produtos a partir de R$9,90, estar\u00e3o dispon\u00edveis pe\u00e7as de vestu\u00e1rio feminino, masculino (novas e seminovas) e infantil; acess\u00f3rios [&hellip;]<\/p>\n","protected":false},"author":1,"featured_media":5351,"comment_status":"open","ping_status":"open","sticky":false,"template":"","format":"standard","meta":{"footnotes":""},"categories":[29,424],"tags":[],"class_list":["post-5350","post","type-post","status-publish","format-standard","has-post-thumbnail","hentry","category-artigos","category-curitiba"],"_links":{"self":[{"href":"https:\/\/diarioparanaense.com\/index.php?rest_route=\/wp\/v2\/posts\/5350","targetHints":{"allow":["GET"]}}],"collection":[{"href":"https:\/\/diarioparanaense.com\/index.php?rest_route=\/wp\/v2\/posts"}],"about":[{"href":"https:\/\/diarioparanaense.com\/index.php?rest_route=\/wp\/v2\/types\/post"}],"author":[{"embeddable":true,"href":"https:\/\/diarioparanaense.com\/index.php?rest_route=\/wp\/v2\/users\/1"}],"replies":[{"embeddable":true,"href":"https:\/\/diarioparanaense.com\/index.php?rest_route=%2Fwp%2Fv2%2Fcomments&post=5350"}],"version-history":[{"count":1,"href":"https:\/\/diarioparanaense.com\/index.php?rest_route=\/wp\/v2\/posts\/5350\/revisions"}],"predecessor-version":[{"id":5352,"href":"https:\/\/diarioparanaense.com\/index.php?rest_route=\/wp\/v2\/posts\/5350\/revisions\/5352"}],"wp:featuredmedia":[{"embeddable":true,"href":"https:\/\/diarioparanaense.com\/index.php?rest_route=\/wp\/v2\/media\/5351"}],"wp:attachment":[{"href":"https:\/\/diarioparanaense.com\/index.php?rest_route=%2Fwp%2Fv2%2Fmedia&parent=5350"}],"wp:term":[{"taxonomy":"category","embeddable":true,"href":"https:\/\/diarioparanaense.com\/index.php?rest_route=%2Fwp%2Fv2%2Fcategories&post=5350"},{"taxonomy":"post_tag","embeddable":true,"href":"https:\/\/diarioparanaense.com\/index.php?rest_route=%2Fwp%2Fv2%2Ftags&post=5350"}],"curies":[{"name":"wp","href":"https:\/\/api.w.org\/{rel}","templated":true}]}}