{"id":5344,"date":"2025-12-08T10:38:51","date_gmt":"2025-12-08T13:38:51","guid":{"rendered":"https:\/\/diarioparanaense.com\/?p=5344"},"modified":"2025-12-08T10:38:52","modified_gmt":"2025-12-08T13:38:52","slug":"premiada-empresaria-curitibana-atua-como-jurada-no-congresso-nacional-de-lavanderia","status":"publish","type":"post","link":"https:\/\/diarioparanaense.com\/?p=5344","title":{"rendered":"Premiada empres\u00e1ria curitibana atua como jurada no Congresso Nacional de Lavanderia"},"content":{"rendered":"\n<p>Birgit Marsili participou do evento realizado durante a LAVTECH, em S\u00e3o Paulo<\/p>\n\n\n\n<p>A VI Feira Internacional de Lavanderias (LAVTECH) foi realizada de 25 a 27 de novembro, no S\u00e3o Paulo Expo, se consolidando como o maior evento para lavanderias da Am\u00e9rica Latina. O encontro reuniu empresas e visitantes de diversos pa\u00edses, e incluiu o Congresso Nacional de Lavanderia (CONGRELAV). Durante o congresso, foi realizado o Pr\u00eamio de Boas Pr\u00e1ticas, que reconheceu cases inspiradores do setor. A propriet\u00e1ria da Lavoutique Lavanderia &amp; Costura e da Briller Lavanderia Self Service, Birgit Marsili, teve uma participa\u00e7\u00e3o de destaque como jurada, colaborando com sua experi\u00eancia internacional para avaliar os concorrentes nacionais.<\/p>\n\n\n\n<p>Birgit utilizou sua expertise para guiar a avalia\u00e7\u00e3o do pr\u00eamio, que, segundo ela, buscou replicar o padr\u00e3o do Congresso Global Best Practice Awards, evento no qual a Lavoutique Lavanderia &amp; Costura foi premiada em 2024. A empresa curitibana conquistou o primeiro lugar da Am\u00e9rica do Sul na categoria \u201cMelhores Pr\u00e1ticas\u201d pelo Comit\u00e9 International De L\u2019Entretien du Textile (CINET), em Frankfurt, na Alemanha. A empres\u00e1ria destacou que sua atua\u00e7\u00e3o como jurada focou na quest\u00e3o da sustentabilidade. \u201cO setor brasileiro ainda tem um longo caminho a percorrer nesse aspecto. Acredito que este pr\u00eamio nacional visa justamente incentivar mais empresas a se aprimorarem nas boas pr\u00e1ticas e participarem de futuras premia\u00e7\u00f5es internacionais\u201d, afirma Birgit.<\/p>\n\n\n\n<p>Os vencedores do Pr\u00eamio Boa Pr\u00e1tica foram: North Lavanderia (Categoria Hoteleira), Prolav (Categoria Uniformes e EPIs) e Agidez (Categoria Varejo).<\/p>\n\n\n\n<p>Com sucessivas edi\u00e7\u00f5es batendo recordes de p\u00fablico, a LAVTECH continua fortalecendo as conex\u00f5es entre profissionais, fornecedores e empreendedores do segmento. Propriet\u00e1rios e profissionais de lavanderias industriais, hospitalares, hoteleiras, de varejo e de jeans, al\u00e9m de outros setores relacionados, se reuniram para conhecer inova\u00e7\u00f5es e impulsionar o desenvolvimento&nbsp;do&nbsp;mercado.<\/p>\n","protected":false},"excerpt":{"rendered":"<p>Birgit Marsili participou do evento realizado durante a LAVTECH, em S\u00e3o Paulo A VI Feira Internacional de Lavanderias (LAVTECH) foi realizada de 25 a 27 de novembro, no S\u00e3o Paulo Expo, se consolidando como o maior evento para lavanderias da Am\u00e9rica Latina. O encontro reuniu empresas e visitantes de diversos pa\u00edses, e incluiu o Congresso [&hellip;]<\/p>\n","protected":false},"author":1,"featured_media":5345,"comment_status":"open","ping_status":"open","sticky":false,"template":"","format":"standard","meta":{"footnotes":""},"categories":[29],"tags":[],"class_list":["post-5344","post","type-post","status-publish","format-standard","has-post-thumbnail","hentry","category-artigos"],"_links":{"self":[{"href":"https:\/\/diarioparanaense.com\/index.php?rest_route=\/wp\/v2\/posts\/5344","targetHints":{"allow":["GET"]}}],"collection":[{"href":"https:\/\/diarioparanaense.com\/index.php?rest_route=\/wp\/v2\/posts"}],"about":[{"href":"https:\/\/diarioparanaense.com\/index.php?rest_route=\/wp\/v2\/types\/post"}],"author":[{"embeddable":true,"href":"https:\/\/diarioparanaense.com\/index.php?rest_route=\/wp\/v2\/users\/1"}],"replies":[{"embeddable":true,"href":"https:\/\/diarioparanaense.com\/index.php?rest_route=%2Fwp%2Fv2%2Fcomments&post=5344"}],"version-history":[{"count":1,"href":"https:\/\/diarioparanaense.com\/index.php?rest_route=\/wp\/v2\/posts\/5344\/revisions"}],"predecessor-version":[{"id":5346,"href":"https:\/\/diarioparanaense.com\/index.php?rest_route=\/wp\/v2\/posts\/5344\/revisions\/5346"}],"wp:featuredmedia":[{"embeddable":true,"href":"https:\/\/diarioparanaense.com\/index.php?rest_route=\/wp\/v2\/media\/5345"}],"wp:attachment":[{"href":"https:\/\/diarioparanaense.com\/index.php?rest_route=%2Fwp%2Fv2%2Fmedia&parent=5344"}],"wp:term":[{"taxonomy":"category","embeddable":true,"href":"https:\/\/diarioparanaense.com\/index.php?rest_route=%2Fwp%2Fv2%2Fcategories&post=5344"},{"taxonomy":"post_tag","embeddable":true,"href":"https:\/\/diarioparanaense.com\/index.php?rest_route=%2Fwp%2Fv2%2Ftags&post=5344"}],"curies":[{"name":"wp","href":"https:\/\/api.w.org\/{rel}","templated":true}]}}