{"id":5332,"date":"2025-12-04T14:51:17","date_gmt":"2025-12-04T17:51:17","guid":{"rendered":"https:\/\/diarioparanaense.com\/?p=5332"},"modified":"2025-12-04T14:51:18","modified_gmt":"2025-12-04T17:51:18","slug":"roda-sobre-rodas-caboclo-tingui-apresenta-show-inedito-em-curitiba","status":"publish","type":"post","link":"https:\/\/diarioparanaense.com\/?p=5332","title":{"rendered":"Roda sobre Rodas: Caboclo Tingui apresenta show in\u00e9dito em Curitiba"},"content":{"rendered":"\n<p class=\"has-medium-font-size\">Parque dos Tropeiros Cultural celebra tradi\u00e7\u00e3o campeira do Paran\u00e1 neste final de semana<\/p>\n\n\n\n<p>Neste final de semana, dias 6 e 7, Curitiba recebe um evento que promete unir as diversas manifesta\u00e7\u00f5es do universo campeiro: o Parque dos Tropeiros Cultural. Dentre as atra\u00e7\u00f5es confirmadas, o grupo curitibano Caboclo Tingui apresenta seu novo projeto, Roda sobre Rodas, pela primeira vez na capital paranaense. De acordo com Luiz Borges, m\u00fasico, pesquisador e idealizador do projeto, o evento fortalece a cultura local. \u201cBuscamos dar visibilidade a cultura cabocla, muitas vezes deixada de lado, mas que \u00e9 parte fundamental da identidade do estado do Paran\u00e1\u201d, afirma.<\/p>\n\n\n\n<p>O repert\u00f3rio do Caboclo Tingui \u00e9 composto por m\u00fasicas tradicionais do Paran\u00e1, abrangendo modas de viola, fandangos, m\u00fasicas folcl\u00f3ricas, m\u00fasica caipira e gauchesca. O grupo tamb\u00e9m tem composi\u00e7\u00f5es pr\u00f3prias que combinam com esse estilo, mantendo viva a mem\u00f3ria dos pinheirais, do modo de vida campeiro e dos faxinais. \u201cRevisitamos o repert\u00f3rio musical, os fandangos de galp\u00e3o e os instrumentos t\u00edpicos da nossa regi\u00e3o, em di\u00e1logo com o universo urbano da capital paranaense\u201d, completa Borges.<\/p>\n\n\n\n<p class=\"has-medium-font-size\">A liga\u00e7\u00e3o das culturas campeiras<\/p>\n\n\n\n<p>O projeto Parque dos Tropeiros Cultural nasceu da necessidade de criar um espa\u00e7o de di\u00e1logo entre diferentes grupos. De um lado est\u00e3o os tradicionalistas ga\u00fachos, conhecidos pelos Centros de Tradi\u00e7\u00f5es Ga\u00fachas (CTGs), rodeios e atividades pecu\u00e1rias. De outro, as pessoas que mant\u00e9m viva a tradi\u00e7\u00e3o dos tropeiros da Lapa, que ainda realizam cavalgadas e preservam a mem\u00f3ria do antigo caminho das mulas que iam do Sul para Minas Gerais.<\/p>\n\n\n\n<p>Foi nesse contexto que a cultura cabocla encontrou uma porta de entrada. Embora sejam um povo campeiro tradicional, os caboclos n\u00e3o possuem a mesma visibilidade dos grupos mais organizados.<\/p>\n\n\n\n<p class=\"has-medium-font-size\">Confira a agenda do Parque dos Tropeiros Cultural<\/p>\n\n\n\n<p>S\u00e1bado &#8211; 06\/12<\/p>\n\n\n\n<p>10:00: Aula de dan\u00e7a ga\u00facha com CTG 20 de Setembro (Palco de Cima)<br>11:00: Apresenta\u00e7\u00f5es de dan\u00e7a CTG 20 de Setembro (Palco de Cima)<br>12:00: Pampeana F\u00e9<br>13:30: Abertura Oficial \/ Falas de Autoridades<br>15:00: Homenagens &#8211; personalidades hist\u00f3ricas<br>15:30: Show Lara Rossato<br>17:00: Apresenta\u00e7\u00e3o SMSAN<br>18:30: Grupo Manota\u00e7o<br>20:30: Baitaca<br>22:30: Encerramento<\/p>\n\n\n\n<p>Domingo &#8211; 07\/12<\/p>\n\n\n\n<p>09:00: Abertura: Oficina e palestra sobre o Tropeirismo (Cima)<br>09:00: 1\u00aa Exposi\u00e7\u00e3o Cavalo Crioulo Tradi\u00e7\u00e3o e Cultura<br>12:00: Projeto Caboclo Tingu\u00ed<br>13:00: Palestra Giuliana (Palco de Cima)<br>13:30: Tert\u00falia \/ Integra\u00e7\u00e3o \/ Dan\u00e7a dos CTGs em conjunto (Palco de cima)<br>15:00: Show Lara Rossato<br>18:30: Show com Walther Morais<br>21:00: Encerramento<\/p>\n\n\n\n<p>O evento \u00e9 gratuito, exceto aos visitantes da 1\u00aa Exposi\u00e7\u00e3o Cavalo Crioulo Tradi\u00e7\u00e3o e Cultura. Al\u00e9m de shows e palestras, o local ter\u00e1 \u00e1rea gastron\u00f4mica, com food trucks, costela fogo de ch\u00e3o e drinks com erva mate.<\/p>\n\n\n\n<p>Servi\u00e7o:<\/p>\n\n\n\n<p>Apresenta\u00e7\u00e3o Caboclo Tingui<br>Local: Parque dos Tropeiros<br>Evento: Parque dos Tropeiros Cultural<br>Data: 6 e 7 de dezembro<br>Hor\u00e1rio: a partir das 9h<br>Endere\u00e7o: Rua Maria L\u00facia Locher de Athayde &#8211; Cidade Industrial De Curitiba<br>Evento Gratuito (exceto 1\u00aa Exposi\u00e7\u00e3o Cavalo Crioulo Tradi\u00e7\u00e3o&nbsp;e&nbsp;Cultura)<\/p>\n","protected":false},"excerpt":{"rendered":"<p>Parque dos Tropeiros Cultural celebra tradi\u00e7\u00e3o campeira do Paran\u00e1 neste final de semana Neste final de semana, dias 6 e 7, Curitiba recebe um evento que promete unir as diversas manifesta\u00e7\u00f5es do universo campeiro: o Parque dos Tropeiros Cultural. Dentre as atra\u00e7\u00f5es confirmadas, o grupo curitibano Caboclo Tingui apresenta seu novo projeto, Roda sobre Rodas, [&hellip;]<\/p>\n","protected":false},"author":1,"featured_media":5333,"comment_status":"open","ping_status":"open","sticky":false,"template":"","format":"standard","meta":{"footnotes":""},"categories":[186,27],"tags":[],"class_list":["post-5332","post","type-post","status-publish","format-standard","has-post-thumbnail","hentry","category-eventos","category-musica"],"_links":{"self":[{"href":"https:\/\/diarioparanaense.com\/index.php?rest_route=\/wp\/v2\/posts\/5332","targetHints":{"allow":["GET"]}}],"collection":[{"href":"https:\/\/diarioparanaense.com\/index.php?rest_route=\/wp\/v2\/posts"}],"about":[{"href":"https:\/\/diarioparanaense.com\/index.php?rest_route=\/wp\/v2\/types\/post"}],"author":[{"embeddable":true,"href":"https:\/\/diarioparanaense.com\/index.php?rest_route=\/wp\/v2\/users\/1"}],"replies":[{"embeddable":true,"href":"https:\/\/diarioparanaense.com\/index.php?rest_route=%2Fwp%2Fv2%2Fcomments&post=5332"}],"version-history":[{"count":1,"href":"https:\/\/diarioparanaense.com\/index.php?rest_route=\/wp\/v2\/posts\/5332\/revisions"}],"predecessor-version":[{"id":5334,"href":"https:\/\/diarioparanaense.com\/index.php?rest_route=\/wp\/v2\/posts\/5332\/revisions\/5334"}],"wp:featuredmedia":[{"embeddable":true,"href":"https:\/\/diarioparanaense.com\/index.php?rest_route=\/wp\/v2\/media\/5333"}],"wp:attachment":[{"href":"https:\/\/diarioparanaense.com\/index.php?rest_route=%2Fwp%2Fv2%2Fmedia&parent=5332"}],"wp:term":[{"taxonomy":"category","embeddable":true,"href":"https:\/\/diarioparanaense.com\/index.php?rest_route=%2Fwp%2Fv2%2Fcategories&post=5332"},{"taxonomy":"post_tag","embeddable":true,"href":"https:\/\/diarioparanaense.com\/index.php?rest_route=%2Fwp%2Fv2%2Ftags&post=5332"}],"curies":[{"name":"wp","href":"https:\/\/api.w.org\/{rel}","templated":true}]}}