{"id":5323,"date":"2025-12-03T10:37:42","date_gmt":"2025-12-03T13:37:42","guid":{"rendered":"https:\/\/diarioparanaense.com\/?p=5323"},"modified":"2025-12-03T10:37:43","modified_gmt":"2025-12-03T13:37:43","slug":"brasil-dia-internacional-da-pessoa-com-deficiencia-esporte-adaptado-e-caminho-para-a-inclusaoma-potencia-paralimpica","status":"publish","type":"post","link":"https:\/\/diarioparanaense.com\/?p=5323","title":{"rendered":"Brasil: Dia Internacional da Pessoa com Defici\u00eancia: esporte adaptado \u00e9 caminho para a inclus\u00e3oma pot\u00eancia paral\u00edmpica"},"content":{"rendered":"\n<p class=\"has-medium-font-size\">Conhe\u00e7a as trajet\u00f3rias de Carminha de Oliveira e Iza\u00edas Monteiro na paraesgrima<\/p>\n\n\n\n<p>Institu\u00eddo pela Organiza\u00e7\u00e3o das Na\u00e7\u00f5es Unidas (ONU) em 1992, o Dia Internacional da Pessoa com Defici\u00eancia \u00e9 celebrado em 3 de dezembro. A comemora\u00e7\u00e3o \u00e9 uma oportunidade de reflex\u00e3o sobre os desafios enfrentados por este grupo e mobilizar a\u00e7\u00f5es efetivas para um futuro verdadeiramente acess\u00edvel e igual, al\u00e9m de combater o capacitismo, que se manifesta na forma de preconceito e discrimina\u00e7\u00e3o social contra pessoas com defici\u00eancia.<\/p>\n\n\n\n<p>Em paralelo, o esporte se apresenta como uma poderosa ferramenta de reabilita\u00e7\u00e3o, eleva\u00e7\u00e3o da autoestima, integra\u00e7\u00e3o social e quebra de barreiras. Atrav\u00e9s da pr\u00e1tica esportiva adaptada, atletas demonstram resili\u00eancia, potencial e supera\u00e7\u00e3o, desafiando a percep\u00e7\u00e3o limitante da sociedade sobre a defici\u00eancia. Esse foi o caminho de Izaias Monteiro e Carminha de Oliveira, atletas de paraesgrima.<\/p>\n\n\n\n<p>Supera\u00e7\u00e3o<\/p>\n\n\n\n<p>Carminha teve atrofia na parte inferior da perna direita aos tr\u00eas anos, em decorr\u00eancia de uma vacina de poliomielite vencida. J\u00e1 Iza\u00edas, em 2008, ficou parapl\u00e9gico por uma les\u00e3o na v\u00e9rtebra T5 ap\u00f3s um acidente com arma de fogo. Em vez de se tornarem um limite, suas defici\u00eancias abriram um novo caminho de oportunidades para ambos.<\/p>\n\n\n\n<p>No esporte, Carminha e Iza\u00edas descobriram habilidades e se tornaram destaques nacionais na paraesgrima. Carminha \u00e9 a atleta que mais venceu na categoria A, que inclui atletas com mobilidade no tronco, amputados ou com outras limita\u00e7\u00f5es de movimento e que possuem bom equil\u00edbrio para se movimentar no ataque e na defesa.<\/p>\n\n\n\n<p>Ela tamb\u00e9m \u00e9 a \u00fanica paranaense na esgrima com duas participa\u00e7\u00f5es em Paralimp\u00edadas. \u201cA esgrima me abriu portas e me deu oportunidades. Atrav\u00e9s do esporte pude fazer minha gradua\u00e7\u00e3o em Assist\u00eancia Social e conhecer v\u00e1rios pa\u00edses\u201d, afirma Carminha.<\/p>\n\n\n\n<p>Iza\u00edas Monteiro \u00e9 tricampe\u00e3o da Copa Brasil de Sabre na Categoria B (atletas com total equil\u00edbrio sentado e bra\u00e7o armado normal, membros inferiores sem funcionalidade ou com grande comprometimento de funcionalidade), com t\u00edtulos em 2022, 2023 e 2025, al\u00e9m de ser vice-campe\u00e3o brasileiro de Espada Categoria B nos mesmos anos. Atualmente, ele ocupa o 1\u00ba lugar no ranking nacional de Sabre B e o 3\u00ba no de Espada B, evidenciando uma temporada de consist\u00eancia not\u00e1vel. Em novembro deste ano, o atleta representou o Brasil na Copa do Mundo da Tail\u00e2ndia. \u201cDepois do acidente que me deixou sem os movimentos da parte inferior eu passei por um longo per\u00edodo de depress\u00e3o. A canoagem foi o primeiro esporte que pratiquei, mas foi na paraesgrima que me encontrei como atleta e me sinto realizado\u201d, conta Iza\u00edas.<\/p>\n\n\n\n<p>O Brasil se consolidou como uma pot\u00eancia no esporte paral\u00edmpico, alcan\u00e7ando resultados importantes, que inspiram e refor\u00e7am a necessidade do investimento em inclus\u00e3o. O pa\u00eds tem figurado constantemente no Top 10 do quadro de medalhas nas \u00faltimas edi\u00e7\u00f5es dos Jogos Paral\u00edmpicos.<\/p>\n\n\n\n<p>Em T\u00f3quio 2020, por exemplo, o Brasil fez sua melhor campanha hist\u00f3rica at\u00e9 ent\u00e3o em n\u00famero de ouros, somando 22 medalhas de ouro e um total de 72 p\u00f3dios (igualando o recorde do Rio 2016). Recentemente, nos Jogos de Paris 2024, o pa\u00eds superou esse feito, registrando sua melhor campanha da hist\u00f3ria ao terminar no Top 5 do quadro de medalhas, com 25 ouros e um total de 89 medalhas.<\/p>\n\n\n\n<p>Para Clodoaldo Zafatoski, vice-presidente do Fundo Municipal de Esportes e membro da Comiss\u00e3o Estadual do programa Gera\u00e7\u00e3o Ol\u00edmpica e Paral\u00edmpica mantida pela Copel, investir no esporte \u00e9 acreditar no futuro de milhares de crian\u00e7as, jovens e adultos. \u201cMuitas pessoas n\u00e3o t\u00eam possibilidade de escolha em suas vidas at\u00e9 que o esporte proporcione um novo caminho. Olhar para a pessoa com defici\u00eancia e entender as necessidades, dentro e fora do esporte, \u00e9 de extrema import\u00e2ncia para a sociedade. Todo movimento em prol da inclus\u00e3o esportiva \u00e9 capaz de criar refer\u00eancias positivas e transformar vidas\u201d, afirma Clodoaldo, tamb\u00e9m atleta de paraesgrima e vice-presidente da Federa\u00e7\u00e3o de Esgrima&nbsp;do&nbsp;Paran\u00e1.<\/p>\n","protected":false},"excerpt":{"rendered":"<p>Conhe\u00e7a as trajet\u00f3rias de Carminha de Oliveira e Iza\u00edas Monteiro na paraesgrima Institu\u00eddo pela Organiza\u00e7\u00e3o das Na\u00e7\u00f5es Unidas (ONU) em 1992, o Dia Internacional da Pessoa com Defici\u00eancia \u00e9 celebrado em 3 de dezembro. A comemora\u00e7\u00e3o \u00e9 uma oportunidade de reflex\u00e3o sobre os desafios enfrentados por este grupo e mobilizar a\u00e7\u00f5es efetivas para um futuro [&hellip;]<\/p>\n","protected":false},"author":1,"featured_media":5324,"comment_status":"open","ping_status":"open","sticky":false,"template":"","format":"standard","meta":{"footnotes":""},"categories":[29],"tags":[],"class_list":["post-5323","post","type-post","status-publish","format-standard","has-post-thumbnail","hentry","category-artigos"],"_links":{"self":[{"href":"https:\/\/diarioparanaense.com\/index.php?rest_route=\/wp\/v2\/posts\/5323","targetHints":{"allow":["GET"]}}],"collection":[{"href":"https:\/\/diarioparanaense.com\/index.php?rest_route=\/wp\/v2\/posts"}],"about":[{"href":"https:\/\/diarioparanaense.com\/index.php?rest_route=\/wp\/v2\/types\/post"}],"author":[{"embeddable":true,"href":"https:\/\/diarioparanaense.com\/index.php?rest_route=\/wp\/v2\/users\/1"}],"replies":[{"embeddable":true,"href":"https:\/\/diarioparanaense.com\/index.php?rest_route=%2Fwp%2Fv2%2Fcomments&post=5323"}],"version-history":[{"count":1,"href":"https:\/\/diarioparanaense.com\/index.php?rest_route=\/wp\/v2\/posts\/5323\/revisions"}],"predecessor-version":[{"id":5325,"href":"https:\/\/diarioparanaense.com\/index.php?rest_route=\/wp\/v2\/posts\/5323\/revisions\/5325"}],"wp:featuredmedia":[{"embeddable":true,"href":"https:\/\/diarioparanaense.com\/index.php?rest_route=\/wp\/v2\/media\/5324"}],"wp:attachment":[{"href":"https:\/\/diarioparanaense.com\/index.php?rest_route=%2Fwp%2Fv2%2Fmedia&parent=5323"}],"wp:term":[{"taxonomy":"category","embeddable":true,"href":"https:\/\/diarioparanaense.com\/index.php?rest_route=%2Fwp%2Fv2%2Fcategories&post=5323"},{"taxonomy":"post_tag","embeddable":true,"href":"https:\/\/diarioparanaense.com\/index.php?rest_route=%2Fwp%2Fv2%2Ftags&post=5323"}],"curies":[{"name":"wp","href":"https:\/\/api.w.org\/{rel}","templated":true}]}}