{"id":5312,"date":"2025-12-03T09:26:22","date_gmt":"2025-12-03T12:26:22","guid":{"rendered":"https:\/\/diarioparanaense.com\/?p=5312"},"modified":"2025-12-03T09:26:23","modified_gmt":"2025-12-03T12:26:23","slug":"yadea-eletra-chega-a-curitiba-e-acelera-a-mobilidade-eletrica-no-parana","status":"publish","type":"post","link":"https:\/\/diarioparanaense.com\/?p=5312","title":{"rendered":"Yadea Eletra chega a Curitiba e acelera a mobilidade el\u00e9trica no Paran\u00e1"},"content":{"rendered":"\n<p>Curitiba testemunhou na noite de 28 de novembro a inaugura\u00e7\u00e3o da Yadea Eletra, a mais nova concession\u00e1ria de motocicletas el\u00e9tricas. A chegada da Yadea \u2014 marca l\u00edder global em ve\u00edculos el\u00e9tricos de duas rodas \u2014 oferece agora aos paranaenses acesso a uma frota inovadora e sustent\u00e1vel.<br><br>O evento de celebra\u00e7\u00e3o reuniu convidados, autoridades, imprensa, influenciadores e importantes executivos da montadora: He Dongsheg (Gerente Geral da Am\u00e9rica do Sul), Huang Mingjie (Gerente de Marketing), Du Zhongyi (Gerente de P\u00f3s-Venda), Zhu Wenqiu &#8211; Ricardo (Gerente de Marketing Internacional), Yan Weibiao (Diretor de Marketing Internacional) e Hou Jintao (Diretor de Engenharia).<br><br>Representando o Grupo Yadea Eletra no Brasil, a inaugura\u00e7\u00e3o contou com a presen\u00e7a de Marcello Macedo (diretor do Grupo), Leise Braga (s\u00f3cia respons\u00e1vel pelas unidades de Curitiba e Litoral), Rudney Doscher (s\u00f3cio respons\u00e1vel pelas unidades do interior do Paran\u00e1) e Marcio Surugi (diretor Administrativo Financeiro).<br><br>A Yadea Eletra visa atender o crescente mercado de ve\u00edculos el\u00e9tricos e a demanda por solu\u00e7\u00f5es de mobilidade urbana que priorizem a sustentabilidade. As motocicletas Yadea s\u00e3o um s\u00edmbolo de inova\u00e7\u00e3o e consci\u00eancia ambiental, promovendo um futuro mais limpo para o transporte.<\/p>\n\n\n\n<p><strong><em>Sobre a YADEA:<\/em><\/strong><\/p>\n\n\n\n<p><em>Como l\u00edder global em mobilidade el\u00e9trica de duas rodas, a <\/em><a href=\"https:\/\/yadea.com.br\/\"><strong><em>YADEA<\/em><\/strong><\/a><em> se dedica a inspirar uma nova era de transporte urbano sustent\u00e1vel \u2014 <strong>Electrify Your Life<\/strong> \u2014 por meio de inova\u00e7\u00e3o cont\u00ednua, tecnologia de ponta e compromisso com a qualidade e o meio ambiente. A montadora investe em Pesquisa &amp; Desenvolvimento (P&amp;D), produ\u00e7\u00e3o e expans\u00e3o global para construir um futuro compartilhado e sustent\u00e1vel para a humanidade. Presente em mais de 100 pa\u00edses, a marca redefine o que significa mobilidade urbana moderna. Mais do que um meio de transporte, as motos el\u00e9tricas YADEA s\u00e3o um s\u00edmbolo de inova\u00e7\u00e3o e consci\u00eancia ambiental. Com motores de alta efici\u00eancia, baterias de \u00faltima gera\u00e7\u00e3o e design inteligente, elas proporcionam uma experi\u00eancia de pilotagem silenciosa, \u00e1gil e livre de emiss\u00f5es poluentes \u2014 um passo importante rumo a um futuro movido pela energia verde. Com a chegada da YADEA ao Brasil, a mobilidade urbana ganha um novo significado: mais sustent\u00e1vel, mais inteligente e muito mais divertida.<\/em><\/p>\n","protected":false},"excerpt":{"rendered":"<p>Curitiba testemunhou na noite de 28 de novembro a inaugura\u00e7\u00e3o da Yadea Eletra, a mais nova concession\u00e1ria de motocicletas el\u00e9tricas. A chegada da Yadea \u2014 marca l\u00edder global em ve\u00edculos el\u00e9tricos de duas rodas \u2014 oferece agora aos paranaenses acesso a uma frota inovadora e sustent\u00e1vel. O evento de celebra\u00e7\u00e3o reuniu convidados, autoridades, imprensa, influenciadores [&hellip;]<\/p>\n","protected":false},"author":1,"featured_media":5319,"comment_status":"open","ping_status":"open","sticky":false,"template":"","format":"standard","meta":{"footnotes":""},"categories":[324],"tags":[],"class_list":["post-5312","post","type-post","status-publish","format-standard","has-post-thumbnail","hentry","category-negocios"],"_links":{"self":[{"href":"https:\/\/diarioparanaense.com\/index.php?rest_route=\/wp\/v2\/posts\/5312","targetHints":{"allow":["GET"]}}],"collection":[{"href":"https:\/\/diarioparanaense.com\/index.php?rest_route=\/wp\/v2\/posts"}],"about":[{"href":"https:\/\/diarioparanaense.com\/index.php?rest_route=\/wp\/v2\/types\/post"}],"author":[{"embeddable":true,"href":"https:\/\/diarioparanaense.com\/index.php?rest_route=\/wp\/v2\/users\/1"}],"replies":[{"embeddable":true,"href":"https:\/\/diarioparanaense.com\/index.php?rest_route=%2Fwp%2Fv2%2Fcomments&post=5312"}],"version-history":[{"count":1,"href":"https:\/\/diarioparanaense.com\/index.php?rest_route=\/wp\/v2\/posts\/5312\/revisions"}],"predecessor-version":[{"id":5320,"href":"https:\/\/diarioparanaense.com\/index.php?rest_route=\/wp\/v2\/posts\/5312\/revisions\/5320"}],"wp:featuredmedia":[{"embeddable":true,"href":"https:\/\/diarioparanaense.com\/index.php?rest_route=\/wp\/v2\/media\/5319"}],"wp:attachment":[{"href":"https:\/\/diarioparanaense.com\/index.php?rest_route=%2Fwp%2Fv2%2Fmedia&parent=5312"}],"wp:term":[{"taxonomy":"category","embeddable":true,"href":"https:\/\/diarioparanaense.com\/index.php?rest_route=%2Fwp%2Fv2%2Fcategories&post=5312"},{"taxonomy":"post_tag","embeddable":true,"href":"https:\/\/diarioparanaense.com\/index.php?rest_route=%2Fwp%2Fv2%2Ftags&post=5312"}],"curies":[{"name":"wp","href":"https:\/\/api.w.org\/{rel}","templated":true}]}}