{"id":5311,"date":"2025-12-03T09:31:28","date_gmt":"2025-12-03T12:31:28","guid":{"rendered":"https:\/\/diarioparanaense.com\/?p=5311"},"modified":"2025-12-03T09:31:28","modified_gmt":"2025-12-03T12:31:28","slug":"branka-lanca-single-e-faz-turne-pelo-japao-com-shows-em-homenagem-a-clara-nunes-e-defende-a-tradicao-do-samba","status":"publish","type":"post","link":"https:\/\/diarioparanaense.com\/?p=5311","title":{"rendered":"Branka lan\u00e7a single, e\u00a0 faz turn\u00ea pelo Jap\u00e3o com shows em homenagem a Clara Nunes e defende a tradi\u00e7\u00e3o do samba"},"content":{"rendered":"\n<p class=\"has-medium-font-size\">Branka realiza uma turn\u00ea especial pelo Jap\u00e3o, levando o samba e a for\u00e7a de Clara Nunes a cidades como Hamamatsu e T\u00f3quio \u2014 um elo cultural que segue vivo e pulsante entre os dois pa\u00edses.<\/p>\n\n\n\n<p>\u201cNo Dia Nacional do Samba, lan\u00e7o minha nova m\u00fasica \u2018Coroa\u00e7\u00e3o na Avenida\u2019, uma parceria com meu amigo e escritor Jonathas Augusto de Souza. Esse samba fala sobre as dificuldades que enfrentamos na vida e como cada uma delas nos impulsiona a evoluir espiritualmente. A f\u00e9 \u00e9 o que nos fortalece para seguir em frente, firmes na nossa miss\u00e3o de vida. \u00c9 uma can\u00e7\u00e3o de luz, de resist\u00eancia e de amor ao que somos e ao que acreditamos,\u201d diz a artista. \u201c\u2018Coroa\u00e7\u00e3o na Avenida\u2019 \u00e9 um samba sobre f\u00e9, resist\u00eancia e renascimento. A letra constr\u00f3i a narrativa de uma travessia espiritual e de consagra\u00e7\u00e3o de quem vem de baixo, carrega cicatrizes, mas encontra na m\u00fasica um caminho de luz. \u00c9 uma homenagem \u00e0 for\u00e7a feminina, \u00e0 ancestralidade e \u00e0 beleza de seguir acreditando \u2014 mesmo quando o mundo parece esquecer o valor do samba.\u201d, conta o parceiro na composi\u00e7\u00e3o, Jonathas Augusto de Souza. Para Carlinhos 7 Cordas, produtor do single \u201cfoi um prazer ter dirigido essa produ\u00e7\u00e3o apresentando ao mercado um excelente samba in\u00e9dito, com profunda interpreta\u00e7\u00e3o de Branka, essa artista que se preocupa com a renova\u00e7\u00e3o do samba, mas n\u00e3o esquece a tradi\u00e7\u00e3o\u201d.<\/p>\n\n\n\n<p>Branka, conhecida por sua trajet\u00f3ria no samba e por sua interpreta\u00e7\u00e3o visceral, faz show em homenagem \u00e0 Clara Nunes no dia 07 de dezembro, em T\u00f3quio. \u201cEssa apresenta\u00e7\u00e3o vai contar com a participa\u00e7\u00e3o da Portela do Jap\u00e3o. \u00c9 emocionante ver o samba ecoando do outro lado do mundo! Al\u00e9m do show, tamb\u00e9m vou participar de rodas de samba com m\u00fasicos japoneses e brasileiros \u2014 encontros que simbolizam essa ponte de amor e irmandade que o samba constr\u00f3i entre os povos\u201d, celebra Branka&nbsp;<\/p>\n\n\n\n<p>Ser\u00e1 uma viagem de resgate e celebra\u00e7\u00e3o, mostrando o quanto a presen\u00e7a de Clara foi marcante e inspiradora at\u00e9 hoje,\u201d revela a cantora. A turn\u00ea tem a produ\u00e7\u00e3o no Jap\u00e3o&nbsp; de Marquinhos Ramos, da Tupiniquim Produ\u00e7\u00f5es. Produ\u00e7\u00e3o&nbsp;<a href=\"http:\/\/tupiniquim.jp\/\" target=\"_blank\" rel=\"noreferrer noopener\">tupiniquim.jp<\/a><\/p>\n\n\n\n<p>AGENDA JAP\u00c3O<\/p>\n\n\n\n<p>02\/12 (segunda) \u2013 Workshop intimista para 20 pessoas (Dia Internacional do Samba)<\/p>\n\n\n\n<p>06\/12 (sexta) \u2013 Roda de Samba em T\u00f3quio<\/p>\n\n\n\n<p>07\/12 (s\u00e1bado) \u2013 Show \u201cBranka Canta Clara\u201d \u2013 participa\u00e7\u00e3o especial da Portela do Jap\u00e3o.<\/p>\n","protected":false},"excerpt":{"rendered":"<p>Branka realiza uma turn\u00ea especial pelo Jap\u00e3o, levando o samba e a for\u00e7a de Clara Nunes a cidades como Hamamatsu e T\u00f3quio \u2014 um elo cultural que segue vivo e pulsante entre os dois pa\u00edses. \u201cNo Dia Nacional do Samba, lan\u00e7o minha nova m\u00fasica \u2018Coroa\u00e7\u00e3o na Avenida\u2019, uma parceria com meu amigo e escritor Jonathas [&hellip;]<\/p>\n","protected":false},"author":1,"featured_media":5321,"comment_status":"open","ping_status":"open","sticky":false,"template":"","format":"standard","meta":{"footnotes":""},"categories":[27],"tags":[],"class_list":["post-5311","post","type-post","status-publish","format-standard","has-post-thumbnail","hentry","category-musica"],"_links":{"self":[{"href":"https:\/\/diarioparanaense.com\/index.php?rest_route=\/wp\/v2\/posts\/5311","targetHints":{"allow":["GET"]}}],"collection":[{"href":"https:\/\/diarioparanaense.com\/index.php?rest_route=\/wp\/v2\/posts"}],"about":[{"href":"https:\/\/diarioparanaense.com\/index.php?rest_route=\/wp\/v2\/types\/post"}],"author":[{"embeddable":true,"href":"https:\/\/diarioparanaense.com\/index.php?rest_route=\/wp\/v2\/users\/1"}],"replies":[{"embeddable":true,"href":"https:\/\/diarioparanaense.com\/index.php?rest_route=%2Fwp%2Fv2%2Fcomments&post=5311"}],"version-history":[{"count":1,"href":"https:\/\/diarioparanaense.com\/index.php?rest_route=\/wp\/v2\/posts\/5311\/revisions"}],"predecessor-version":[{"id":5322,"href":"https:\/\/diarioparanaense.com\/index.php?rest_route=\/wp\/v2\/posts\/5311\/revisions\/5322"}],"wp:featuredmedia":[{"embeddable":true,"href":"https:\/\/diarioparanaense.com\/index.php?rest_route=\/wp\/v2\/media\/5321"}],"wp:attachment":[{"href":"https:\/\/diarioparanaense.com\/index.php?rest_route=%2Fwp%2Fv2%2Fmedia&parent=5311"}],"wp:term":[{"taxonomy":"category","embeddable":true,"href":"https:\/\/diarioparanaense.com\/index.php?rest_route=%2Fwp%2Fv2%2Fcategories&post=5311"},{"taxonomy":"post_tag","embeddable":true,"href":"https:\/\/diarioparanaense.com\/index.php?rest_route=%2Fwp%2Fv2%2Ftags&post=5311"}],"curies":[{"name":"wp","href":"https:\/\/api.w.org\/{rel}","templated":true}]}}