{"id":5305,"date":"2025-12-02T13:38:37","date_gmt":"2025-12-02T16:38:37","guid":{"rendered":"https:\/\/diarioparanaense.com\/?p=5305"},"modified":"2025-12-02T13:38:37","modified_gmt":"2025-12-02T16:38:37","slug":"grupo-minipreco-anuncia-mega-liquidacao-com-itens-de-natal-pela-metade-do-preco","status":"publish","type":"post","link":"https:\/\/diarioparanaense.com\/?p=5305","title":{"rendered":"Grupo MiniPre\u00e7o anuncia mega liquida\u00e7\u00e3o com itens de Natal pela metade do pre\u00e7o"},"content":{"rendered":"\n<p class=\"has-medium-font-size\">Campanha Liquida Decor oferece descontos de at\u00e9 70% para renova\u00e7\u00e3o da casa<\/p>\n\n\n\n<p>O Grupo MiniPre\u00e7o, conhecido pela diversidade de sua linha de produtos para o lar, anuncia uma mega campanha de descontos que promete agitar as compras de fim de ano. A grande atra\u00e7\u00e3o \u00e9 a Liquida Decor MiniPre\u00e7o, que entra em vigor a partir do dia 05 de dezembro. O foco inicial \u00e9 a liquida\u00e7\u00e3o total da decora\u00e7\u00e3o natalina, com todos os itens sendo vendidos pela metade do pre\u00e7o.<\/p>\n\n\n\n<p>Al\u00e9m dos artigos natalinos, a Liquida Decor abrange todo o departamento de decora\u00e7\u00e3o. Com descontos de at\u00e9 70% e ampla variedade de produtos, como quadros, vasos, esculturas, espelhos, arranjos florais e porta-retratos. &#8220;A campanha \u00e9 estrat\u00e9gica para a troca de cole\u00e7\u00e3o, permitindo que nossos clientes renovem toda a casa com m\u00e1xima economia e tenham enfeites bonitos e coloridos para aproveitar o Natal&#8221;, afirma o diretor comercial do Grupo MiniPre\u00e7o, Beni Gelhorn.<\/p>\n\n\n\n<p class=\"has-medium-font-size\">J\u00e1 \u00e9 ver\u00e3o no MiniPre\u00e7o<\/p>\n\n\n\n<p>N\u00e3o \u00e9 s\u00f3 de decora\u00e7\u00e3o que vive o fim de ano do Grupo MiniPre\u00e7o. Desde 1\u00ba de dezembro a loja lan\u00e7a sua Campanha de Ver\u00e3o, oferecendo um mix de produtos completo para quem busca sol, praia e piscina. A campanha visa garantir que os clientes estejam totalmente preparados para aproveitar as f\u00e9rias e o calor.<\/p>\n\n\n\n<p>Entre os produtos em destaque est\u00e3o cadeiras de praia, gazebo, guarda-sol, caixa e copo t\u00e9rmicos, piscinas infl\u00e1veis, flutuadores, b\u00f3ias e brinquedos de praia. \u201cSimultaneamente \u00e0 liquida\u00e7\u00e3o de Natal, lan\u00e7amos a Campanha de Ver\u00e3o. Queremos garantir que as fam\u00edlias n\u00e3o apenas celebrem o Natal com uma casa linda, mas que tamb\u00e9m estejam totalmente equipadas para desfrutar o ver\u00e3o e as f\u00e9rias com produtos de alta qualidade e pre\u00e7os acess\u00edveis\u201d, complementa Beni Gelhorn.<\/p>\n\n\n\n<p>A campanha de descontos estar\u00e1 vigente at\u00e9 o dia 24 de dezembro, em todas as lojas da rede.<\/p>\n\n\n\n<p class=\"has-medium-font-size\">Servi\u00e7o:<\/p>\n\n\n\n<p>Liquida Decor MiniPre\u00e7o<br>Hor\u00e1rio de atendimento: de segunda a s\u00e1bado, das 9h \u00e0s 20h. Domingos e feriados, das 10h \u00e0s 19h.<br>Confira o endere\u00e7o mais pr\u00f3ximo em: <a href=\"https:\/\/site.minipreco.com.br\/lojas\/\">https:\/\/site.minipreco.com.br\/lojas\/<\/a><br>Redes Sociais: @miniprecobr<br>Clube MiniPre\u00e7o: <a href=\"https:\/\/onelink.to\/ncpdcu\">https:\/\/onelink.to\/ncpdcu<\/a><\/p>\n","protected":false},"excerpt":{"rendered":"<p>Campanha Liquida Decor oferece descontos de at\u00e9 70% para renova\u00e7\u00e3o da casa O Grupo MiniPre\u00e7o, conhecido pela diversidade de sua linha de produtos para o lar, anuncia uma mega campanha de descontos que promete agitar as compras de fim de ano. A grande atra\u00e7\u00e3o \u00e9 a Liquida Decor MiniPre\u00e7o, que entra em vigor a partir [&hellip;]<\/p>\n","protected":false},"author":1,"featured_media":5306,"comment_status":"open","ping_status":"open","sticky":false,"template":"","format":"standard","meta":{"footnotes":""},"categories":[424,324],"tags":[],"class_list":["post-5305","post","type-post","status-publish","format-standard","has-post-thumbnail","hentry","category-curitiba","category-negocios"],"_links":{"self":[{"href":"https:\/\/diarioparanaense.com\/index.php?rest_route=\/wp\/v2\/posts\/5305","targetHints":{"allow":["GET"]}}],"collection":[{"href":"https:\/\/diarioparanaense.com\/index.php?rest_route=\/wp\/v2\/posts"}],"about":[{"href":"https:\/\/diarioparanaense.com\/index.php?rest_route=\/wp\/v2\/types\/post"}],"author":[{"embeddable":true,"href":"https:\/\/diarioparanaense.com\/index.php?rest_route=\/wp\/v2\/users\/1"}],"replies":[{"embeddable":true,"href":"https:\/\/diarioparanaense.com\/index.php?rest_route=%2Fwp%2Fv2%2Fcomments&post=5305"}],"version-history":[{"count":1,"href":"https:\/\/diarioparanaense.com\/index.php?rest_route=\/wp\/v2\/posts\/5305\/revisions"}],"predecessor-version":[{"id":5307,"href":"https:\/\/diarioparanaense.com\/index.php?rest_route=\/wp\/v2\/posts\/5305\/revisions\/5307"}],"wp:featuredmedia":[{"embeddable":true,"href":"https:\/\/diarioparanaense.com\/index.php?rest_route=\/wp\/v2\/media\/5306"}],"wp:attachment":[{"href":"https:\/\/diarioparanaense.com\/index.php?rest_route=%2Fwp%2Fv2%2Fmedia&parent=5305"}],"wp:term":[{"taxonomy":"category","embeddable":true,"href":"https:\/\/diarioparanaense.com\/index.php?rest_route=%2Fwp%2Fv2%2Fcategories&post=5305"},{"taxonomy":"post_tag","embeddable":true,"href":"https:\/\/diarioparanaense.com\/index.php?rest_route=%2Fwp%2Fv2%2Ftags&post=5305"}],"curies":[{"name":"wp","href":"https:\/\/api.w.org\/{rel}","templated":true}]}}