{"id":5299,"date":"2025-12-02T09:07:41","date_gmt":"2025-12-02T12:07:41","guid":{"rendered":"https:\/\/diarioparanaense.com\/?p=5299"},"modified":"2025-12-02T09:07:42","modified_gmt":"2025-12-02T12:07:42","slug":"centro-de-neuropediatria-do-hospital-de-clinicas-ja-tem-data-para-reinauguracao","status":"publish","type":"post","link":"https:\/\/diarioparanaense.com\/?p=5299","title":{"rendered":"Centro de Neuropediatria do Hospital de Cl\u00ednicas j\u00e1 tem data para reinaugura\u00e7\u00e3o"},"content":{"rendered":"\n<p class=\"has-medium-font-size\">Espa\u00e7o de excel\u00eancia para tratamento neurol\u00f3gico infantil recebeu investimento de mais de R$2 milh\u00f5es<\/p>\n\n\n\n<p>O Centro de Neuropediatria do Hospital de Cl\u00ednicas da UFPR (CENEP) ser\u00e1 reinaugurado na pr\u00f3xima ter\u00e7a-feira (2), \u00e0s 9h, na sede da institui\u00e7\u00e3o, em evento fechado para convidados e autoridades. A obra de amplia\u00e7\u00e3o e reforma durou um ano e as melhorias devem elevar o padr\u00e3o de atendimento infantil na capital paranaense.<\/p>\n\n\n\n<p>Durante a reforma, os pacientes foram realocados para atendimento no Hospital Vitor do Amaral. A reforma do CENEP foi viabilizada por um investimento acima de R$2 milh\u00f5es. O montante foi arrecadado ap\u00f3s intensa mobiliza\u00e7\u00e3o dos Amigos do HC, incluindo a maior parte do valor para a obra com recursos da Megamania, doa\u00e7\u00f5es da Igreja de Jesus Cristo dos Santos dos \u00daltimos Dias para os equipamentos e infraestrutura interna e uma campanha de arrecada\u00e7\u00e3o junto \u00e0 comunidade.<\/p>\n\n\n\n<p>Domingos Murta, presidente da Associa\u00e7\u00e3o dos Amigos do HC, celebra o engajamento da comunidade na campanha de arrecada\u00e7\u00e3o. \u201cA reinaugura\u00e7\u00e3o do CENEP n\u00e3o \u00e9 apenas a entrega de uma obra, mas a entrega tamb\u00e9m de conforto, dignidade e seguran\u00e7a que os nossos pacientes precisam e merecem. Cada centavo investido, doado com tanto carinho, significa mais chances de cura para as nossas crian\u00e7as\u201d, afirma.<\/p>\n\n\n\n<p class=\"has-medium-font-size\">Sobre o CENEP<\/p>\n\n\n\n<p>O CENEP \u00e9 um dos mais importantes centros de refer\u00eancia no tratamento neuropedi\u00e1trico no sul do pa\u00eds. No local, s\u00e3o atendidas cerca de 2 mil crian\u00e7as por m\u00eas, entre rec\u00e9m-nascidos e adolescentes de at\u00e9 14 anos com diagn\u00f3stico de doen\u00e7as raras, transtorno do espectro autista, prematuridade extrema, epilepsia, transtorno de aprendizagem e outras doen\u00e7as neurol\u00f3gicas da inf\u00e2ncia.<\/p>\n\n\n\n<p>Com equipe multidisciplinar e atendimento 100% SUS, o CENEP conta com neurologistas, psiquiatras, nutricionista, assistente social, fisioterapeuta, musicoterapeuta e pedagogo. Os profissionais que atuam no centro de refer\u00eancia s\u00e3o reconhecidos nacionalmente, com curr\u00edculo recheado de palestras em eventos nacionais.<\/p>\n\n\n\n<p>O Centro de Neuropediatria do Hospital de Cl\u00ednicas da UFPR tamb\u00e9m recebe estudantes de medicina e m\u00e9dicos residentes que podem aprender na pr\u00e1tica sobre a neurologia infantil, sendo um campo de est\u00e1gio e resid\u00eancia para alunos de diversas \u00e1reas: Neuropediatria, Psiquiatria da Inf\u00e2ncia, Psicologia da Crian\u00e7a e do Adolescente, Medicina, Psicologia, Residentes em Pediatria, Psiquiatria e Fisioterapia.<\/p>\n\n\n\n<p class=\"has-medium-font-size\">Sobre a Associa\u00e7\u00e3o dos Amigos do HC<\/p>\n\n\n\n<p>Os Amigos do HC s\u00e3o uma Organiza\u00e7\u00e3o da Sociedade Civil (OSC) sem fins lucrativos, que h\u00e1 quase 40 anos atua na defesa de direitos e promo\u00e7\u00e3o da sa\u00fade. Seu compromisso consiste em melhorar a qualidade do atendimento aos pacientes SUS, familiares e acompanhantes do Complexo Hospital de Cl\u00ednicas da UFPR.<\/p>\n\n\n\n<p>Desde 2016, tamb\u00e9m prestam assist\u00eancia interdisciplinar para crian\u00e7as e adolescentes v\u00edtimas de viol\u00eancias graves e grav\u00edssimas por meio do Programa DEDICA \u2013 Defesa dos Direitos da Crian\u00e7a e do Adolescente. Em 2024, ampliaram a atua\u00e7\u00e3o na prote\u00e7\u00e3o dos direitos da crian\u00e7a e do adolescente com o lan\u00e7amento do Programa PROTEGER, que passou a oferecer em Paranagu\u00e1 o mesmo modelo de atendimento interdisciplinar realizado pelo DEDICA, em Curitiba. Al\u00e9m disso, mant\u00e9m desde 2021 o Programa CEDIVIDA \u2013 Centro de Direitos \u00e0 Vida da Pessoa Idosa, ampliando a atua\u00e7\u00e3o para a causa do envelhecimento digno.<\/p>\n\n\n\n<p><strong>Servi\u00e7o:<\/strong><\/p>\n\n\n\n<p><strong>Centro de Neuropediatria do Hospital de Cl\u00ednicas da UFPR<br><\/strong>Endere\u00e7o: Rua Floriano Essenfelder, 81 &#8211; Alto da Gl\u00f3ria, Curitiba &#8211; PR, 80060-270<br>Telefone: (41) 3204-2100<br>Hor\u00e1rio de atendimento:\u00a0das\u00a07h\u00a0\u00e0s\u00a018h<\/p>\n","protected":false},"excerpt":{"rendered":"<p>Espa\u00e7o de excel\u00eancia para tratamento neurol\u00f3gico infantil recebeu investimento de mais de R$2 milh\u00f5es O Centro de Neuropediatria do Hospital de Cl\u00ednicas da UFPR (CENEP) ser\u00e1 reinaugurado na pr\u00f3xima ter\u00e7a-feira (2), \u00e0s 9h, na sede da institui\u00e7\u00e3o, em evento fechado para convidados e autoridades. A obra de amplia\u00e7\u00e3o e reforma durou um ano e as [&hellip;]<\/p>\n","protected":false},"author":1,"featured_media":5301,"comment_status":"open","ping_status":"open","sticky":false,"template":"","format":"standard","meta":{"footnotes":""},"categories":[424,164],"tags":[],"class_list":["post-5299","post","type-post","status-publish","format-standard","has-post-thumbnail","hentry","category-curitiba","category-saude-2"],"_links":{"self":[{"href":"https:\/\/diarioparanaense.com\/index.php?rest_route=\/wp\/v2\/posts\/5299","targetHints":{"allow":["GET"]}}],"collection":[{"href":"https:\/\/diarioparanaense.com\/index.php?rest_route=\/wp\/v2\/posts"}],"about":[{"href":"https:\/\/diarioparanaense.com\/index.php?rest_route=\/wp\/v2\/types\/post"}],"author":[{"embeddable":true,"href":"https:\/\/diarioparanaense.com\/index.php?rest_route=\/wp\/v2\/users\/1"}],"replies":[{"embeddable":true,"href":"https:\/\/diarioparanaense.com\/index.php?rest_route=%2Fwp%2Fv2%2Fcomments&post=5299"}],"version-history":[{"count":1,"href":"https:\/\/diarioparanaense.com\/index.php?rest_route=\/wp\/v2\/posts\/5299\/revisions"}],"predecessor-version":[{"id":5302,"href":"https:\/\/diarioparanaense.com\/index.php?rest_route=\/wp\/v2\/posts\/5299\/revisions\/5302"}],"wp:featuredmedia":[{"embeddable":true,"href":"https:\/\/diarioparanaense.com\/index.php?rest_route=\/wp\/v2\/media\/5301"}],"wp:attachment":[{"href":"https:\/\/diarioparanaense.com\/index.php?rest_route=%2Fwp%2Fv2%2Fmedia&parent=5299"}],"wp:term":[{"taxonomy":"category","embeddable":true,"href":"https:\/\/diarioparanaense.com\/index.php?rest_route=%2Fwp%2Fv2%2Fcategories&post=5299"},{"taxonomy":"post_tag","embeddable":true,"href":"https:\/\/diarioparanaense.com\/index.php?rest_route=%2Fwp%2Fv2%2Ftags&post=5299"}],"curies":[{"name":"wp","href":"https:\/\/api.w.org\/{rel}","templated":true}]}}