{"id":5290,"date":"2025-11-27T11:27:11","date_gmt":"2025-11-27T14:27:11","guid":{"rendered":"https:\/\/diarioparanaense.com\/?p=5290"},"modified":"2025-11-27T11:27:12","modified_gmt":"2025-11-27T14:27:12","slug":"marista-paranaense-promove-9a-cantata-de-natal-com-espetaculo-e-acao-solidaria","status":"publish","type":"post","link":"https:\/\/diarioparanaense.com\/?p=5290","title":{"rendered":"Marista Paranaense promove 9\u00aa Cantata de Natal com espet\u00e1culo e a\u00e7\u00e3o solid\u00e1ria"},"content":{"rendered":"\n<p class=\"has-medium-font-size\">Evento gratuito acontecer\u00e1 no pr\u00e9dio hist\u00f3rico do Col\u00e9gio e apresentar\u00e1 um novo enredo inspirado na po\u00e9tica de S\u00e3o Marcelino Champagnat<\/p>\n\n\n\n<p>A 9\u00aa edi\u00e7\u00e3o da Cantata de Natal do Col\u00e9gio Marista Paranaense ser\u00e1 realizada no dia 2 de dezembro de 2025, \u00e0s 19h30, no pr\u00e9dio hist\u00f3rico da institui\u00e7\u00e3o. A apresenta\u00e7\u00e3o ser\u00e1 aberta \u00e0 comunidade e contar\u00e1 com contribui\u00e7\u00e3o volunt\u00e1ria de materiais esportivos, que ser\u00e3o destinados \u00e0s Escolas Sociais Maristas.<\/p>\n\n\n\n<p>Neste ano, o espet\u00e1culo ganhar\u00e1 um novo enredo, \u2018O Amor nos Faz Maior\u2019, inspirado na po\u00e9tica de S\u00e3o Marcelino Champagnat, fundador do Instituto Marista. A proposta \u00e9 conduzir o p\u00fablico por uma narrativa de emo\u00e7\u00e3o, f\u00e9 e prop\u00f3sito, destacando valores como fraternidade, empatia e amor ao pr\u00f3ximo.<\/p>\n\n\n\n<p>Participam da Cantata 59 estudantes do Infantil 5 ao 1\u00ba ano do Ensino M\u00e9dio. Durante todo o ano, eles realizam atividades de musicaliza\u00e7\u00e3o e viv\u00eancias art\u00edsticas, que evoluem para ensaios espec\u00edficos a partir de junho. O processo inclui express\u00e3o c\u00eanica e colabora\u00e7\u00e3o na cria\u00e7\u00e3o do roteiro e de adere\u00e7os, o que fortalece o protagonismo e o envolvimento de cada aluno.<\/p>\n\n\n\n<p>O p\u00fablico pode esperar uma noite de poesia visual e musical, com ambienta\u00e7\u00e3o especial nas janelas do pr\u00e9dio hist\u00f3rico. A narrativa contar\u00e1 com a figura da Estrela como condutora da hist\u00f3ria e manter\u00e1 a tradicional chegada do Papai Noel, sempre aguardada pelas fam\u00edlias.<\/p>\n\n\n\n<p>Os preparativos da Cantata envolvem muito mais do que ensaios. Eles representam um processo de integra\u00e7\u00e3o e sensibilidade para toda a comunidade escolar. &#8220;Quando vemos as crian\u00e7as participando da constru\u00e7\u00e3o do roteiro, criando adere\u00e7os e se dedicando com carinho \u00e0s apresenta\u00e7\u00f5es, percebemos que o tema \u2018O Amor nos Faz Maior\u2019 ganha sentido real. \u00c9 emocionante acompanhar o comprometimento de cada aluno e ainda unir essa experi\u00eancia \u00e0 a\u00e7\u00e3o solid\u00e1ria, porque acreditamos que o esp\u00edrito do Natal se fortalece quando cuidamos do outro\u201d, explica a Coordenadora do N\u00facleo de atividades complementares do Col\u00e9gio Marista Paranaense e diretora geral do projeto, Emanuela Bonamigo.<\/p>\n\n\n\n<p>O aluno do 6\u00ba ano, Frederico Toardik, de 11 anos, se apresentar\u00e1 pela quinta vez na Cantata. Para ele, o clima \u00e9 de empolga\u00e7\u00e3o. &#8220;O tema, inspirado na estrela de S\u00e3o Marcelino Champagnat, fundador da nossa hist\u00f3ria e da miss\u00e3o marista, \u00e9 um dos motivos que mais me anima. Tamb\u00e9m fico muito feliz em ver que as crian\u00e7as est\u00e3o ansiosas para tocar os cora\u00e7\u00f5es das pessoas com m\u00fasicas que t\u00eam letras maravilhosas&#8221;, conta.<\/p>\n\n\n\n<p>Em 2024, cerca de 3 mil pessoas prestigiaram a Cantata de Natal no col\u00e9gio. Para a edi\u00e7\u00e3o de 2025, a organiza\u00e7\u00e3o tem expectativa de superar esse n\u00famero, ampliando ainda mais o alcance do evento e fortalecendo a tradi\u00e7\u00e3o que emociona a comunidade escolar, e de Curitiba, a cada ano.<\/p>\n\n\n\n<p><strong>SERVI\u00c7O<\/strong><br>Cantata de Natal 2025 &#8211; Col\u00e9gio Marista Paranaense<br>Data: 2 de dezembro de 2025<br>Hor\u00e1rio: 19h30<br>Local: Pr\u00e9dio hist\u00f3rico do Col\u00e9gio Marista Paranaense<br>Acesso: Gratuito e aberto ao p\u00fablico<br>A\u00e7\u00e3o solid\u00e1ria: Contribui\u00e7\u00e3o volunt\u00e1ria de materiais esportivos para as Escolas Sociais Maristas<\/p>\n\n\n\n<p><strong>SOBRE O MARISTA BRASIL<br><\/strong>O Col\u00e9gio Marista Paranaense, em Curitiba (PR), integra o Marista Brasil, uma rede de col\u00e9gios e escolas presente em 20 estados brasileiros e no Distrito Federal, atendendo mais de 99 mil crian\u00e7as, jovens e adultos em 96 unidades de ensino. Os estudantes recebem forma\u00e7\u00e3o integral, composta pela tradi\u00e7\u00e3o dos valores Maristas e pela excel\u00eancia acad\u00eamica alinhada aos desafios contempor\u00e2neos. Por meio de propostas pedag\u00f3gicas diferenciadas, crian\u00e7as e jovens desenvolvem conhecimento, pensamento cr\u00edtico, autonomia e se tornam mais preparados para viver em uma sociedade em constante transforma\u00e7\u00e3o. Saiba mais em: maristabrasil.org.<\/p>\n","protected":false},"excerpt":{"rendered":"<p>Evento gratuito acontecer\u00e1 no pr\u00e9dio hist\u00f3rico do Col\u00e9gio e apresentar\u00e1 um novo enredo inspirado na po\u00e9tica de S\u00e3o Marcelino Champagnat A 9\u00aa edi\u00e7\u00e3o da Cantata de Natal do Col\u00e9gio Marista Paranaense ser\u00e1 realizada no dia 2 de dezembro de 2025, \u00e0s 19h30, no pr\u00e9dio hist\u00f3rico da institui\u00e7\u00e3o. A apresenta\u00e7\u00e3o ser\u00e1 aberta \u00e0 comunidade e contar\u00e1 [&hellip;]<\/p>\n","protected":false},"author":1,"featured_media":5294,"comment_status":"open","ping_status":"open","sticky":false,"template":"","format":"standard","meta":{"footnotes":""},"categories":[424,186],"tags":[],"class_list":["post-5290","post","type-post","status-publish","format-standard","has-post-thumbnail","hentry","category-curitiba","category-eventos"],"_links":{"self":[{"href":"https:\/\/diarioparanaense.com\/index.php?rest_route=\/wp\/v2\/posts\/5290","targetHints":{"allow":["GET"]}}],"collection":[{"href":"https:\/\/diarioparanaense.com\/index.php?rest_route=\/wp\/v2\/posts"}],"about":[{"href":"https:\/\/diarioparanaense.com\/index.php?rest_route=\/wp\/v2\/types\/post"}],"author":[{"embeddable":true,"href":"https:\/\/diarioparanaense.com\/index.php?rest_route=\/wp\/v2\/users\/1"}],"replies":[{"embeddable":true,"href":"https:\/\/diarioparanaense.com\/index.php?rest_route=%2Fwp%2Fv2%2Fcomments&post=5290"}],"version-history":[{"count":1,"href":"https:\/\/diarioparanaense.com\/index.php?rest_route=\/wp\/v2\/posts\/5290\/revisions"}],"predecessor-version":[{"id":5295,"href":"https:\/\/diarioparanaense.com\/index.php?rest_route=\/wp\/v2\/posts\/5290\/revisions\/5295"}],"wp:featuredmedia":[{"embeddable":true,"href":"https:\/\/diarioparanaense.com\/index.php?rest_route=\/wp\/v2\/media\/5294"}],"wp:attachment":[{"href":"https:\/\/diarioparanaense.com\/index.php?rest_route=%2Fwp%2Fv2%2Fmedia&parent=5290"}],"wp:term":[{"taxonomy":"category","embeddable":true,"href":"https:\/\/diarioparanaense.com\/index.php?rest_route=%2Fwp%2Fv2%2Fcategories&post=5290"},{"taxonomy":"post_tag","embeddable":true,"href":"https:\/\/diarioparanaense.com\/index.php?rest_route=%2Fwp%2Fv2%2Ftags&post=5290"}],"curies":[{"name":"wp","href":"https:\/\/api.w.org\/{rel}","templated":true}]}}