{"id":5283,"date":"2025-11-25T08:10:06","date_gmt":"2025-11-25T11:10:06","guid":{"rendered":"https:\/\/diarioparanaense.com\/?p=5283"},"modified":"2025-11-25T08:10:07","modified_gmt":"2025-11-25T11:10:07","slug":"empresaria-paranaense-e-destaque-nacional-na-confam","status":"publish","type":"post","link":"https:\/\/diarioparanaense.com\/?p=5283","title":{"rendered":"Empres\u00e1ria paranaense \u00e9 destaque nacional na CONFAM"},"content":{"rendered":"\n<p class=\"has-medium-font-size\">Birgit Marsili recebe homenagem como associada destaque da BPW Curitiba<\/p>\n\n\n\n<p>A empres\u00e1ria Birgit Marsili foi homenageada em n\u00edvel nacional, recebendo o t\u00edtulo de Associada Destaque da BPW Curitiba (Associa\u00e7\u00e3o de Mulheres de Neg\u00f3cios e Profissionais). A premia\u00e7\u00e3o foi entregue durante a CONFAM 2025 (Conven\u00e7\u00e3o Nacional das Federa\u00e7\u00f5es de Associa\u00e7\u00f5es de Mulheres de Neg\u00f3cios e Profissionais), o principal evento anual da BPW Brasil, realizado em Bento Gon\u00e7alves, no Rio Grande do Sul, entre os dias 20 e 23 de novembro. O evento teve como tema central &#8220;Protagonista, Inspira\u00e7\u00e3o e Transforma\u00e7\u00e3o&#8221;.<\/p>\n\n\n\n<p>Birgit Marsili \u00e9 propriet\u00e1ria da Lavoutique Lavanderia &amp; Costura e da Briller Lavanderia Self-Service, al\u00e9m de ser fundadora da KP Intelligence, uma plataforma de cursos especializados na \u00e1rea da psicologia do esporte e do exerc\u00edcio. Ela tamb\u00e9m ministra aulas em diferentes cursos de p\u00f3s-gradua\u00e7\u00e3o. A homenagem reconhece sua trajet\u00f3ria individual, seu protagonismo e consolida o Paran\u00e1 como um polo de lideran\u00e7a feminina.<\/p>\n\n\n\n<p>A edi\u00e7\u00e3o da CONFAM demonstrou a ampla representatividade da BPW no pa\u00eds, reunindo um p\u00fablico de 430 mulheres empreendedoras e executivas. As participantes vieram de 29 cidades diferentes, representando diversas regi\u00f5es do Brasil e criando um ambiente rico em trocas de experi\u00eancias e conex\u00f5es estrat\u00e9gicas.<\/p>\n\n\n\n<p>A BPW, organiza\u00e7\u00e3o n\u00e3o governamental (ONG) de utilidade p\u00fablica, tem a miss\u00e3o de empoderar mulheres de neg\u00f3cios e profissionais, e realiza a CONFAM anualmente. O encontro visa fortalecer o networking, promover o desenvolvimento profissional e discutir temas relevantes para a lideran\u00e7a&nbsp;feminina.<\/p>\n","protected":false},"excerpt":{"rendered":"<p>Birgit Marsili recebe homenagem como associada destaque da BPW Curitiba A empres\u00e1ria Birgit Marsili foi homenageada em n\u00edvel nacional, recebendo o t\u00edtulo de Associada Destaque da BPW Curitiba (Associa\u00e7\u00e3o de Mulheres de Neg\u00f3cios e Profissionais). A premia\u00e7\u00e3o foi entregue durante a CONFAM 2025 (Conven\u00e7\u00e3o Nacional das Federa\u00e7\u00f5es de Associa\u00e7\u00f5es de Mulheres de Neg\u00f3cios e Profissionais), [&hellip;]<\/p>\n","protected":false},"author":1,"featured_media":5284,"comment_status":"open","ping_status":"open","sticky":false,"template":"","format":"standard","meta":{"footnotes":""},"categories":[324],"tags":[],"class_list":["post-5283","post","type-post","status-publish","format-standard","has-post-thumbnail","hentry","category-negocios"],"_links":{"self":[{"href":"https:\/\/diarioparanaense.com\/index.php?rest_route=\/wp\/v2\/posts\/5283","targetHints":{"allow":["GET"]}}],"collection":[{"href":"https:\/\/diarioparanaense.com\/index.php?rest_route=\/wp\/v2\/posts"}],"about":[{"href":"https:\/\/diarioparanaense.com\/index.php?rest_route=\/wp\/v2\/types\/post"}],"author":[{"embeddable":true,"href":"https:\/\/diarioparanaense.com\/index.php?rest_route=\/wp\/v2\/users\/1"}],"replies":[{"embeddable":true,"href":"https:\/\/diarioparanaense.com\/index.php?rest_route=%2Fwp%2Fv2%2Fcomments&post=5283"}],"version-history":[{"count":1,"href":"https:\/\/diarioparanaense.com\/index.php?rest_route=\/wp\/v2\/posts\/5283\/revisions"}],"predecessor-version":[{"id":5285,"href":"https:\/\/diarioparanaense.com\/index.php?rest_route=\/wp\/v2\/posts\/5283\/revisions\/5285"}],"wp:featuredmedia":[{"embeddable":true,"href":"https:\/\/diarioparanaense.com\/index.php?rest_route=\/wp\/v2\/media\/5284"}],"wp:attachment":[{"href":"https:\/\/diarioparanaense.com\/index.php?rest_route=%2Fwp%2Fv2%2Fmedia&parent=5283"}],"wp:term":[{"taxonomy":"category","embeddable":true,"href":"https:\/\/diarioparanaense.com\/index.php?rest_route=%2Fwp%2Fv2%2Fcategories&post=5283"},{"taxonomy":"post_tag","embeddable":true,"href":"https:\/\/diarioparanaense.com\/index.php?rest_route=%2Fwp%2Fv2%2Ftags&post=5283"}],"curies":[{"name":"wp","href":"https:\/\/api.w.org\/{rel}","templated":true}]}}