{"id":5279,"date":"2025-11-21T10:07:25","date_gmt":"2025-11-21T13:07:25","guid":{"rendered":"https:\/\/diarioparanaense.com\/?p=5279"},"modified":"2025-11-21T10:07:26","modified_gmt":"2025-11-21T13:07:26","slug":"de-olho-no-ranking-paranaenses-brilham-na-copa-brasil-de-paraesgrima","status":"publish","type":"post","link":"https:\/\/diarioparanaense.com\/?p=5279","title":{"rendered":"De olho no ranking, paranaenses brilham na Copa Brasil de Paraesgrima"},"content":{"rendered":"\n<p class=\"has-medium-font-size\">Carminha de Oliveira e Iza\u00edas Monteiro somaram cinco medalhas na competi\u00e7\u00e3o<\/p>\n\n\n\n<p>A 2\u00aa Copa Brasil de Paraesgrima, realizada entre os dias 14 e 16 de novembro no Centro de Educa\u00e7\u00e3o F\u00edsica Almirante Adalberto Nunes (CEFAN), no Rio de Janeiro, consagrou o Paran\u00e1 como destaque na modalidade. Os atletas paranaenses Carminha de Oliveira e Iza\u00edas Monteiro brilharam, garantindo um total de cinco medalhas para o Estado.<\/p>\n\n\n\n<p>Carminha demonstrou versatilidade ao conquistar tr\u00eas medalhas de prata nas armas sabre, florete e espada. J\u00e1 Iza\u00edas Monteiro somou dois bronzes na espada e no sabre, sendo ainda reconhecido como o destaque do ano de 2025 na categoria sabre masculino B, para atletas com menor equil\u00edbrio e mobilidade no tronco.<\/p>\n\n\n\n<p>O desempenho de Iza\u00edas Monteiro na Copa Brasil refor\u00e7a sua posi\u00e7\u00e3o de lideran\u00e7a. O atleta \u00e9 tricampe\u00e3o da Copa Brasil de Sabre na Categoria B (com t\u00edtulos em 2022, 2023 e 2025), al\u00e9m de ser vice-campe\u00e3o brasileiro de Espada Categoria B nos mesmos anos. Atualmente, ele ocupa o 1\u00ba lugar no ranking nacional de Sabre B e o 3\u00ba no de Espada B, evidenciando uma temporada de consist\u00eancia not\u00e1vel.<\/p>\n\n\n\n<p>L\u00edder do ranking nacional, o esgrimista embarcou diretamente do Rio de Janeiro para a \u00c1sia, onde representa o Brasil na Copa do Mundo de Paraesgrima da Tail\u00e2ndia. A competi\u00e7\u00e3o, que come\u00e7ou em 17 e segue at\u00e9 24 de novembro, ocorre na cidade de Nakhon Ratchasima, a terceira maior do pa\u00eds.<\/p>\n\n\n\n<p>A participa\u00e7\u00e3o em eventos de calibre internacional como a Copa do Mundo da Tail\u00e2ndia \u00e9 fundamental para o ciclo paral\u00edmpico, pois conta pontos para a qualifica\u00e7\u00e3o para futuras competi\u00e7\u00f5es, incluindo os Jogos Paral\u00edmpicos de Los Angeles 2028. Um bom resultado na Copa do Mundo \u00e9 o objetivo principal de Iza\u00edas Monteiro, que busca n\u00e3o apenas manter sua posi\u00e7\u00e3o de destaque no Brasil, mas tamb\u00e9m solidificar sua presen\u00e7a no circuito&nbsp;mundial.<\/p>\n","protected":false},"excerpt":{"rendered":"<p>Carminha de Oliveira e Iza\u00edas Monteiro somaram cinco medalhas na competi\u00e7\u00e3o A 2\u00aa Copa Brasil de Paraesgrima, realizada entre os dias 14 e 16 de novembro no Centro de Educa\u00e7\u00e3o F\u00edsica Almirante Adalberto Nunes (CEFAN), no Rio de Janeiro, consagrou o Paran\u00e1 como destaque na modalidade. Os atletas paranaenses Carminha de Oliveira e Iza\u00edas Monteiro [&hellip;]<\/p>\n","protected":false},"author":1,"featured_media":5280,"comment_status":"open","ping_status":"open","sticky":false,"template":"","format":"standard","meta":{"footnotes":""},"categories":[159],"tags":[],"class_list":["post-5279","post","type-post","status-publish","format-standard","has-post-thumbnail","hentry","category-esportes"],"_links":{"self":[{"href":"https:\/\/diarioparanaense.com\/index.php?rest_route=\/wp\/v2\/posts\/5279","targetHints":{"allow":["GET"]}}],"collection":[{"href":"https:\/\/diarioparanaense.com\/index.php?rest_route=\/wp\/v2\/posts"}],"about":[{"href":"https:\/\/diarioparanaense.com\/index.php?rest_route=\/wp\/v2\/types\/post"}],"author":[{"embeddable":true,"href":"https:\/\/diarioparanaense.com\/index.php?rest_route=\/wp\/v2\/users\/1"}],"replies":[{"embeddable":true,"href":"https:\/\/diarioparanaense.com\/index.php?rest_route=%2Fwp%2Fv2%2Fcomments&post=5279"}],"version-history":[{"count":1,"href":"https:\/\/diarioparanaense.com\/index.php?rest_route=\/wp\/v2\/posts\/5279\/revisions"}],"predecessor-version":[{"id":5281,"href":"https:\/\/diarioparanaense.com\/index.php?rest_route=\/wp\/v2\/posts\/5279\/revisions\/5281"}],"wp:featuredmedia":[{"embeddable":true,"href":"https:\/\/diarioparanaense.com\/index.php?rest_route=\/wp\/v2\/media\/5280"}],"wp:attachment":[{"href":"https:\/\/diarioparanaense.com\/index.php?rest_route=%2Fwp%2Fv2%2Fmedia&parent=5279"}],"wp:term":[{"taxonomy":"category","embeddable":true,"href":"https:\/\/diarioparanaense.com\/index.php?rest_route=%2Fwp%2Fv2%2Fcategories&post=5279"},{"taxonomy":"post_tag","embeddable":true,"href":"https:\/\/diarioparanaense.com\/index.php?rest_route=%2Fwp%2Fv2%2Ftags&post=5279"}],"curies":[{"name":"wp","href":"https:\/\/api.w.org\/{rel}","templated":true}]}}