{"id":5276,"date":"2025-11-21T10:00:57","date_gmt":"2025-11-21T13:00:57","guid":{"rendered":"https:\/\/diarioparanaense.com\/?p=5276"},"modified":"2025-11-21T10:00:58","modified_gmt":"2025-11-21T13:00:58","slug":"amigos-do-hc-doam-aparelho-de-raio-xde-ultima-geracao-ao-hospital-de-clinicas-da-ufpr","status":"publish","type":"post","link":"https:\/\/diarioparanaense.com\/?p=5276","title":{"rendered":"Amigos do HC doam aparelho de Raio-Xde \u00faltima gera\u00e7\u00e3o ao Hospital de Cl\u00ednicas da UFPR"},"content":{"rendered":"\n<p class=\"has-medium-font-size\">Investimento viabilizado pela Megamania no equipamento foi de cerca de R$ 1,5 milh\u00e3o e vai beneficiar centenas de pacientes da rede p\u00fablica de sa\u00fade<\/p>\n\n\n\n<p>O Complexo Hospital de Cl\u00ednicas da Universidade Federal do Paran\u00e1 (CHC-UFPR) recebeu um refor\u00e7o importante para a retomada plena de seus servi\u00e7os de diagn\u00f3stico. Na \u00faltima sexta-feira (14), a Associa\u00e7\u00e3o dos Amigos do HC realizou a entrega oficial de um novo e moderno equipamento de Raios X Contrastado (Telecomandado).<\/p>\n\n\n\n<p>A doa\u00e7\u00e3o foi viabilizada com recursos provenientes da Megamania T\u00edtulo de Capitaliza\u00e7\u00e3o. O valor total do equipamento de alta complexidade \u00e9 de R$1.496.000,00, um investimento essencial para garantir a qualidade e a seguran\u00e7a no atendimento aos pacientes do HC, que atende 100% SUS.<\/p>\n\n\n\n<p>O novo aparelho de Raio X Telecomandado substitui os dois equipamentos antigos, que apresentaram falhas em outubro de 2023. Enquanto a entrega do novo equipamento era aguardada, a Associa\u00e7\u00e3o fez uma parceria e contratualiza\u00e7\u00e3o para encaminhamento dos pacientes pedi\u00e1tricos em espera por atendimento desde 2023. De maio a novembro de 2025, 96 crian\u00e7as foram remanejadas para o Hospital Pequeno Pr\u00edncipe.<\/p>\n\n\n\n<p>&#8220;Concretizar a doa\u00e7\u00e3o deste equipamento representa a solu\u00e7\u00e3o imediata para uma crise que afetava diretamente a vida de centenas de pacientes. A Megamania, atrav\u00e9s de seu recurso, permitiu que cumpr\u00edssemos nosso prop\u00f3sito: garantir que o HC tenha as ferramentas necess\u00e1rias para oferecer um diagn\u00f3stico \u00e1gil e seguro, de extrema import\u00e2ncia para a recupera\u00e7\u00e3o de pacientes adultos e pedi\u00e1tricos de alta complexidade,&#8221; afirma Domingos Murta, presidente dos Amigos do HC.<\/p>\n\n\n\n<p>Com a instala\u00e7\u00e3o do novo Raio X, o CHC-UFPR poder\u00e1 retomar a realiza\u00e7\u00e3o de exames especializados como Fistulografia, Histerossalpingografia e Clister Opaco, al\u00e9m de todos os exames de Raio X convencionais, restabelecendo a capacidade do hospital de atender aos requisitos do SUS para diversas especialidades. A aquisi\u00e7\u00e3o refor\u00e7a o papel do Hospital de Cl\u00ednicas como um centro de refer\u00eancia em atendimento de alta complexidade e forma\u00e7\u00e3o de profissionais de sa\u00fade.<\/p>\n\n\n\n<p>\u201cEste aparelho vai nos ajudar a reduzir uma fila de, pelo menos, mil pessoas. Contratamos servi\u00e7os de outro hospital, mas isso nunca foi suficiente para suprir a demanda. Al\u00e9m disso, o novo aparelho de Raio X Contrastado usa uma tecnologia de ponta, emitindo uma carga m\u00ednima de radia\u00e7\u00e3o, o que significa muito mais seguran\u00e7a para o paciente\u201d, afirma Adonis Nars, superintendente do CHC- UFPR.<\/p>\n\n\n\n<p class=\"has-medium-font-size\">Sobre a Associa\u00e7\u00e3o dos Amigos do HC<\/p>\n\n\n\n<p>Os Amigos do HC s\u00e3o uma Organiza\u00e7\u00e3o da Sociedade Civil (OSC) sem fins lucrativos, que h\u00e1 quase 40 anos atua na defesa de direitos e promo\u00e7\u00e3o da sa\u00fade. Seu compromisso consiste em melhorar a qualidade do atendimento aos pacientes SUS, familiares e acompanhantes do Complexo Hospital de Cl\u00ednicas da UFPR. Desde 2016, tamb\u00e9m prestam assist\u00eancia interdisciplinar para crian\u00e7as e adolescentes v\u00edtimas de viol\u00eancias graves e grav\u00edssimas por meio do Programa DEDICA \u2013 Defesa dos Direitos da Crian\u00e7a e do Adolescente.<\/p>\n\n\n\n<p>Em 2021, em comemora\u00e7\u00e3o aos 35 anos de hist\u00f3ria, lan\u00e7aram o Programa CEDIVIDA \u2013 Centro de Direitos \u00e0 Vida da Pessoa Idosa, ampliando a atua\u00e7\u00e3o para a causa do envelhecimento digno. Em 2024, ampliaram a atua\u00e7\u00e3o na prote\u00e7\u00e3o dos direitos da crian\u00e7a e do adolescente com o lan\u00e7amento do Programa PROTEGER, que passou a oferecer em Paranagu\u00e1 o mesmo modelo de atendimento interdisciplinar realizado pelo DEDICA, em Curitiba.<\/p>\n\n\n\n<p class=\"has-medium-font-size\">Servi\u00e7o:<\/p>\n\n\n\n<p>Associa\u00e7\u00e3o dos Amigos do HC<br>Endere\u00e7o: Av. Agostinho Le\u00e3o J\u00fanior, 336 &#8211; Alto da Gl\u00f3ria<br>Telefone: (41) 3091-1000<br>Site: <a href=\"https:\/\/www.amigosdohc.org.br\/\">https:\/\/www.amigosdohc.org.br\/<\/a><\/p>\n","protected":false},"excerpt":{"rendered":"<p>Investimento viabilizado pela Megamania no equipamento foi de cerca de R$ 1,5 milh\u00e3o e vai beneficiar centenas de pacientes da rede p\u00fablica de sa\u00fade O Complexo Hospital de Cl\u00ednicas da Universidade Federal do Paran\u00e1 (CHC-UFPR) recebeu um refor\u00e7o importante para a retomada plena de seus servi\u00e7os de diagn\u00f3stico. Na \u00faltima sexta-feira (14), a Associa\u00e7\u00e3o dos [&hellip;]<\/p>\n","protected":false},"author":1,"featured_media":5277,"comment_status":"open","ping_status":"open","sticky":false,"template":"","format":"standard","meta":{"footnotes":""},"categories":[425,164],"tags":[],"class_list":["post-5276","post","type-post","status-publish","format-standard","has-post-thumbnail","hentry","category-parana","category-saude-2"],"_links":{"self":[{"href":"https:\/\/diarioparanaense.com\/index.php?rest_route=\/wp\/v2\/posts\/5276","targetHints":{"allow":["GET"]}}],"collection":[{"href":"https:\/\/diarioparanaense.com\/index.php?rest_route=\/wp\/v2\/posts"}],"about":[{"href":"https:\/\/diarioparanaense.com\/index.php?rest_route=\/wp\/v2\/types\/post"}],"author":[{"embeddable":true,"href":"https:\/\/diarioparanaense.com\/index.php?rest_route=\/wp\/v2\/users\/1"}],"replies":[{"embeddable":true,"href":"https:\/\/diarioparanaense.com\/index.php?rest_route=%2Fwp%2Fv2%2Fcomments&post=5276"}],"version-history":[{"count":1,"href":"https:\/\/diarioparanaense.com\/index.php?rest_route=\/wp\/v2\/posts\/5276\/revisions"}],"predecessor-version":[{"id":5278,"href":"https:\/\/diarioparanaense.com\/index.php?rest_route=\/wp\/v2\/posts\/5276\/revisions\/5278"}],"wp:featuredmedia":[{"embeddable":true,"href":"https:\/\/diarioparanaense.com\/index.php?rest_route=\/wp\/v2\/media\/5277"}],"wp:attachment":[{"href":"https:\/\/diarioparanaense.com\/index.php?rest_route=%2Fwp%2Fv2%2Fmedia&parent=5276"}],"wp:term":[{"taxonomy":"category","embeddable":true,"href":"https:\/\/diarioparanaense.com\/index.php?rest_route=%2Fwp%2Fv2%2Fcategories&post=5276"},{"taxonomy":"post_tag","embeddable":true,"href":"https:\/\/diarioparanaense.com\/index.php?rest_route=%2Fwp%2Fv2%2Ftags&post=5276"}],"curies":[{"name":"wp","href":"https:\/\/api.w.org\/{rel}","templated":true}]}}