{"id":5273,"date":"2025-11-19T14:47:48","date_gmt":"2025-11-19T17:47:48","guid":{"rendered":"https:\/\/diarioparanaense.com\/?p=5273"},"modified":"2025-11-19T14:47:48","modified_gmt":"2025-11-19T17:47:48","slug":"dinor-lima-advogados-anuncia-reposicionamento-institucional","status":"publish","type":"post","link":"https:\/\/diarioparanaense.com\/?p=5273","title":{"rendered":"Dinor Lima Advogados anuncia reposicionamento institucional"},"content":{"rendered":"\n<p class=\"has-medium-font-size\">Foco na voca\u00e7\u00e3o jur\u00eddica, na \u00e9tica, na transforma\u00e7\u00e3o social, com s\u00f3lido fundamento na f\u00e9 crist\u00e3<\/p>\n\n\n\n<p>Em solenidade que reuniu autoridades, operadores do Direito, empres\u00e1rios e representantes de diversas \u00e1reas, o advogado Dinor Lima apresentou o novo posicionamento institucional da banca Dinor Lima Advogados, refor\u00e7ando a voca\u00e7\u00e3o jur\u00eddica herdada de seus pais como fundamento da atua\u00e7\u00e3o e consolidando um modelo de gest\u00e3o baseado em \u00e9tica, valores crist\u00e3os e impacto social.<\/p>\n\n\n\n<p>A cerim\u00f4nia marcou a formaliza\u00e7\u00e3o de uma nova fase do escrit\u00f3rio, que amplia sua atua\u00e7\u00e3o para al\u00e9m do Direito do Trabalho e Direito Civil, mas tamb\u00e9m com estrat\u00e9gias jur\u00eddicas para empres\u00e1rios e empreendedores, atuando tamb\u00e9m com solu\u00e7\u00f5es estruturantes para o agroneg\u00f3cio. \u201cA advocacia exige presen\u00e7a, escuta e compromisso. N\u00e3o lidamos apenas com processos, lidamos com pessoas e com hist\u00f3rias reais\u201d, destacou Dinor ao mencionar a origem da palavra voca\u00e7\u00e3o e sua rela\u00e7\u00e3o direta com o exerc\u00edcio do Direito.<\/p>\n\n\n\n<p>O advogado tamb\u00e9m agradeceu o apoio da fam\u00edlia, especialmente da esposa e s\u00f3cia Vivienne Vilani Lima, e afirmou que a experi\u00eancia no C12, f\u00f3rum internacional de empres\u00e1rios crist\u00e3os, transformou sua vis\u00e3o de gest\u00e3o, lideran\u00e7a e cultura organizacional.<\/p>\n\n\n\n<p>Um posicionamento que integra f\u00e9, prop\u00f3sito e transforma\u00e7\u00e3o atrav\u00e9s do Direito.<br>Durante o evento, uma das falas que marcaram o p\u00fablico veio do pastor convidado, Felipe Freitas, da Igreja Batista Atitude de Curitiba, que destacou a relev\u00e2ncia de empresas assumirem publicamente seus valores. Em sua reflex\u00e3o, ele afirmou: \u201cQuando nos posicionamos na esfera da sociedade, colocando Cristo como fundamento, reconhecemos que Ele \u00e9 a imagem do Deus invis\u00edvel, o Criador de todas as coisas e aquele que governa e reconcilia. Uma empresa que compreende isso passa a enxergar seu papel n\u00e3o apenas como agente econ\u00f4mico, mas como agente de transforma\u00e7\u00e3o. Assim como Cristo trouxe exist\u00eancia ao que n\u00e3o existia, somos chamados a refletir a Sua ess\u00eancia em tudo o que fazemos, nas decis\u00f5es, nos relacionamentos, nos neg\u00f3cios e no exerc\u00edcio do Direito e da Justi\u00e7a.\u201d A fala refor\u00e7ou o car\u00e1ter simb\u00f3lico do evento, como um memorial desse novo tempo, ressaltando que a atua\u00e7\u00e3o jur\u00eddica do escrit\u00f3rio est\u00e1 alinhada a princ\u00edpios que orientam n\u00e3o apenas a t\u00e9cnica, mas a vis\u00e3o de mundo e o impacto social desejado.<\/p>\n\n\n\n<p>Expans\u00e3o para o agroneg\u00f3cio e compromisso com a transforma\u00e7\u00e3o social<br>O novo posicionamento inclui ainda a amplia\u00e7\u00e3o da assessoria jur\u00eddica para empreendedores, empres\u00e1rios e, agora, no Direito Ambiental e solu\u00e7\u00f5es para o Agroneg\u00f3cio, inclusive pequenos produtores rurais. O escrit\u00f3rio passa a atuar de forma estrat\u00e9gica na estrutura\u00e7\u00e3o de neg\u00f3cios, preven\u00e7\u00e3o de riscos, turnaround de empr\u00e9stimos agr\u00e1rios e defesa de direitos no campo. \u201cCada contrato, cada causa, cada rela\u00e7\u00e3o jur\u00eddica tem por tr\u00e1s pessoas que representam uma oportunidade de reescrever hist\u00f3rias, alterar realidades e promover desenvolvimento. N\u00e3o somos apenas um escrit\u00f3rio de advocacia, somos agentes transformadores de vidas\u201d, afirmou Dinor. O escrit\u00f3rio refor\u00e7ou que sua miss\u00e3o \u00e9 \u201ctransformar vidas e rela\u00e7\u00f5es sociais por meio do Direito, sob a guia e prote\u00e7\u00e3o de Deus\u201d, consolidando uma advocacia t\u00e9cnica, \u00e9tica, humanizada e baseada na f\u00e9 crist\u00e3 que professam atrav\u00e9s do que s\u00e3o e tamb\u00e9m do que fazem, uma advocacia de excel\u00eancia.<\/p>\n\n\n\n<p><br><strong>Servi\u00e7o:<\/strong> Dinor Lima Advogados<\/p>\n\n\n\n<p><a href=\"https:\/\/dinorlima.adv.br\">https:\/\/dinorlima.adv.br<\/a><\/p>\n","protected":false},"excerpt":{"rendered":"<p>Foco na voca\u00e7\u00e3o jur\u00eddica, na \u00e9tica, na transforma\u00e7\u00e3o social, com s\u00f3lido fundamento na f\u00e9 crist\u00e3 Em solenidade que reuniu autoridades, operadores do Direito, empres\u00e1rios e representantes de diversas \u00e1reas, o advogado Dinor Lima apresentou o novo posicionamento institucional da banca Dinor Lima Advogados, refor\u00e7ando a voca\u00e7\u00e3o jur\u00eddica herdada de seus pais como fundamento da atua\u00e7\u00e3o [&hellip;]<\/p>\n","protected":false},"author":1,"featured_media":5274,"comment_status":"open","ping_status":"open","sticky":false,"template":"","format":"standard","meta":{"footnotes":""},"categories":[426],"tags":[],"class_list":["post-5273","post","type-post","status-publish","format-standard","has-post-thumbnail","hentry","category-servicos"],"_links":{"self":[{"href":"https:\/\/diarioparanaense.com\/index.php?rest_route=\/wp\/v2\/posts\/5273","targetHints":{"allow":["GET"]}}],"collection":[{"href":"https:\/\/diarioparanaense.com\/index.php?rest_route=\/wp\/v2\/posts"}],"about":[{"href":"https:\/\/diarioparanaense.com\/index.php?rest_route=\/wp\/v2\/types\/post"}],"author":[{"embeddable":true,"href":"https:\/\/diarioparanaense.com\/index.php?rest_route=\/wp\/v2\/users\/1"}],"replies":[{"embeddable":true,"href":"https:\/\/diarioparanaense.com\/index.php?rest_route=%2Fwp%2Fv2%2Fcomments&post=5273"}],"version-history":[{"count":1,"href":"https:\/\/diarioparanaense.com\/index.php?rest_route=\/wp\/v2\/posts\/5273\/revisions"}],"predecessor-version":[{"id":5275,"href":"https:\/\/diarioparanaense.com\/index.php?rest_route=\/wp\/v2\/posts\/5273\/revisions\/5275"}],"wp:featuredmedia":[{"embeddable":true,"href":"https:\/\/diarioparanaense.com\/index.php?rest_route=\/wp\/v2\/media\/5274"}],"wp:attachment":[{"href":"https:\/\/diarioparanaense.com\/index.php?rest_route=%2Fwp%2Fv2%2Fmedia&parent=5273"}],"wp:term":[{"taxonomy":"category","embeddable":true,"href":"https:\/\/diarioparanaense.com\/index.php?rest_route=%2Fwp%2Fv2%2Fcategories&post=5273"},{"taxonomy":"post_tag","embeddable":true,"href":"https:\/\/diarioparanaense.com\/index.php?rest_route=%2Fwp%2Fv2%2Ftags&post=5273"}],"curies":[{"name":"wp","href":"https:\/\/api.w.org\/{rel}","templated":true}]}}