{"id":5267,"date":"2025-11-19T09:52:08","date_gmt":"2025-11-19T12:52:08","guid":{"rendered":"https:\/\/diarioparanaense.com\/?p=5267"},"modified":"2025-11-19T09:52:12","modified_gmt":"2025-11-19T12:52:12","slug":"black-friday-pontape-inicial-paracompras-de-natal-e-ano-novo","status":"publish","type":"post","link":"https:\/\/diarioparanaense.com\/?p=5267","title":{"rendered":"Black Friday: pontap\u00e9 inicial para compras de Natal e Ano Novo"},"content":{"rendered":"\n<p class=\"has-medium-font-size\">Grupo MiniPre\u00e7o antecipa promo\u00e7\u00f5es e lan\u00e7a campanha de sorteio de pr\u00eamios que inclui Iphone 17 e vales de R$2.000<\/p>\n\n\n\n<p>A Black Friday, que ocorre tradicionalmente na \u00faltima sexta-feira de novembro, se consolida no calend\u00e1rio do varejo brasileiro como o marco estrat\u00e9gico para o in\u00edcio das compras de Natal e Ano Novo. Consumidores, em busca de economia e presentes mais acess\u00edveis, veem na data a oportunidade ideal para antecipar aquisi\u00e7\u00f5es, fugindo da correria e dos altos pre\u00e7os de dezembro.<\/p>\n\n\n\n<p>De olho nesse consumidor planejado, o Grupo MiniPre\u00e7o deu um passo al\u00e9m e iniciou suas promo\u00e7\u00f5es de Black Friday mais cedo: a campanha &#8220;Super Black MiniPre\u00e7o&#8221; foi lan\u00e7ada no dia 10 de novembro e se estende at\u00e9 o dia 30, oferecendo um tempo extra para o planejamento das festas de fim de ano.<\/p>\n\n\n\n<p>De acordo com o gerente comercial do Grupo MiniPre\u00e7o, Beni Gelhorn, a campanha, al\u00e9m de ser uma oportunidade para os clientes, impulsiona as vendas do grupo de forma estrat\u00e9gica. \u201cA expectativa para este ano \u00e9 que o volume de vendas supere os recordes anteriores. O impulso vem da maior variedade de produtos em promo\u00e7\u00e3o e de condi\u00e7\u00f5es de pagamento facilitadas, abrangendo praticamente todos os setores: de artigos para casa, a itens essenciais de decora\u00e7\u00e3o, eletroport\u00e1teis e utilidades dom\u00e9sticas para as celebra\u00e7\u00f5es\u201d, afirma.<\/p>\n\n\n\n<p class=\"has-medium-font-size\">Estrat\u00e9gia do varejo<\/p>\n\n\n\n<p>O Grupo MiniPre\u00e7o, conhecido pela variedade e economia, aposta em um estoque variado e ofertas especiais em categorias essenciais. \u201cA Black Friday \u00e9 a chance de ouro para o consumidor, \u00e9 o momento em que o ele encontra o equil\u00edbrio entre qualidade e o melhor pre\u00e7o para planejar suas festas e renovar a casa. \u00c9 a chance de comprar mais por menos,&#8221; destaca Beni Gelhorn.<\/p>\n\n\n\n<p>Os descontos tornam a compra de itens como enfeites natalinos, jogos de cama e mesa, brinquedos e presentes muito mais vantajosa. O diretor comercial explica que a estrat\u00e9gia visa atender \u00e0 demanda de quem busca itens para o Natal e Ano Novo, presentes e, principalmente, artigos para deixar a casa mais aconchegante e funcional. \u201cNosso compromisso \u00e9 com o custo-benef\u00edcio. Trabalhamos intensamente para assegurar que a economia chegue \u00e0 ponta, permitindo que nossos clientes celebrem as festas de final de ano com a casa completa e presentes de qualidade, sem gastar uma fortuna,&#8221; afirma.<\/p>\n\n\n\n<p class=\"has-medium-font-size\">Descontos e sorteios<\/p>\n\n\n\n<p>A \u201cSuper Black MiniPre\u00e7o\u201d oferece renova\u00e7\u00e3o de ofertas semanalmente em todos os departamentos e descontos que podem chegar a 60% em categorias como lazer, cama, mesa e banho, cozinha, utilidades dom\u00e9sticas, brinquedos, papelaria e decora\u00e7\u00e3o. \u201cA decora\u00e7\u00e3o natalina, inclusive, j\u00e1 est\u00e1 com estoques em alta rotatividade, sinalizando a antecipa\u00e7\u00e3o dos clientes\u201d, alerta o diretor comercial.<\/p>\n\n\n\n<p>Confira os dias promocionais:<\/p>\n\n\n\n<ul class=\"wp-block-list\">\n<li>Segunda a quarta: Ofertas v\u00e1lidas por 72 horas<\/li>\n\n\n\n<li>Quinta MiniPre\u00e7o \u00e9 10: Centenas de itens por R$10,00<\/li>\n\n\n\n<li>Finais de Semana: Sempre recheados de grandes ofertas<\/li>\n<\/ul>\n\n\n\n<p>Para tornar a experi\u00eancia de compra ainda mais vantajosa, clientes cadastrados no Clube MiniPre\u00e7o participam do &#8220;MiniPre\u00e7o Premiado 2025&#8221;. Clientes cadastrados no aplicativo da rede de lojas e que acumularem R$150,00 em compras ganham 1 n\u00famero da sorte para concorrer a pr\u00eamios semanais de R$2.000,00 (pagos via cart\u00e3o pr\u00e9-pago), al\u00e9m de concorrer a dois Iphones 17 ao final da campanha.<\/p>\n\n\n\n<p>Vantagens Extras no Sorteio:<\/p>\n\n\n\n<ul class=\"wp-block-list\">\n<li>Novos cadastros no Clube MiniPre\u00e7o ganham n\u00famero da sorte extra.<\/li>\n\n\n\n<li>A compra de produtos de marcas aceleradoras (Plas\u00fatil, Ou, Faber Castell e Mondial) garante n\u00famero da sorte extra.<\/li>\n\n\n\n<li>Pagamento via PIX vale um n\u00famero da sorte em dobro.<\/li>\n<\/ul>\n\n\n\n<p class=\"has-medium-font-size\">Servi\u00e7o:<\/p>\n\n\n\n<p class=\"has-medium-font-size\">Super Black MiniPre\u00e7o<\/p>\n\n\n\n<p>Per\u00edodo da Campanha: 10 a 30 de novembro<br>Hor\u00e1rio de atendimento: de segunda a s\u00e1bado, das 9h \u00e0s 20h. Domingos e feriados, das 10h \u00e0s 19h.<br>Confira o endere\u00e7o mais pr\u00f3ximo em: <a href=\"https:\/\/site.minipreco.com.br\/lojas\/\">https:\/\/site.minipreco.com.br\/lojas\/<\/a><br>Redes Sociais: @miniprecobr<br>Clube MiniPre\u00e7o: <a href=\"https:\/\/onelink.to\/ncpdcu\">https:\/\/onelink.to\/ncpdcu<\/a><\/p>\n","protected":false},"excerpt":{"rendered":"<p>Grupo MiniPre\u00e7o antecipa promo\u00e7\u00f5es e lan\u00e7a campanha de sorteio de pr\u00eamios que inclui Iphone 17 e vales de R$2.000 A Black Friday, que ocorre tradicionalmente na \u00faltima sexta-feira de novembro, se consolida no calend\u00e1rio do varejo brasileiro como o marco estrat\u00e9gico para o in\u00edcio das compras de Natal e Ano Novo. Consumidores, em busca de [&hellip;]<\/p>\n","protected":false},"author":1,"featured_media":5268,"comment_status":"open","ping_status":"open","sticky":false,"template":"","format":"standard","meta":{"footnotes":""},"categories":[424],"tags":[],"class_list":["post-5267","post","type-post","status-publish","format-standard","has-post-thumbnail","hentry","category-curitiba"],"_links":{"self":[{"href":"https:\/\/diarioparanaense.com\/index.php?rest_route=\/wp\/v2\/posts\/5267","targetHints":{"allow":["GET"]}}],"collection":[{"href":"https:\/\/diarioparanaense.com\/index.php?rest_route=\/wp\/v2\/posts"}],"about":[{"href":"https:\/\/diarioparanaense.com\/index.php?rest_route=\/wp\/v2\/types\/post"}],"author":[{"embeddable":true,"href":"https:\/\/diarioparanaense.com\/index.php?rest_route=\/wp\/v2\/users\/1"}],"replies":[{"embeddable":true,"href":"https:\/\/diarioparanaense.com\/index.php?rest_route=%2Fwp%2Fv2%2Fcomments&post=5267"}],"version-history":[{"count":2,"href":"https:\/\/diarioparanaense.com\/index.php?rest_route=\/wp\/v2\/posts\/5267\/revisions"}],"predecessor-version":[{"id":5270,"href":"https:\/\/diarioparanaense.com\/index.php?rest_route=\/wp\/v2\/posts\/5267\/revisions\/5270"}],"wp:featuredmedia":[{"embeddable":true,"href":"https:\/\/diarioparanaense.com\/index.php?rest_route=\/wp\/v2\/media\/5268"}],"wp:attachment":[{"href":"https:\/\/diarioparanaense.com\/index.php?rest_route=%2Fwp%2Fv2%2Fmedia&parent=5267"}],"wp:term":[{"taxonomy":"category","embeddable":true,"href":"https:\/\/diarioparanaense.com\/index.php?rest_route=%2Fwp%2Fv2%2Fcategories&post=5267"},{"taxonomy":"post_tag","embeddable":true,"href":"https:\/\/diarioparanaense.com\/index.php?rest_route=%2Fwp%2Fv2%2Ftags&post=5267"}],"curies":[{"name":"wp","href":"https:\/\/api.w.org\/{rel}","templated":true}]}}