{"id":5259,"date":"2025-11-14T10:54:35","date_gmt":"2025-11-14T13:54:35","guid":{"rendered":"https:\/\/diarioparanaense.com\/?p=5259"},"modified":"2025-11-14T10:54:36","modified_gmt":"2025-11-14T13:54:36","slug":"conheca-a-paranaense-multicampea-na-paraesgrima","status":"publish","type":"post","link":"https:\/\/diarioparanaense.com\/?p=5259","title":{"rendered":"Conhe\u00e7a a paranaense multicampe\u00e3 na paraesgrima"},"content":{"rendered":"\n<p class=\"has-medium-font-size\">Carminha de Oliveira disputar\u00e1 a 2\u00aa Copa do Brasil e busca vaga para sua 3\u00aa participa\u00e7\u00e3o em Paralimp\u00edadas<\/p>\n\n\n\n<p>A esgrimista paranaense Carminha Celestina de Oliveira \u00e9 um nome de destaque no paradesporto brasileiro, com uma hist\u00f3ria de supera\u00e7\u00e3o e conquistas r\u00e1pidas na paraesgrima. Atualmente, Carminha \u00e9 a atleta que mais venceu na categoria A, que inclui atletas com mobilidade no tronco, amputados ou com outras limita\u00e7\u00f5es de movimento, que possuem bom equil\u00edbrio para se movimentar no ataque e na defesa. Tamb\u00e9m \u00e9 a \u00fanica paranaense na esgrima com duas participa\u00e7\u00f5es em Paralimp\u00edadas.<\/p>\n\n\n\n<p>Nascida em Foz do Igua\u00e7u e criada em Guarania\u00e7u, no interior do Paran\u00e1, a vida de Carminha mudou radicalmente aos tr\u00eas anos, quando uma vacina vencida contra poliomielite resultou em uma atrofia na parte inferior de sua perna direita. Em busca de melhores oportunidades de acessibilidade e estudo, ela se mudou para Curitiba.<\/p>\n\n\n\n<p>Em 2016, aos 26 anos, assistiu aos Jogos do Rio e descobriu o Movimento Paral\u00edmpico. Inicialmente, tentou o t\u00eanis de mesa, mas foi na paraesgrima que encontrou sua verdadeira paix\u00e3o. A ascens\u00e3o foi mete\u00f3rica: a primeira competi\u00e7\u00e3o veio em novembro de 2016 e, em menos de dois anos, Carminha j\u00e1 estava convocada para representar o Brasil em n\u00edvel internacional. &#8220;N\u00e3o somente a esgrima, mas todo esporte \u00e9 transformador. Nos faz enxergar novos caminhos, novos horizontes&#8221;, afirma a atleta.<\/p>\n\n\n\n<p>Carminha compete com as tr\u00eas armas, sabre, florete e espada. \u201cMinha arma de prefer\u00eancia \u00e9 a espada, mas treino igualmente todas elas, para estar sempre bem ranqueada e garantir a minha vaga nas pr\u00f3ximas Paralimp\u00edadas\u201d, acrescenta.<\/p>\n\n\n\n<p class=\"has-medium-font-size\">Conquistas e competi\u00e7\u00f5es na pista<\/p>\n\n\n\n<p>A atleta j\u00e1 acumulou resultados significativos em pouqu\u00edssimo tempo:<\/p>\n\n\n\n<p>Jogos Paral\u00edmpicos de T\u00f3quio (2020\/21): Primeira participa\u00e7\u00e3o (espada e florete);<br>Jogos Paral\u00edmpicos de Paris (2024): Convocada para sua segunda Paralimp\u00edada;<br>Campeonato Brasileiro de Paraesgrima (2016 &#8211; 2025): M\u00faltiplas conquistas, incluindo a medalha de ouro, em 2024;<br>II Copa Brasil de Paraesgrima (2018): Ouro na espada feminina A;<br>Copa Brasil de Paraesgrima (2024): Prata na espada, bronze no sabre e bronze no florete;<br>Copa do Mundo de Vars\u00f3via (2018): Primeira convoca\u00e7\u00e3o internacional;<br>Regional das Am\u00e9ricas no Canad\u00e1 (2018): Prata na espada.<\/p>\n\n\n\n<p>Na \u00faltima edi\u00e7\u00e3o dos Jogos Paral\u00edmpicos, realizados em Paris, Carminha teve resultados expressivos. No ranking individual da competi\u00e7\u00e3o, a atleta ficou em 17\u00ba lugar na espada, 16\u00ba no sabre e 18\u00ba no florete. J\u00e1 no ranking em equipes, Carminha e a equipe brasileira ficaram em 10\u00ba na espada e 9\u00ba no florete.<\/p>\n\n\n\n<p>Atualmente, Carminha \u00e9 a 2\u00aa colocada no ranking nacional nas tr\u00eas armas.<\/p>\n\n\n\n<p class=\"has-medium-font-size\">Olhando para o futuro<\/p>\n\n\n\n<p>A esgrimista paranaense tem demonstrado foco total na sua participa\u00e7\u00e3o nas pr\u00f3ximas competi\u00e7\u00f5es. Carminha est\u00e1 em fase final de prepara\u00e7\u00e3o para a 2\u00aa Copa do Brasil de Paraesgrima, que ser\u00e1 disputada entre os dias 13 e 16 de novembro, no Rio de Janeiro. \u201cMeu objetivo \u00e9 sempre trazer o melhor resultado para casa. Quero continuar entre os principais nomes da paraesgrima e colocar o Brasil num lugar de destaque nessa modalidade\u201d, explica a atleta.<\/p>\n\n\n\n<p>Para se manter em alto rendimento, Carminha conta com os incentivos da Ligga, Copel, Proesporte e Governo do Estado do Paran\u00e1, e apoio da Academia Mestre Kato e da CAPTAR Capta\u00e7\u00e3o e Produ\u00e7\u00e3o Cultural e Esportiva.<\/p>\n\n\n\n<p>\u201cEsse incentivo \u00e9 de extrema import\u00e2ncia para os atletas. Precisamos manter uma rotina de treinamentos e isso inclui prepara\u00e7\u00e3o f\u00edsica com profissionais, fisioterapia, al\u00e9m de todo custo com material. Sem esse investimento, n\u00e3o conseguir\u00edamos progredir no esporte\u201d, finaliza&nbsp;Carminha.<\/p>\n","protected":false},"excerpt":{"rendered":"<p>Carminha de Oliveira disputar\u00e1 a 2\u00aa Copa do Brasil e busca vaga para sua 3\u00aa participa\u00e7\u00e3o em Paralimp\u00edadas A esgrimista paranaense Carminha Celestina de Oliveira \u00e9 um nome de destaque no paradesporto brasileiro, com uma hist\u00f3ria de supera\u00e7\u00e3o e conquistas r\u00e1pidas na paraesgrima. Atualmente, Carminha \u00e9 a atleta que mais venceu na categoria A, que [&hellip;]<\/p>\n","protected":false},"author":1,"featured_media":5260,"comment_status":"open","ping_status":"open","sticky":false,"template":"","format":"standard","meta":{"footnotes":""},"categories":[159],"tags":[],"class_list":["post-5259","post","type-post","status-publish","format-standard","has-post-thumbnail","hentry","category-esportes"],"_links":{"self":[{"href":"https:\/\/diarioparanaense.com\/index.php?rest_route=\/wp\/v2\/posts\/5259","targetHints":{"allow":["GET"]}}],"collection":[{"href":"https:\/\/diarioparanaense.com\/index.php?rest_route=\/wp\/v2\/posts"}],"about":[{"href":"https:\/\/diarioparanaense.com\/index.php?rest_route=\/wp\/v2\/types\/post"}],"author":[{"embeddable":true,"href":"https:\/\/diarioparanaense.com\/index.php?rest_route=\/wp\/v2\/users\/1"}],"replies":[{"embeddable":true,"href":"https:\/\/diarioparanaense.com\/index.php?rest_route=%2Fwp%2Fv2%2Fcomments&post=5259"}],"version-history":[{"count":1,"href":"https:\/\/diarioparanaense.com\/index.php?rest_route=\/wp\/v2\/posts\/5259\/revisions"}],"predecessor-version":[{"id":5261,"href":"https:\/\/diarioparanaense.com\/index.php?rest_route=\/wp\/v2\/posts\/5259\/revisions\/5261"}],"wp:featuredmedia":[{"embeddable":true,"href":"https:\/\/diarioparanaense.com\/index.php?rest_route=\/wp\/v2\/media\/5260"}],"wp:attachment":[{"href":"https:\/\/diarioparanaense.com\/index.php?rest_route=%2Fwp%2Fv2%2Fmedia&parent=5259"}],"wp:term":[{"taxonomy":"category","embeddable":true,"href":"https:\/\/diarioparanaense.com\/index.php?rest_route=%2Fwp%2Fv2%2Fcategories&post=5259"},{"taxonomy":"post_tag","embeddable":true,"href":"https:\/\/diarioparanaense.com\/index.php?rest_route=%2Fwp%2Fv2%2Ftags&post=5259"}],"curies":[{"name":"wp","href":"https:\/\/api.w.org\/{rel}","templated":true}]}}