{"id":5256,"date":"2025-11-14T09:59:54","date_gmt":"2025-11-14T12:59:54","guid":{"rendered":"https:\/\/diarioparanaense.com\/?p=5256"},"modified":"2025-11-14T09:59:54","modified_gmt":"2025-11-14T12:59:54","slug":"seis-dicas-para-quem-vai-fazer-o-segundo-dia-de-provas-do-enem","status":"publish","type":"post","link":"https:\/\/diarioparanaense.com\/?p=5256","title":{"rendered":"Seis dicas para quem vai fazer o segundo dia de provas do Enem"},"content":{"rendered":"\n<p class=\"has-medium-font-size\">Estrat\u00e9gias pr\u00e1ticas, revis\u00e3o direcionada e cuidados essenciais para chegar com foco e tranquilidade no domingo<\/p>\n\n\n\n<p>Com o segundo dia de provas do Exame Nacional do Ensino M\u00e9dio (Enem) se aproximando, \u00e9 natural que aumente a expectativa para enfrentar as quest\u00f5es de Matem\u00e1tica e Ci\u00eancias da Natureza. Esse momento exige revis\u00e3o estrat\u00e9gica, gerenciamento de tempo e aten\u00e7\u00e3o redobrada ao equil\u00edbrio emocional.<\/p>\n\n\n\n<p>As provas do segundo dia costumam cobrar interpreta\u00e7\u00e3o de gr\u00e1ficos, dom\u00ednio de f\u00f3rmulas fundamentais e aplica\u00e7\u00e3o de conceitos em situa\u00e7\u00f5es pr\u00e1ticas do cotidiano. Al\u00e9m disso, seguem o modelo da Teoria de Resposta ao Item (TRI), o que significa que a consist\u00eancia nas respostas e controle do tempo s\u00e3o determinantes para um bom desempenho.<\/p>\n\n\n\n<p>Para apoiar os estudantes at\u00e9 o dia da prova, o coordenador do Ensino M\u00e9dio do Col\u00e9gio Marista Santa Maria, J\u00f4natas Leite, reuniu orienta\u00e7\u00f5es pr\u00e1ticas para otimizar os \u00faltimos dias de estudo.<\/p>\n\n\n\n<ol class=\"wp-block-list\">\n<li><strong>Revise o essencial<br><\/strong>Agora \u00e9 hora de focar nos conte\u00fados que mais caem no segundo dia: fun\u00e7\u00f5es, estat\u00edstica, geometria, escalas, energia, eletrodin\u00e2mica, qu\u00edmica ambiental, gen\u00e9tica e ecologia. Priorize resumos, listas de exerc\u00edcios e anota\u00e7\u00f5es j\u00e1 feitas. Nada de tentar aprender algo totalmente novo a poucos dias da prova.<\/li>\n\n\n\n<li><strong>Monte um cronograma r\u00e1pido e poss\u00edvel<br><\/strong>Organize curtas sess\u00f5es de estudo e revis\u00e3o at\u00e9 o domingo, respeitando intervalos e momentos de descanso. Pequenos blocos de foco rendem mais e evitam desgaste mental.<\/li>\n\n\n\n<li><strong>Use ferramentas de revis\u00e3o e memoriza\u00e7\u00e3o<br><\/strong>Mapas mentais e flashcards podem ajudar a fixar f\u00f3rmulas, conceitos qu\u00edmicos e rela\u00e7\u00f5es biol\u00f3gicas importantes. Releituras r\u00e1pidas de resumos tamb\u00e9m ajudam a ativar a mem\u00f3ria de longo prazo.<\/li>\n\n\n\n<li><strong>Fa\u00e7a quest\u00f5es do segundo dia<br><\/strong>Resolver provas anteriores do segundo dia \u00e9 uma das formas mais eficazes de se preparar. Isso ajuda a treinar o tempo, entender o estilo das quest\u00f5es e identificar os n\u00edveis de dificuldade usados na TRI.<\/li>\n\n\n\n<li>Simule seu desempenho e reveja metas<br>Para quem j\u00e1 fez o primeiro dia, este \u00e9 o momento de olhar para o desempenho estimado, revisar as metas do curso e conferir as notas de corte. Isso ajuda a ajustar expectativas e estrat\u00e9gias para programas como SiSU, ProUni e Fies.<\/li>\n\n\n\n<li><strong>Cuide do corpo e da mente at\u00e9 domingo<br><\/strong>Nada substitui uma boa noite de sono, alimenta\u00e7\u00e3o leve e pausas para descanso. O cansa\u00e7o pode comprometer a interpreta\u00e7\u00e3o de dados e c\u00e1lculos, dois pontos fundamentais para o segundo dia.<\/li>\n<\/ol>\n\n\n\n<p class=\"has-medium-font-size\">Equil\u00edbrio \u00e9 t\u00e3o importante quanto o conte\u00fado<\/p>\n\n\n\n<p>Segundo o coordenador do Ensino M\u00e9dio, manter o equil\u00edbrio emocional \u00e9 t\u00e3o importante quanto dominar os conte\u00fados. Ele destaca que, no segundo dia do Enem, uma boa estrat\u00e9gia pode fazer diferen\u00e7a no desempenho dos estudantes.<\/p>\n\n\n\n<p>\u201cEntrar na prova com um plano claro ajuda o aluno a aproveitar melhor o tempo e a responder com mais seguran\u00e7a. Orientamos que cada estudante identifique as quest\u00f5es em que se sente mais confiante e comece por elas, o que gera ritmo e reduz a ansiedade. Esse cuidado inicial abre espa\u00e7o para enfrentar, depois, os itens que exigem maior aten\u00e7\u00e3o. Quando o estudante se organiza e l\u00ea o enunciado com calma, as chances de acerto aumentam de forma significativa\u201d, afirma J\u00f4natas.<\/p>\n\n\n\n<p class=\"has-medium-font-size\">Sobre o Marista Brasil<\/p>\n\n\n\n<p>O Col\u00e9gio Marista Santa Maria, em Curitiba (PR), integra o Marista Brasil, uma rede de col\u00e9gios e escolas presente em 20 estados brasileiros e no Distrito Federal, atendendo mais de 99 mil crian\u00e7as, jovens e adultos em 96 unidades de ensino. Os estudantes recebem forma\u00e7\u00e3o integral, composta pela tradi\u00e7\u00e3o dos valores Maristas e pela excel\u00eancia acad\u00eamica alinhada aos desafios contempor\u00e2neos. Por meio de propostas pedag\u00f3gicas diferenciadas, crian\u00e7as e jovens desenvolvem conhecimento, pensamento cr\u00edtico, autonomia e se tornam mais preparados para viver em uma sociedade em constante transforma\u00e7\u00e3o. <\/p>\n\n\n\n<p><strong>Saiba mais em:<\/strong> maristabrasil.org.<\/p>\n\n\n\n<p><\/p>\n","protected":false},"excerpt":{"rendered":"<p>Estrat\u00e9gias pr\u00e1ticas, revis\u00e3o direcionada e cuidados essenciais para chegar com foco e tranquilidade no domingo Com o segundo dia de provas do Exame Nacional do Ensino M\u00e9dio (Enem) se aproximando, \u00e9 natural que aumente a expectativa para enfrentar as quest\u00f5es de Matem\u00e1tica e Ci\u00eancias da Natureza. Esse momento exige revis\u00e3o estrat\u00e9gica, gerenciamento de tempo e [&hellip;]<\/p>\n","protected":false},"author":1,"featured_media":5257,"comment_status":"open","ping_status":"open","sticky":false,"template":"","format":"standard","meta":{"footnotes":""},"categories":[148],"tags":[],"class_list":["post-5256","post","type-post","status-publish","format-standard","has-post-thumbnail","hentry","category-educacao"],"_links":{"self":[{"href":"https:\/\/diarioparanaense.com\/index.php?rest_route=\/wp\/v2\/posts\/5256","targetHints":{"allow":["GET"]}}],"collection":[{"href":"https:\/\/diarioparanaense.com\/index.php?rest_route=\/wp\/v2\/posts"}],"about":[{"href":"https:\/\/diarioparanaense.com\/index.php?rest_route=\/wp\/v2\/types\/post"}],"author":[{"embeddable":true,"href":"https:\/\/diarioparanaense.com\/index.php?rest_route=\/wp\/v2\/users\/1"}],"replies":[{"embeddable":true,"href":"https:\/\/diarioparanaense.com\/index.php?rest_route=%2Fwp%2Fv2%2Fcomments&post=5256"}],"version-history":[{"count":1,"href":"https:\/\/diarioparanaense.com\/index.php?rest_route=\/wp\/v2\/posts\/5256\/revisions"}],"predecessor-version":[{"id":5258,"href":"https:\/\/diarioparanaense.com\/index.php?rest_route=\/wp\/v2\/posts\/5256\/revisions\/5258"}],"wp:featuredmedia":[{"embeddable":true,"href":"https:\/\/diarioparanaense.com\/index.php?rest_route=\/wp\/v2\/media\/5257"}],"wp:attachment":[{"href":"https:\/\/diarioparanaense.com\/index.php?rest_route=%2Fwp%2Fv2%2Fmedia&parent=5256"}],"wp:term":[{"taxonomy":"category","embeddable":true,"href":"https:\/\/diarioparanaense.com\/index.php?rest_route=%2Fwp%2Fv2%2Fcategories&post=5256"},{"taxonomy":"post_tag","embeddable":true,"href":"https:\/\/diarioparanaense.com\/index.php?rest_route=%2Fwp%2Fv2%2Ftags&post=5256"}],"curies":[{"name":"wp","href":"https:\/\/api.w.org\/{rel}","templated":true}]}}