{"id":5250,"date":"2025-11-13T11:28:41","date_gmt":"2025-11-13T14:28:41","guid":{"rendered":"https:\/\/diarioparanaense.com\/?p=5250"},"modified":"2025-11-13T11:28:41","modified_gmt":"2025-11-13T14:28:41","slug":"dupla-de-palco-estreia-espetaculo-natalino-interativo-protagonizado-por-duendes-em-curitiba","status":"publish","type":"post","link":"https:\/\/diarioparanaense.com\/?p=5250","title":{"rendered":"Dupla de Palco estreia espet\u00e1culo natalino interativo protagonizado por duendes em Curitiba"},"content":{"rendered":"\n<p class=\"has-medium-font-size\">Pe\u00e7a \u201cO Natal dos Duendes em Apuros\u201d coloca as crian\u00e7as como parte da hist\u00f3ria e promove reflex\u00e3o sobre coopera\u00e7\u00e3o, fam\u00edlia e responsabilidade<\/p>\n\n\n\n<p>A companhia curitibana Dupla de Palco estreia no dia 21 de dezembro, no Teatro \u00canio Carvalho, o espet\u00e1culo infantil \u201cO Natal dos Duendes em Apuros\u201d. A pe\u00e7a mostra o Natal pela perspectiva dos duendes e convida o p\u00fablico a participar da miss\u00e3o de salvar a data. A cria\u00e7\u00e3o surgiu da ideia de questionar o protagonismo exclusivo do Papai Noel e valorizar quem trabalha nos bastidores da festa.<\/p>\n\n\n\n<p>Segundo o diretor do espet\u00e1culo, Pedro Hagabe, a proposta surgiu quando o grupo refletiu sobre o papel central do Papai Noel nas hist\u00f3rias natalinas. \u201cO bom velhinho n\u00e3o faz tudo sozinho e, por isso, criamos uma narrativa que coloca os duendes, geralmente vistos como coadjuvantes, no centro da hist\u00f3ria\u201d, explica.<\/p>\n\n\n\n<p>A participa\u00e7\u00e3o das crian\u00e7as \u00e9 parte essencial da montagem. O p\u00fablico infantil \u00e9 convidado a ajudar os personagens durante a hist\u00f3ria. \u201cDesde o in\u00edcio definimos que a participa\u00e7\u00e3o das crian\u00e7as seria indispens\u00e1vel. Queremos que elas se sintam parte da aventura\u201d, afirma Pedro.<\/p>\n\n\n\n<p class=\"has-medium-font-size\">Cria\u00e7\u00e3o coletiva e desejo de tradi\u00e7\u00e3o<\/p>\n\n\n\n<p>O roteiro come\u00e7ou a ser escrito cerca de cinco meses antes da estreia e passou por diversas vers\u00f5es at\u00e9 ganhar sua forma final. Pedro Hagabe explica que todo o processo foi conduzido de maneira independente e colaborativa pela equipe. \u201cTexto, cen\u00e1rio, figurino e divulga\u00e7\u00e3o foram feitos por n\u00f3s\u201d, afirma o diretor.<\/p>\n\n\n\n<p>A inten\u00e7\u00e3o \u00e9 que o espet\u00e1culo se torne uma tradi\u00e7\u00e3o anual e, ao mesmo tempo, reforce valores como coopera\u00e7\u00e3o, responsabilidade e conviv\u00eancia familiar. \u201cSe podemos colaborar com a forma como as crian\u00e7as enxergam o mundo, faz sentido continuar. O Natal \u00e9 justamente sobre isso: escuta, presen\u00e7a e afeto\u201d,&nbsp;afirma&nbsp;Pedro.<\/p>\n","protected":false},"excerpt":{"rendered":"<p>Pe\u00e7a \u201cO Natal dos Duendes em Apuros\u201d coloca as crian\u00e7as como parte da hist\u00f3ria e promove reflex\u00e3o sobre coopera\u00e7\u00e3o, fam\u00edlia e responsabilidade A companhia curitibana Dupla de Palco estreia no dia 21 de dezembro, no Teatro \u00canio Carvalho, o espet\u00e1culo infantil \u201cO Natal dos Duendes em Apuros\u201d. A pe\u00e7a mostra o Natal pela perspectiva dos [&hellip;]<\/p>\n","protected":false},"author":1,"featured_media":5251,"comment_status":"open","ping_status":"open","sticky":false,"template":"","format":"standard","meta":{"footnotes":""},"categories":[424,186],"tags":[],"class_list":["post-5250","post","type-post","status-publish","format-standard","has-post-thumbnail","hentry","category-curitiba","category-eventos"],"_links":{"self":[{"href":"https:\/\/diarioparanaense.com\/index.php?rest_route=\/wp\/v2\/posts\/5250","targetHints":{"allow":["GET"]}}],"collection":[{"href":"https:\/\/diarioparanaense.com\/index.php?rest_route=\/wp\/v2\/posts"}],"about":[{"href":"https:\/\/diarioparanaense.com\/index.php?rest_route=\/wp\/v2\/types\/post"}],"author":[{"embeddable":true,"href":"https:\/\/diarioparanaense.com\/index.php?rest_route=\/wp\/v2\/users\/1"}],"replies":[{"embeddable":true,"href":"https:\/\/diarioparanaense.com\/index.php?rest_route=%2Fwp%2Fv2%2Fcomments&post=5250"}],"version-history":[{"count":1,"href":"https:\/\/diarioparanaense.com\/index.php?rest_route=\/wp\/v2\/posts\/5250\/revisions"}],"predecessor-version":[{"id":5252,"href":"https:\/\/diarioparanaense.com\/index.php?rest_route=\/wp\/v2\/posts\/5250\/revisions\/5252"}],"wp:featuredmedia":[{"embeddable":true,"href":"https:\/\/diarioparanaense.com\/index.php?rest_route=\/wp\/v2\/media\/5251"}],"wp:attachment":[{"href":"https:\/\/diarioparanaense.com\/index.php?rest_route=%2Fwp%2Fv2%2Fmedia&parent=5250"}],"wp:term":[{"taxonomy":"category","embeddable":true,"href":"https:\/\/diarioparanaense.com\/index.php?rest_route=%2Fwp%2Fv2%2Fcategories&post=5250"},{"taxonomy":"post_tag","embeddable":true,"href":"https:\/\/diarioparanaense.com\/index.php?rest_route=%2Fwp%2Fv2%2Ftags&post=5250"}],"curies":[{"name":"wp","href":"https:\/\/api.w.org\/{rel}","templated":true}]}}