{"id":5247,"date":"2025-11-13T11:12:32","date_gmt":"2025-11-13T14:12:32","guid":{"rendered":"https:\/\/diarioparanaense.com\/?p=5247"},"modified":"2025-11-13T11:12:32","modified_gmt":"2025-11-13T14:12:32","slug":"mostra-de-danca-leva-240-estudantes-ao-teatro-positivo-em-espetaculo-gratuito-nesta-quinta-feira-13","status":"publish","type":"post","link":"https:\/\/diarioparanaense.com\/?p=5247","title":{"rendered":"Mostra de Dan\u00e7a leva 240 estudantes ao Teatro Positivo em espet\u00e1culo gratuito nesta quinta-feira (13)"},"content":{"rendered":"\n<p class=\"has-medium-font-size\">Evento promete emocionar com performances inspiradas em grandes festivais de m\u00fasica<\/p>\n\n\n\n<p>A 11\u00aa edi\u00e7\u00e3o da Mostra de Dan\u00e7a do Col\u00e9gio Marista Paranaense ser\u00e1 realizada nesta quinta-feira (13), \u00e0s 20h, no Grande Audit\u00f3rio do Teatro Positivo, em Curitiba. O evento \u00e9 gratuito e reunir\u00e1 cerca de 240 estudantes do Ensino M\u00e9dio em uma noite de celebra\u00e7\u00e3o da arte, do movimento e da coletividade.<\/p>\n\n\n\n<p>O espet\u00e1culo deste ano, intitulado &#8220;MaristaPalooza&#8221;, foi desenvolvido de forma colaborativa entre professores e alunos, desde a escolha do tema e das m\u00fasicas at\u00e9 a cria\u00e7\u00e3o dos figurinos. Inspirado em grandes festivais de m\u00fasica, o show celebra diferentes estilos e gera\u00e7\u00f5es, destacando o protagonismo dos estudantes em cada detalhe da apresenta\u00e7\u00e3o.<\/p>\n\n\n\n<p>De acordo com a professora de Educa\u00e7\u00e3o F\u00edsica do Col\u00e9gio, Luana de Souza, o projeto nasceu para acolher os estudantes que se identificam mais com a arte do que com os esportes. \u201cA dan\u00e7a oportuniza o movimento e a atividade f\u00edsica para quem \u00e9 mais ligado \u00e0 arte. Ela traz empoderamento, ensina a se posicionar, a enfrentar o p\u00fablico e desenvolve habilidades de comunica\u00e7\u00e3o e conviv\u00eancia em grupo\u201d, explica.<\/p>\n\n\n\n<p>A Mostra de Dan\u00e7a \u00e9 um projeto dentro da grade curricular da institui\u00e7\u00e3o e foi criada h\u00e1 11 anos com o objetivo de ampliar as possibilidades de express\u00e3o corporal dos alunos, que podem escolher entre Educa\u00e7\u00e3o F\u00edsica ou Dan\u00e7a como disciplina regular. Desde ent\u00e3o, o projeto se consolidou como uma das atividades mais aguardadas do col\u00e9gio.<\/p>\n\n\n\n<p>Para a professora, a dan\u00e7a representa muito mais do que o resultado no palco, sendo um processo de aprendizado e transforma\u00e7\u00e3o pessoal. \u201cA dan\u00e7a ensina a ouvir, a respeitar o outro e a trabalhar em conjunto. S\u00e3o muitas qualidades que v\u00eam junto nessa grande evolu\u00e7\u00e3o que ela proporciona\u201d, afirma.<\/p>\n\n\n\n<p>Os ingressos para o espet\u00e1culo s\u00e3o gratuitos, mas as vagas s\u00e3o limitadas. De acordo com a organiza\u00e7\u00e3o do evento, restam poucos lugares dispon\u00edveis. Os interessados devem retirar as entradas diretamente no N\u00facleo do Ensino M\u00e9dio do Col\u00e9gio Marista Paranaense.<\/p>\n\n\n\n<p><strong>Servi\u00e7o<br><\/strong>Data: Quinta-feira, 13 de novembro de 2025<br>Hor\u00e1rio: 20h<br>Local: Grande Audit\u00f3rio do Teatro Positivo \u2013 R. Prof. Pedro Viriato Parigot de Souza, 5300, Curitiba &#8211; PR<br>A entrada \u00e9 gratuita, sujeita \u00e0 disponibilidade de ingressos (retirar as entradas diretamente no N\u00facleo do Ensino M\u00e9dio do Col\u00e9gio Marista Paranaense &#8211; R. Bpo. Dom Jos\u00e9, 2674 &#8211; Semin\u00e1rio, Curitiba &#8211; PR).<\/p>\n\n\n\n<p><strong>Sobre o Marista Brasil<br><\/strong>O Col\u00e9gio Marista Paranaense, em Curitiba (PR), integra o Marista Brasil, uma rede de col\u00e9gios e escolas presente em 20 estados brasileiros e no Distrito Federal, atendendo mais de 99 mil crian\u00e7as, jovens e adultos em 96 unidades de ensino. Os estudantes recebem forma\u00e7\u00e3o integral, composta pela tradi\u00e7\u00e3o dos valores Maristas e pela excel\u00eancia acad\u00eamica alinhada aos desafios contempor\u00e2neos. Por meio de propostas pedag\u00f3gicas diferenciadas, crian\u00e7as e jovens desenvolvem conhecimento, pensamento cr\u00edtico, autonomia e se tornam mais preparados para viver em uma sociedade em constante transforma\u00e7\u00e3o. Saiba mais em: maristabrasil.org.<\/p>\n","protected":false},"excerpt":{"rendered":"<p>Evento promete emocionar com performances inspiradas em grandes festivais de m\u00fasica A 11\u00aa edi\u00e7\u00e3o da Mostra de Dan\u00e7a do Col\u00e9gio Marista Paranaense ser\u00e1 realizada nesta quinta-feira (13), \u00e0s 20h, no Grande Audit\u00f3rio do Teatro Positivo, em Curitiba. O evento \u00e9 gratuito e reunir\u00e1 cerca de 240 estudantes do Ensino M\u00e9dio em uma noite de celebra\u00e7\u00e3o [&hellip;]<\/p>\n","protected":false},"author":1,"featured_media":5248,"comment_status":"open","ping_status":"open","sticky":false,"template":"","format":"standard","meta":{"footnotes":""},"categories":[431,186],"tags":[],"class_list":["post-5247","post","type-post","status-publish","format-standard","has-post-thumbnail","hentry","category-cultura","category-eventos"],"_links":{"self":[{"href":"https:\/\/diarioparanaense.com\/index.php?rest_route=\/wp\/v2\/posts\/5247","targetHints":{"allow":["GET"]}}],"collection":[{"href":"https:\/\/diarioparanaense.com\/index.php?rest_route=\/wp\/v2\/posts"}],"about":[{"href":"https:\/\/diarioparanaense.com\/index.php?rest_route=\/wp\/v2\/types\/post"}],"author":[{"embeddable":true,"href":"https:\/\/diarioparanaense.com\/index.php?rest_route=\/wp\/v2\/users\/1"}],"replies":[{"embeddable":true,"href":"https:\/\/diarioparanaense.com\/index.php?rest_route=%2Fwp%2Fv2%2Fcomments&post=5247"}],"version-history":[{"count":1,"href":"https:\/\/diarioparanaense.com\/index.php?rest_route=\/wp\/v2\/posts\/5247\/revisions"}],"predecessor-version":[{"id":5249,"href":"https:\/\/diarioparanaense.com\/index.php?rest_route=\/wp\/v2\/posts\/5247\/revisions\/5249"}],"wp:featuredmedia":[{"embeddable":true,"href":"https:\/\/diarioparanaense.com\/index.php?rest_route=\/wp\/v2\/media\/5248"}],"wp:attachment":[{"href":"https:\/\/diarioparanaense.com\/index.php?rest_route=%2Fwp%2Fv2%2Fmedia&parent=5247"}],"wp:term":[{"taxonomy":"category","embeddable":true,"href":"https:\/\/diarioparanaense.com\/index.php?rest_route=%2Fwp%2Fv2%2Fcategories&post=5247"},{"taxonomy":"post_tag","embeddable":true,"href":"https:\/\/diarioparanaense.com\/index.php?rest_route=%2Fwp%2Fv2%2Ftags&post=5247"}],"curies":[{"name":"wp","href":"https:\/\/api.w.org\/{rel}","templated":true}]}}