{"id":5235,"date":"2025-11-13T10:56:46","date_gmt":"2025-11-13T13:56:46","guid":{"rendered":"https:\/\/diarioparanaense.com\/?p=5235"},"modified":"2025-11-13T10:56:47","modified_gmt":"2025-11-13T13:56:47","slug":"evento-gratuito-no-centro-tera-oficina-de-reciclagem-feira-de-adocao-de-animais-e-brincadeiras-sensoriais","status":"publish","type":"post","link":"https:\/\/diarioparanaense.com\/?p=5235","title":{"rendered":"Evento gratuito no Centro ter\u00e1 oficina de reciclagem, feira de ado\u00e7\u00e3o de animais e brincadeiras sensoriais"},"content":{"rendered":"\n<p class=\"has-medium-font-size\">Em parceria com a prefeitura de Curitiba, Grupo MiniPre\u00e7o estar\u00e1 presente no evento Domingo no Centro deste final de semana<\/p>\n\n\n\n<p>O Domingo no Centro, iniciativa da prefeitura de Curitiba, vem transformando o centro da cidade em um grande espa\u00e7o de lazer, cultura e oferta de servi\u00e7os p\u00fablicos. O evento, realizado mensalmente, tem m\u00fasica, teatro, oficinas infantis, feiras de artesanato e gastronomia, al\u00e9m de servi\u00e7os como vacina\u00e7\u00e3o e orienta\u00e7\u00f5es de sa\u00fade em geral. A edi\u00e7\u00e3o de novembro ser\u00e1 realizada neste domingo (16), a partir das 9h, na Rua XV de Novembro, no trecho entre a Pra\u00e7a Os\u00f3rio e o Bondinho da Leitura.<\/p>\n\n\n\n<p>A grande novidade \u00e9 o an\u00fancio da parceria oficial do Grupo MiniPre\u00e7o, que se une \u00e0 prefeitura para deixar a programa\u00e7\u00e3o ainda mais atrativa. Desta vez, o evento ter\u00e1 brinquedos infl\u00e1veis, oficina de pintura, cantinho da leitura, feira de ado\u00e7\u00e3o de animais e microchipagem, dentre muitas outras atra\u00e7\u00f5es, tudo de forma gratuita. A parceria com a empresa Lyke garante o fornecimento de todo o material escolar para a oficina de pintura.<\/p>\n\n\n\n<p>De acordo com Rhavena Frossard, gerente de marketing do Grupo MiniPre\u00e7o, a parceria com a prefeitura \u00e9 de extrema import\u00e2ncia para o grupo e para a comunidade em geral. \u201cEssa uni\u00e3o refor\u00e7a o compromisso social do Grupo MiniPre\u00e7o com a educa\u00e7\u00e3o e o entretenimento infantil. Eventos como esse, em espa\u00e7os p\u00fablicos, permitem que todos tenham acesso aos servi\u00e7os b\u00e1sicos e isso \u00e9 muito importante para a comunidade\u201d, afirma.<\/p>\n\n\n\n<p>Al\u00e9m das novidades trazidas pelo Grupo MiniPre\u00e7o, o Domingo no Centro manter\u00e1 a sua ess\u00eancia, oferecendo uma s\u00e9rie de atividades gratuitas.<\/p>\n\n\n\n<p class=\"has-medium-font-size\">Confira a programa\u00e7\u00e3o:<\/p>\n\n\n\n<p>PALCO R\u00c1DIO MIX<br>10h: Rockids<br>11h: Fam\u00edlias Folhas<br>12h: The Trio is Gone<br>13h10: Escambal<br>14h10: Relesp\u00fablica<\/p>\n\n\n\n<p>TENDA CULTURA<br>10h30 e 12h30: Oficina Esculpindo Curitiba<br>12h30 \u00e0s 15h: Distribui\u00e7\u00e3o livros \u2013 Tuboteca<\/p>\n\n\n\n<p>TENDA MEIO AMBIENTE<br>9h \u00e0s 15h: Pintura em material da Fam\u00edlia Folhas e distribui\u00e7\u00e3o de materiais educativos<br>9h \u00e0s 15h: Exposi\u00e7\u00e3o de animais taxidermizados da Mata Atl\u00e2ntica<br>9h \u00e0s 15h: Orienta\u00e7\u00f5es sobre separa\u00e7\u00e3o e destina\u00e7\u00e3o correta dos res\u00edduos s\u00f3lidos e import\u00e2ncia da reciclagem<\/p>\n\n\n\n<p>TENDA SA\u00daDE<br>9h \u00e0s 15h: Orienta\u00e7\u00e3o e preven\u00e7\u00e3o \u00e0 dengue e sa\u00fade bucal, a\u00e7\u00f5es de preven\u00e7\u00e3o ao tabagismo, entrega de autotestes<br>9h \u00e0s 15h: Orienta\u00e7\u00f5es sobre sa\u00fade do homem \u2013 Novembro Azul e aplicativo Sa\u00fade J\u00e1<\/p>\n\n\n\n<p>TENDA EDUCA\u00c7\u00c3O<br>9h \u00e0s 15h: Informa\u00e7\u00f5es Central de vagas\/Vale-Creche\/cadastro online<br>9h \u00e0s 15h: Cantinho da leitura, distribui\u00e7\u00e3o de cart\u00f5es po\u00e9ticos<br>9h \u00e0s 15h: Jogos sensoriais, brincadeiras com blocos gigantes, caixa das sensa\u00e7\u00f5es e pain\u00e9is de atividades<\/p>\n\n\n\n<p>TENDA PET<br>9h \u00e0s 15h: Feira de ado\u00e7\u00e3o e microchipagem gratuita<\/p>\n\n\n\n<p>\u00c1REA DE LAZER 1 \u2013 MINI PRE\u00c7O<br>9h \u00e0s 15h: brinquedos infl\u00e1veis<\/p>\n\n\n\n<p>\u00c1REA DE LAZER 2 &#8211; BONDINHO<br>9h \u00e0s 15h: jogos gigantes, xadrez de mesa, futebol de bot\u00e3o, t\u00eanis de mesa, xadrez gigante, kits de pr\u00e1tica esportiva, cama el\u00e1stica<br>10h \u00e0s 15h: A\u00e7\u00f5es de leitura<br>11h30: Conta\u00e7\u00e3o de Hist\u00f3rias<\/p>\n\n\n\n<p>O evento ter\u00e1 ainda feira de artesanato, produtos de economia solid\u00e1ria, produtos Curitiba Sua Linda, foodtrucks, artesanato e produtos agro de S\u00e3o dos Pinhais, cart\u00e3o transporte, Sine M\u00f3vel, Van ABC do Tr\u00e2nsito e Espa\u00e7o Empreendedor M\u00f3vel.<\/p>\n\n\n\n<p>A Prefeitura refor\u00e7a a recomenda\u00e7\u00e3o para que os visitantes evitem a circula\u00e7\u00e3o de ve\u00edculos na \u00e1rea central durante o evento, devido aos bloqueios tempor\u00e1rios que ser\u00e3o realizados nas ruas \u00c9bano Pereira e Volunt\u00e1rios da P\u00e1tria para garantir a seguran\u00e7a e o conforto do p\u00fablico.<\/p>\n\n\n\n<p class=\"has-medium-font-size\">Servi\u00e7o:<\/p>\n\n\n\n<p>Domingo no Centro<br>Data: 16 de novembro<br>Hor\u00e1rio: das 9h \u00e0s 17h<br>Local: Rua XV de Novembro &#8211; entre a Pra\u00e7a Os\u00f3rio e o Bondinho da Leitura<br>Evento&nbsp;gratuito<\/p>\n","protected":false},"excerpt":{"rendered":"<p>Em parceria com a prefeitura de Curitiba, Grupo MiniPre\u00e7o estar\u00e1 presente no evento Domingo no Centro deste final de semana O Domingo no Centro, iniciativa da prefeitura de Curitiba, vem transformando o centro da cidade em um grande espa\u00e7o de lazer, cultura e oferta de servi\u00e7os p\u00fablicos. O evento, realizado mensalmente, tem m\u00fasica, teatro, oficinas [&hellip;]<\/p>\n","protected":false},"author":1,"featured_media":5239,"comment_status":"open","ping_status":"open","sticky":false,"template":"","format":"standard","meta":{"footnotes":""},"categories":[186],"tags":[],"class_list":["post-5235","post","type-post","status-publish","format-standard","has-post-thumbnail","hentry","category-eventos"],"_links":{"self":[{"href":"https:\/\/diarioparanaense.com\/index.php?rest_route=\/wp\/v2\/posts\/5235","targetHints":{"allow":["GET"]}}],"collection":[{"href":"https:\/\/diarioparanaense.com\/index.php?rest_route=\/wp\/v2\/posts"}],"about":[{"href":"https:\/\/diarioparanaense.com\/index.php?rest_route=\/wp\/v2\/types\/post"}],"author":[{"embeddable":true,"href":"https:\/\/diarioparanaense.com\/index.php?rest_route=\/wp\/v2\/users\/1"}],"replies":[{"embeddable":true,"href":"https:\/\/diarioparanaense.com\/index.php?rest_route=%2Fwp%2Fv2%2Fcomments&post=5235"}],"version-history":[{"count":1,"href":"https:\/\/diarioparanaense.com\/index.php?rest_route=\/wp\/v2\/posts\/5235\/revisions"}],"predecessor-version":[{"id":5240,"href":"https:\/\/diarioparanaense.com\/index.php?rest_route=\/wp\/v2\/posts\/5235\/revisions\/5240"}],"wp:featuredmedia":[{"embeddable":true,"href":"https:\/\/diarioparanaense.com\/index.php?rest_route=\/wp\/v2\/media\/5239"}],"wp:attachment":[{"href":"https:\/\/diarioparanaense.com\/index.php?rest_route=%2Fwp%2Fv2%2Fmedia&parent=5235"}],"wp:term":[{"taxonomy":"category","embeddable":true,"href":"https:\/\/diarioparanaense.com\/index.php?rest_route=%2Fwp%2Fv2%2Fcategories&post=5235"},{"taxonomy":"post_tag","embeddable":true,"href":"https:\/\/diarioparanaense.com\/index.php?rest_route=%2Fwp%2Fv2%2Ftags&post=5235"}],"curies":[{"name":"wp","href":"https:\/\/api.w.org\/{rel}","templated":true}]}}