{"id":5233,"date":"2025-11-13T11:06:34","date_gmt":"2025-11-13T14:06:34","guid":{"rendered":"https:\/\/diarioparanaense.com\/?p=5233"},"modified":"2025-11-13T11:06:34","modified_gmt":"2025-11-13T14:06:34","slug":"dia-nacional-do-diretor-escolar-homenageia-e-reconhece-o-esforco-dos-profissionais-da-educacao-em-todo-o-parana","status":"publish","type":"post","link":"https:\/\/diarioparanaense.com\/?p=5233","title":{"rendered":"Dia Nacional do Diretor Escolar homenageia e reconhece o esfor\u00e7o dos profissionais da educa\u00e7\u00e3o em todo o Paran\u00e1"},"content":{"rendered":"\n<p>Comemorado em 12 de novembro, o Dia Nacional do Diretor de Escola, celebra os profissionais que s\u00e3o o verdadeiro pilar de gest\u00e3o e lideran\u00e7a pedag\u00f3gica nas escolas. No Paran\u00e1, a data \u00e9 uma forma de reconhecimento aos mais de 2 mil l\u00edderes de escolas estaduais, cujo trabalho di\u00e1rio impacta diretamente na forma\u00e7\u00e3o dos mais de 1,2 milh\u00e3o de alunos da rede p\u00fablica de ensino.<\/p>\n\n\n\n<p>O secret\u00e1rio de Estado da Educa\u00e7\u00e3o, Roni Miranda, destaca que o trabalho dos diretores \u00e9 fundamental para o sucesso das pol\u00edticas educacionais e para o fortalecimento da escola como espa\u00e7o de transforma\u00e7\u00e3o social. \u201cOs diretores s\u00e3o o elo entre a gest\u00e3o p\u00fablica e a comunidade escolar. Eles traduzem as pol\u00edticas educacionais em a\u00e7\u00f5es concretas, garantindo que cada estudante tenha acesso a uma educa\u00e7\u00e3o de qualidade\u201d, afirma. \u201cCelebrar esse dia \u00e9 reconhecer o compromisso, a sensibilidade e a lideran\u00e7a de quem faz a diferen\u00e7a no cotidiano das nossas escolas.\u201d<\/p>\n\n\n\n<p>PAPEL ESSENCIAL \u2013 Assim como professores e funcion\u00e1rios, os diretores s\u00e3o pe\u00e7as fundamentais na engrenagem da educa\u00e7\u00e3o p\u00fablica. S\u00e3o eles que coordenam pessoas, mediam conflitos, incentivam boas pr\u00e1ticas e garantem que o ambiente escolar seja acolhedor e inspirador.<\/p>\n\n\n\n<p>No Col\u00e9gio Estadual C\u00edvico Militar Professora Etelvina Cordeiro Ribas, o diretor Jos\u00e9 Carlos Koehler acredita que sua principal miss\u00e3o \u00e9 fazer com que cada aluno enxergue que o estudo \u00e9 o caminho mais seguro para mudar o pr\u00f3prio destino. Para ele, a escola deve ser um ponto de virada na vida dos estudantes, o lugar onde aprendem a acreditar no pr\u00f3prio potencial. \u201cNosso sonho \u00e9 continuar oportunizando tudo: rob\u00f3tica, esportes, m\u00fasica, arte, tecnologia e protagonismo, para que o aluno escolha o conhecimento em vez da viol\u00eancia e se orgulhe de fazer parte desta comunidade\u201d, afirma.<\/p>\n\n\n\n<p>Entre os projetos que mais orgulham o profissional da educa\u00e7\u00e3o, est\u00e1 a transforma\u00e7\u00e3o do col\u00e9gio em um verdadeiro s\u00edmbolo de mudan\u00e7a e pertencimento. \u201cO Etelvina \u00e9 uma metamorfose ambulante, um col\u00e9gio que se reinventa sem perder a ess\u00eancia\u201d, conta o diretor. Segundo ele, cada conquista da escola, desde o alto \u00edndice de frequ\u00eancia at\u00e9 o sucesso em projetos culturais e nas competi\u00e7\u00f5es esportivas, representa o resultado de um esfor\u00e7o coletivo. \u201cTemos orgulho de sermos exigentes, porque \u00e9 dessa exig\u00eancia que nasce o sentimento de pertencimento dos nossos alunos. Cada vit\u00f3ria, seja no esporte, na m\u00fasica, na arte ou na sala de aula, mostra que vale a pena acreditar no poder transformador da educa\u00e7\u00e3o.\u201d<\/p>\n\n\n\n<p>ESPORTES \u2013 O diretor busca sempre fortalecer o esporte, com modalidades como jud\u00f4, v\u00f4lei, futebol, dan\u00e7a e atletismo. \u201cSempre com a seriedade de quem quer formar campe\u00f5es. Nosso futebol sub-13 foi um exemplo disso: ficou em 3\u00ba lugar no Pi\u00e1 Bom de Bola. O col\u00e9gio venceu o torneio invicto, mesmo sem uma semana de treino, mostrando o potencial da comunidade do Piratini e Xapinhal\u201d, conta.<\/p>\n\n\n\n<p>CULTURA \u2013 A multiplicidade de iniciativas pedag\u00f3gicas da escola inclui ainda a realiza\u00e7\u00e3o de diversos projetos culturais, como o coral e a orquestra de cordas, que revelam talentos e despertam a sensibilidade nos alunos. J\u00e1 a fanfarra, reerguida ap\u00f3s mais de uma d\u00e9cada, \u00e9 hoje um dos maiores s\u00edmbolos de orgulho da escola, participando de desfiles e conquistando trof\u00e9us no circuito paranaense e catarinense. Al\u00e9m disso, a institui\u00e7\u00e3o tamb\u00e9m conta com um pelot\u00e3o especial de marcha, treinado por um Subtenente aposentado do programa C\u00edvico-Militar, o que refor\u00e7a a disciplina e o esp\u00edrito de lideran\u00e7a entre os estudantes, mostrando que cultura e civismo caminham juntos. \u201cNosso col\u00e9gio est\u00e1 sempre cheio, porque aqui o aluno cria identidade, pertencimento e prop\u00f3sito\u201d, afirma o diretor.<\/p>\n\n\n\n<p>SUSTENTABILIDADE &#8211; No Col\u00e9gio Estadual Le\u00f4ncio Correia, em Curitiba, o impacto direto da gest\u00e3o escolar na consolida\u00e7\u00e3o de pr\u00e1ticas de sustentabilidade tem transformado o ambiente educacional. Sob lideran\u00e7a da dire\u00e7\u00e3o, a escola estruturou um conjunto amplo de a\u00e7\u00f5es socioambientais que v\u00e3o da meliponicultura educativa com esp\u00e9cies nativas de abelhas sem ferr\u00e3o \u00e0s hortas, composteiras, jardins sensoriais, sistemas de capta\u00e7\u00e3o de \u00e1gua da chuva e espa\u00e7os de conviv\u00eancia ecol\u00f3gicos feitos de bambu.<\/p>\n\n\n\n<p>Essas iniciativas ganharam for\u00e7a com projetos premiados nacionalmente, como o \u201cCultivando Saberes\u201d, e contam com o engajamento cont\u00ednuo dos professores e apoio t\u00e9cnico de institui\u00e7\u00f5es como o IDR-Paran\u00e1, refor\u00e7ando que a vis\u00e3o da gest\u00e3o \u00e9 fundamental para transformar ideias em projetos de impacto permanente.<\/p>\n\n\n\n<p>No Le\u00f4ncio Correia, os alunos aprendem a cuidar de colmeias, alimentar os enxames, estudam biodiversidade, manejam hortas e observam, na pr\u00e1tica, o ciclo dos recursos naturais: saberes que levam para suas casas e comunidades. O suporte do diretor garante continuidade, estrutura e integra\u00e7\u00e3o curricular, permitindo que a escola seja exemplo de inova\u00e7\u00e3o sustent\u00e1vel e que cada iniciativa se transforme em aprendizagem significativa, alinhada \u00e0s demandas socioambientais do mundo atual.<\/p>\n\n\n\n<p>\u201cOferecer aos estudantes experi\u00eancias que formem n\u00e3o s\u00f3 conhecimento acad\u00eamico, mas responsabilidade ambiental e senso de comunidade \u00e9 um dos pontos fortes que buscamos desenvolver aqui na escola. Isso \u00e9 ser diretor: educar para a vida inteira\u201d, destacou o diretor da escola, Marcelo Monteiro.<\/p>\n\n\n\n<p><strong>Imagem:<\/strong> Divulga\u00e7\u00e3o\u00a0SEED\/PR<\/p>\n","protected":false},"excerpt":{"rendered":"<p>Comemorado em 12 de novembro, o Dia Nacional do Diretor de Escola, celebra os profissionais que s\u00e3o o verdadeiro pilar de gest\u00e3o e lideran\u00e7a pedag\u00f3gica nas escolas. No Paran\u00e1, a data \u00e9 uma forma de reconhecimento aos mais de 2 mil l\u00edderes de escolas estaduais, cujo trabalho di\u00e1rio impacta diretamente na forma\u00e7\u00e3o dos mais de [&hellip;]<\/p>\n","protected":false},"author":1,"featured_media":5243,"comment_status":"open","ping_status":"open","sticky":false,"template":"","format":"standard","meta":{"footnotes":""},"categories":[425],"tags":[],"class_list":["post-5233","post","type-post","status-publish","format-standard","has-post-thumbnail","hentry","category-parana"],"_links":{"self":[{"href":"https:\/\/diarioparanaense.com\/index.php?rest_route=\/wp\/v2\/posts\/5233","targetHints":{"allow":["GET"]}}],"collection":[{"href":"https:\/\/diarioparanaense.com\/index.php?rest_route=\/wp\/v2\/posts"}],"about":[{"href":"https:\/\/diarioparanaense.com\/index.php?rest_route=\/wp\/v2\/types\/post"}],"author":[{"embeddable":true,"href":"https:\/\/diarioparanaense.com\/index.php?rest_route=\/wp\/v2\/users\/1"}],"replies":[{"embeddable":true,"href":"https:\/\/diarioparanaense.com\/index.php?rest_route=%2Fwp%2Fv2%2Fcomments&post=5233"}],"version-history":[{"count":1,"href":"https:\/\/diarioparanaense.com\/index.php?rest_route=\/wp\/v2\/posts\/5233\/revisions"}],"predecessor-version":[{"id":5244,"href":"https:\/\/diarioparanaense.com\/index.php?rest_route=\/wp\/v2\/posts\/5233\/revisions\/5244"}],"wp:featuredmedia":[{"embeddable":true,"href":"https:\/\/diarioparanaense.com\/index.php?rest_route=\/wp\/v2\/media\/5243"}],"wp:attachment":[{"href":"https:\/\/diarioparanaense.com\/index.php?rest_route=%2Fwp%2Fv2%2Fmedia&parent=5233"}],"wp:term":[{"taxonomy":"category","embeddable":true,"href":"https:\/\/diarioparanaense.com\/index.php?rest_route=%2Fwp%2Fv2%2Fcategories&post=5233"},{"taxonomy":"post_tag","embeddable":true,"href":"https:\/\/diarioparanaense.com\/index.php?rest_route=%2Fwp%2Fv2%2Ftags&post=5233"}],"curies":[{"name":"wp","href":"https:\/\/api.w.org\/{rel}","templated":true}]}}