{"id":5229,"date":"2025-11-10T15:41:30","date_gmt":"2025-11-10T18:41:30","guid":{"rendered":"https:\/\/diarioparanaense.com\/?p=5229"},"modified":"2025-11-10T15:41:31","modified_gmt":"2025-11-10T18:41:31","slug":"programa-reforma-casa-brasil-deve-aquecer-setor-da-construcao","status":"publish","type":"post","link":"https:\/\/diarioparanaense.com\/?p=5229","title":{"rendered":"Programa Reforma Casa Brasil deve aquecer setor da constru\u00e7\u00e3o"},"content":{"rendered":"\n<p class=\"has-medium-font-size\">Ser\u00e3o R$ 40 bilh\u00f5es em linhas de cr\u00e9dito para reformas e melhorias habitacionais, com juros reduzidos e prazos estendidos<\/p>\n\n\n\n<p>O rec\u00e9m-lan\u00e7ado Programa Reforma Casa Brasil, promete injetar R$ 40 bilh\u00f5es em linhas de cr\u00e9dito para reformas e melhorias habitacionais, com juros reduzidos e prazos estendidos. A iniciativa, que busca garantir moradia digna e estimular a economia, tamb\u00e9m acende o alerta de investidores atentos \u00e0 cadeia produtiva da constru\u00e7\u00e3o civil.<\/p>\n\n\n\n<p>Segundo o especialista em investimentos e aquisi\u00e7\u00f5es Anderson Meira, a medida tem potencial para \u201creativar um dos setores mais sens\u00edveis \u00e0 confian\u00e7a do consumidor: o da constru\u00e7\u00e3o e do varejo de materiais\u201d. Ele destaca que, al\u00e9m do impacto direto na gera\u00e7\u00e3o de empregos, o programa tende a movimentar pequenos neg\u00f3cios e abrir novas oportunidades para investidores.<\/p>\n\n\n\n<p>\u201cEstamos falando de uma inje\u00e7\u00e3o significativa de cr\u00e9dito em um segmento com forte efeito multiplicador. Cada real investido em reforma movimenta transporte, servi\u00e7os t\u00e9cnicos, m\u00e3o de obra local e com\u00e9rcio de insumos\u201d, explica.<\/p>\n\n\n\n<p class=\"has-medium-font-size\">Quem pode usar?<\/p>\n\n\n\n<p>O Reforma Casa Brasil contempla fam\u00edlias com renda de at\u00e9 R$ 9.600, oferecendo financiamentos que podem chegar a R$ 30 mil, com prazos de at\u00e9 60 meses e taxas de juros a partir de 1,17% ao m\u00eas. Para faixas de renda superiores, a Caixa Econ\u00f4mica Federal disponibilizar\u00e1 condi\u00e7\u00f5es personalizadas, com prazos de at\u00e9 180 meses.<\/p>\n\n\n\n<p>Para Anderson Meira, o programa deve tamb\u00e9m impulsionar o setor de cr\u00e9dito imobili\u00e1rio e investimentos em infraestrutura urbana. \u201cQuando o governo amplia o acesso ao cr\u00e9dito para reformas, o mercado como um todo se aquece. H\u00e1 reflexos em fundos de investimento imobili\u00e1rio, incorporadoras e empresas de materiais de constru\u00e7\u00e3o listadas na Bolsa\u201d, analisa.<\/p>\n\n\n\n<p>Andersom ressalta ainda que \u201cesse tipo de pol\u00edtica habitacional funciona como um term\u00f4metro do crescimento sustent\u00e1vel, pois melhora a qualidade de vida e, ao mesmo tempo, incentiva a formaliza\u00e7\u00e3o de pequenos prestadores de servi\u00e7o\u201d.<\/p>\n\n\n\n<p>\u201cA grande diferen\u00e7a desse programa \u00e9 que ele n\u00e3o trata apenas de construir novas casas, mas de preservar e valorizar o patrim\u00f4nio existente. Isso tem um impacto econ\u00f4mico e social muito mais amplo\u201d, comenta o especialista.<\/p>\n\n\n\n<p>Meira observa que o momento \u00e9 prop\u00edcio para o investimento em ativos ligados ao setor habitacional. \u201cQuem souber observar as movimenta\u00e7\u00f5es do mercado perceber\u00e1 uma janela interessante para posicionamento em empresas de materiais, construtoras regionais e fundos de cr\u00e9dito atrelados \u00e0 habita\u00e7\u00e3o popular\u201d, afirma.<\/p>\n\n\n\n<p>Ele complementa: \u201cO Reforma Casa Brasil sinaliza confian\u00e7a e previsibilidade. E isso, para o investidor, \u00e9 sin\u00f4nimo de oportunidade com menor risco pol\u00edtico e social\u201d.<br><\/p>\n\n\n\n<p><strong>Servi\u00e7o: Ameira Investimentos<\/strong><br>Anderson Meira<\/p>\n\n\n\n<p><strong>Especialista em investimentos e aquisi\u00e7\u00f5es<br><\/strong>\u202a+55 41 98829-0456\u202c<br>@ameirainvestimentos<br>Rua: Avenida Holanda, 434 &#8211; sobrado 4, Fazenda\u00a0Rio\u00a0Grande\/PR.<\/p>\n","protected":false},"excerpt":{"rendered":"<p>Ser\u00e3o R$ 40 bilh\u00f5es em linhas de cr\u00e9dito para reformas e melhorias habitacionais, com juros reduzidos e prazos estendidos O rec\u00e9m-lan\u00e7ado Programa Reforma Casa Brasil, promete injetar R$ 40 bilh\u00f5es em linhas de cr\u00e9dito para reformas e melhorias habitacionais, com juros reduzidos e prazos estendidos. A iniciativa, que busca garantir moradia digna e estimular a [&hellip;]<\/p>\n","protected":false},"author":1,"featured_media":5230,"comment_status":"open","ping_status":"open","sticky":false,"template":"","format":"standard","meta":{"footnotes":""},"categories":[29],"tags":[],"class_list":["post-5229","post","type-post","status-publish","format-standard","has-post-thumbnail","hentry","category-artigos"],"_links":{"self":[{"href":"https:\/\/diarioparanaense.com\/index.php?rest_route=\/wp\/v2\/posts\/5229","targetHints":{"allow":["GET"]}}],"collection":[{"href":"https:\/\/diarioparanaense.com\/index.php?rest_route=\/wp\/v2\/posts"}],"about":[{"href":"https:\/\/diarioparanaense.com\/index.php?rest_route=\/wp\/v2\/types\/post"}],"author":[{"embeddable":true,"href":"https:\/\/diarioparanaense.com\/index.php?rest_route=\/wp\/v2\/users\/1"}],"replies":[{"embeddable":true,"href":"https:\/\/diarioparanaense.com\/index.php?rest_route=%2Fwp%2Fv2%2Fcomments&post=5229"}],"version-history":[{"count":1,"href":"https:\/\/diarioparanaense.com\/index.php?rest_route=\/wp\/v2\/posts\/5229\/revisions"}],"predecessor-version":[{"id":5231,"href":"https:\/\/diarioparanaense.com\/index.php?rest_route=\/wp\/v2\/posts\/5229\/revisions\/5231"}],"wp:featuredmedia":[{"embeddable":true,"href":"https:\/\/diarioparanaense.com\/index.php?rest_route=\/wp\/v2\/media\/5230"}],"wp:attachment":[{"href":"https:\/\/diarioparanaense.com\/index.php?rest_route=%2Fwp%2Fv2%2Fmedia&parent=5229"}],"wp:term":[{"taxonomy":"category","embeddable":true,"href":"https:\/\/diarioparanaense.com\/index.php?rest_route=%2Fwp%2Fv2%2Fcategories&post=5229"},{"taxonomy":"post_tag","embeddable":true,"href":"https:\/\/diarioparanaense.com\/index.php?rest_route=%2Fwp%2Fv2%2Ftags&post=5229"}],"curies":[{"name":"wp","href":"https:\/\/api.w.org\/{rel}","templated":true}]}}