{"id":5226,"date":"2025-11-10T10:41:31","date_gmt":"2025-11-10T13:41:31","guid":{"rendered":"https:\/\/diarioparanaense.com\/?p=5226"},"modified":"2025-11-10T10:41:31","modified_gmt":"2025-11-10T13:41:31","slug":"solidariedade-marca-a-6a-edicao-da-corrida-e-caminhada-dos-amigos-do-hc","status":"publish","type":"post","link":"https:\/\/diarioparanaense.com\/?p=5226","title":{"rendered":"Solidariedade marca a 6\u00aa edi\u00e7\u00e3o da Corrida e Caminhada dos Amigos do HC"},"content":{"rendered":"\n<p class=\"has-medium-font-size\">Todo o valor arrecadado com o evento ser\u00e1 destinado ao Centro de Direitos \u00e0 Vida da Pessoa Idosa<\/p>\n\n\n\n<p>No \u00faltimo dia 02 de novembro, a capital paranaense se encheu de energia, sa\u00fade e solidariedade com a realiza\u00e7\u00e3o da 6\u00aa Corrida e Caminhada dos Amigos do HC. O evento, que j\u00e1 se tornou uma tradi\u00e7\u00e3o no calend\u00e1rio esportivo e beneficente da cidade, reuniu mais de dois mil participantes, que correram ou caminharam em percursos de 5km e 10km.<\/p>\n\n\n\n<p>O valor arrecadado com as inscri\u00e7\u00f5es desta edi\u00e7\u00e3o ser\u00e1 integralmente destinado ao CEDIVIDA \u2013 Centro de Direitos \u00e0 Vida da Pessoa Idosa, um programa mantido pelos Amigos do HC e criado com o prop\u00f3sito de dar um novo sentido ao envelhecimento, por meio da defesa dos direitos, sa\u00fade e bem-estar das pessoas 60+. O espa\u00e7o promove cursos e feiras de empregos, oficinas e palestras, de forma gratuita.<\/p>\n\n\n\n<p>De acordo com o presidente da Associa\u00e7\u00e3o dos Amigos do HC, Domingos Murta, o sucesso est\u00e1 na solidariedade. \u201cA Corrida e Caminhada dos Amigos do HC \u00e9 um evento que, a cada ano, atinge mais pessoas em prol de um bem comum.<br>A solidariedade de todos os participantes vai ajudar na manuten\u00e7\u00e3o do CEDIVIDA, um projeto de extrema import\u00e2ncia para a terceira idade\u201d, afirma Murta.<\/p>\n\n\n\n<p>Os participantes da 6\u00aa edi\u00e7\u00e3o da Corrida e Caminhada puderam escolher uma entre as oito categorias dispon\u00edveis: Corrida 10 Km Feminino e Masculino, Corrida 10 Km 60+ Feminino e Masculino, Corrida 10 Km PCD Feminino e Masculino, Corrida 5 Km Feminino e Masculino, Corrida 5 Km 60+ Feminino e Masculino, Corrida 5 Km PCD Feminino e Masculino, Caminhada 5 Km e C\u00e3ominhada 5 Km.<\/p>\n\n\n\n<p class=\"has-medium-font-size\">Os vencedores<\/p>\n\n\n\n<p>Confira quem levou o primeiro lugar nas provas de 10km e 5km:<\/p>\n\n\n\n<p>Categoria 10 KM:<\/p>\n\n\n\n<p>Feminino Geral: Manuela Campos Machado Alecio<br>Masculino Geral: Eduardo Robson Buck<br>Feminino 60+: Edna Maria Linzimeyer Rabassa<br>Masculino 60+: Manoel Oliveira<br>Feminino PCD: Carolina Nunes Cordeiro Fitus<br>Masculino PCD: Eli da Silva Sundadozo<\/p>\n\n\n\n<p>Categoria 5 KM:<\/p>\n\n\n\n<p>Feminino Geral: Lucimari Perin Miretzki<br>Masculino Geral: Vitor Bueno de Oliveira<br>Feminino 60+: Silvanete dos Santos<br>Masculino 60+: Vitor Bueno de Oliveira<br>Feminino PCD: Roberta Fonseca Santos de Paula<br>Masculino PCD: Isaque Ramos de Alencar<\/p>\n\n\n\n<p class=\"has-medium-font-size\">Sobre a Associa\u00e7\u00e3o dos Amigos do HC<\/p>\n\n\n\n<p>Os Amigos do HC s\u00e3o uma Organiza\u00e7\u00e3o da Sociedade Civil (OSC) sem fins lucrativos, que h\u00e1 quase 40 anos atua na defesa de direitos e promo\u00e7\u00e3o da sa\u00fade. Seu compromisso consiste em melhorar a qualidade do atendimento aos pacientes SUS, familiares e acompanhantes do Complexo Hospital de Cl\u00ednicas da UFPR.<\/p>\n\n\n\n<p>Desde 2016, tamb\u00e9m prestam assist\u00eancia interdisciplinar para crian\u00e7as e adolescentes v\u00edtimas de viol\u00eancias graves e grav\u00edssimas por meio do Programa DEDICA \u2013 Defesa dos Direitos da Crian\u00e7a e do Adolescente.<br>Em 2021, em comemora\u00e7\u00e3o aos 35 anos de hist\u00f3ria, lan\u00e7aram o Programa CEDIVIDA \u2013 Centro de Direitos \u00e0 Vida da Pessoa Idosa, ampliando a atua\u00e7\u00e3o para a causa do envelhecimento digno. Em 2024, ampliaram a atua\u00e7\u00e3o na prote\u00e7\u00e3o dos direitos da crian\u00e7a e do adolescente com o lan\u00e7amento do Programa PROTEGER, que passou a oferecer em Paranagu\u00e1 o mesmo modelo de atendimento interdisciplinar realizado pelo DEDICA, em Curitiba.<\/p>\n\n\n\n<p class=\"has-medium-font-size\">Servi\u00e7o:<\/p>\n\n\n\n<p>Associa\u00e7\u00e3o dos Amigos do HC<br>Endere\u00e7o: Av. Agostinho Le\u00e3o J\u00fanior, 336 &#8211; Alto da Gl\u00f3ria<br>Telefone: (41) 3091-1000<br>Site: <a href=\"https:\/\/www.amigosdohc.org.br\/\">https:\/\/www.amigosdohc.org.br\/<\/a><\/p>\n","protected":false},"excerpt":{"rendered":"<p>Todo o valor arrecadado com o evento ser\u00e1 destinado ao Centro de Direitos \u00e0 Vida da Pessoa Idosa No \u00faltimo dia 02 de novembro, a capital paranaense se encheu de energia, sa\u00fade e solidariedade com a realiza\u00e7\u00e3o da 6\u00aa Corrida e Caminhada dos Amigos do HC. O evento, que j\u00e1 se tornou uma tradi\u00e7\u00e3o no [&hellip;]<\/p>\n","protected":false},"author":1,"featured_media":5227,"comment_status":"open","ping_status":"open","sticky":false,"template":"","format":"standard","meta":{"footnotes":""},"categories":[159],"tags":[],"class_list":["post-5226","post","type-post","status-publish","format-standard","has-post-thumbnail","hentry","category-esportes"],"_links":{"self":[{"href":"https:\/\/diarioparanaense.com\/index.php?rest_route=\/wp\/v2\/posts\/5226","targetHints":{"allow":["GET"]}}],"collection":[{"href":"https:\/\/diarioparanaense.com\/index.php?rest_route=\/wp\/v2\/posts"}],"about":[{"href":"https:\/\/diarioparanaense.com\/index.php?rest_route=\/wp\/v2\/types\/post"}],"author":[{"embeddable":true,"href":"https:\/\/diarioparanaense.com\/index.php?rest_route=\/wp\/v2\/users\/1"}],"replies":[{"embeddable":true,"href":"https:\/\/diarioparanaense.com\/index.php?rest_route=%2Fwp%2Fv2%2Fcomments&post=5226"}],"version-history":[{"count":1,"href":"https:\/\/diarioparanaense.com\/index.php?rest_route=\/wp\/v2\/posts\/5226\/revisions"}],"predecessor-version":[{"id":5228,"href":"https:\/\/diarioparanaense.com\/index.php?rest_route=\/wp\/v2\/posts\/5226\/revisions\/5228"}],"wp:featuredmedia":[{"embeddable":true,"href":"https:\/\/diarioparanaense.com\/index.php?rest_route=\/wp\/v2\/media\/5227"}],"wp:attachment":[{"href":"https:\/\/diarioparanaense.com\/index.php?rest_route=%2Fwp%2Fv2%2Fmedia&parent=5226"}],"wp:term":[{"taxonomy":"category","embeddable":true,"href":"https:\/\/diarioparanaense.com\/index.php?rest_route=%2Fwp%2Fv2%2Fcategories&post=5226"},{"taxonomy":"post_tag","embeddable":true,"href":"https:\/\/diarioparanaense.com\/index.php?rest_route=%2Fwp%2Fv2%2Ftags&post=5226"}],"curies":[{"name":"wp","href":"https:\/\/api.w.org\/{rel}","templated":true}]}}