{"id":5220,"date":"2025-11-07T10:35:12","date_gmt":"2025-11-07T13:35:12","guid":{"rendered":"https:\/\/diarioparanaense.com\/?p=5220"},"modified":"2025-11-07T10:35:13","modified_gmt":"2025-11-07T13:35:13","slug":"grupo-minipreco-oferece-workshop-gratuito-de-guirlandas-de-natal","status":"publish","type":"post","link":"https:\/\/diarioparanaense.com\/?p=5220","title":{"rendered":"Grupo MiniPre\u00e7o oferece workshop gratuito de guirlandas de Natal"},"content":{"rendered":"\n<p class=\"has-medium-font-size\">Rede curitibana ensina t\u00e9cnicas criativas e pr\u00e1ticas para transformar a decora\u00e7\u00e3o natalina com toques personalizados<\/p>\n\n\n\n<p>O Grupo MiniPre\u00e7o disponibiliza uma oportunidade para os apaixonados por decora\u00e7\u00e3o: um Workshop de Guirlandas, ministrado por Mar\u00edlia Morais, coordenadora do departamento de decora\u00e7\u00e3o do Grupo MiniPre\u00e7o e florista com mais de 15 anos de experi\u00eancia. Voltado para todos os n\u00edveis de habilidade, o workshop ensinar\u00e1 a montar guirlandas de Natal, de olho nas tend\u00eancias atuais. A proposta \u00e9 proporcionar aos participantes a chance de transformar suas casas com pe\u00e7as \u00fanicas e personalizadas.<\/p>\n\n\n\n<p>O workshop ser\u00e1 realizado no dia 08 de novembro (s\u00e1bado), \u00e0s 15h, na loja MiniPre\u00e7o Torres. As vagas s\u00e3o limitadas e os interessados podem se inscrever gratuitamente pelo link: <a href=\"https:\/\/www.sympla.com.br\/evento\/workshop-guirlanda\/3196709\">https:\/\/www.sympla.com.br\/evento\/workshop-guirlanda\/3196709<\/a>.<\/p>\n\n\n\n<p>Todos os materiais necess\u00e1rios para a cria\u00e7\u00e3o das guirlandas ser\u00e3o fornecidos pelo Grupo MiniPre\u00e7o. Os participantes escolhem a base e os enfeites, podendo adquirir as pe\u00e7as no final do workshop.<\/p>\n\n\n\n<p class=\"has-medium-font-size\">Servi\u00e7o:<\/p>\n\n\n\n<p><strong>Workshop de Guirlandas de Natal &#8211; MiniPre\u00e7o Torres<br><\/strong>Data: 08 de novembro<br>Hor\u00e1rio: 15h<br>Endere\u00e7o: Avenida Com. Franco, 7273 &#8211; Uberaba<br>Redes Sociais: @miniprecobr<br>Inscri\u00e7\u00f5es: <a href=\"https:\/\/www.sympla.com.br\/evento\/workshop-de-natal\/2677473\">https:\/\/www.sympla.com.br\/evento\/workshop-de-natal\/2677473<\/a><\/p>\n","protected":false},"excerpt":{"rendered":"<p>Rede curitibana ensina t\u00e9cnicas criativas e pr\u00e1ticas para transformar a decora\u00e7\u00e3o natalina com toques personalizados O Grupo MiniPre\u00e7o disponibiliza uma oportunidade para os apaixonados por decora\u00e7\u00e3o: um Workshop de Guirlandas, ministrado por Mar\u00edlia Morais, coordenadora do departamento de decora\u00e7\u00e3o do Grupo MiniPre\u00e7o e florista com mais de 15 anos de experi\u00eancia. Voltado para todos os [&hellip;]<\/p>\n","protected":false},"author":1,"featured_media":5221,"comment_status":"open","ping_status":"open","sticky":false,"template":"","format":"standard","meta":{"footnotes":""},"categories":[186,27],"tags":[],"class_list":["post-5220","post","type-post","status-publish","format-standard","has-post-thumbnail","hentry","category-eventos","category-musica"],"_links":{"self":[{"href":"https:\/\/diarioparanaense.com\/index.php?rest_route=\/wp\/v2\/posts\/5220","targetHints":{"allow":["GET"]}}],"collection":[{"href":"https:\/\/diarioparanaense.com\/index.php?rest_route=\/wp\/v2\/posts"}],"about":[{"href":"https:\/\/diarioparanaense.com\/index.php?rest_route=\/wp\/v2\/types\/post"}],"author":[{"embeddable":true,"href":"https:\/\/diarioparanaense.com\/index.php?rest_route=\/wp\/v2\/users\/1"}],"replies":[{"embeddable":true,"href":"https:\/\/diarioparanaense.com\/index.php?rest_route=%2Fwp%2Fv2%2Fcomments&post=5220"}],"version-history":[{"count":1,"href":"https:\/\/diarioparanaense.com\/index.php?rest_route=\/wp\/v2\/posts\/5220\/revisions"}],"predecessor-version":[{"id":5222,"href":"https:\/\/diarioparanaense.com\/index.php?rest_route=\/wp\/v2\/posts\/5220\/revisions\/5222"}],"wp:featuredmedia":[{"embeddable":true,"href":"https:\/\/diarioparanaense.com\/index.php?rest_route=\/wp\/v2\/media\/5221"}],"wp:attachment":[{"href":"https:\/\/diarioparanaense.com\/index.php?rest_route=%2Fwp%2Fv2%2Fmedia&parent=5220"}],"wp:term":[{"taxonomy":"category","embeddable":true,"href":"https:\/\/diarioparanaense.com\/index.php?rest_route=%2Fwp%2Fv2%2Fcategories&post=5220"},{"taxonomy":"post_tag","embeddable":true,"href":"https:\/\/diarioparanaense.com\/index.php?rest_route=%2Fwp%2Fv2%2Ftags&post=5220"}],"curies":[{"name":"wp","href":"https:\/\/api.w.org\/{rel}","templated":true}]}}