{"id":5203,"date":"2025-11-03T10:28:10","date_gmt":"2025-11-03T13:28:10","guid":{"rendered":"https:\/\/diarioparanaense.com\/?p=5203"},"modified":"2025-11-03T10:28:11","modified_gmt":"2025-11-03T13:28:11","slug":"natal-varejo-aposta-na-variedade-e-emprecos-competitivos-para-atrair-clientes","status":"publish","type":"post","link":"https:\/\/diarioparanaense.com\/?p=5203","title":{"rendered":"Natal: varejo aposta na variedade e empre\u00e7os competitivos para atrair clientes"},"content":{"rendered":"\n<p>Grupo MiniPre\u00e7o lan\u00e7a campanha \u201cNatal Mais Barato do Brasil\u201d com decora\u00e7\u00f5es tem\u00e1ticas a partir de R$4,99<\/p>\n\n\n\n<p>Com a proximidade das festas de final de ano, o com\u00e9rcio j\u00e1 se prepara para atender \u00e0 demanda por presentes, decora\u00e7\u00e3o tem\u00e1tica e demais itens que comp\u00f5em as celebra\u00e7\u00f5es de Natal e Ano Novo. De acordo com o levantamento \u201cComemora\u00e7\u00f5es de Fim de Ano 2025\u201d, encomendado pela Globo e PiniOn, 78% dos brasileiros acima de 18 anos planejam presentear algu\u00e9m no Natal. O c\u00edrculo familiar pr\u00f3ximo \u00e9 o mais visado para os presentes, incluindo filhos, pais e companheiros.<\/p>\n\n\n\n<p>Para atender a essa demanda, o Grupo MiniPre\u00e7o se antecipou e est\u00e1 com as lojas prontas, oferecendo uma vasta variedade de itens de decora\u00e7\u00e3o e presentes. Este ano, a novidade \u00e9 a campanha &#8220;Natal Mais Barato do Brasil&#8221;, que promete pre\u00e7os acess\u00edveis para celebrar a \u00e9poca mais esperada do ano. Com produtos natalinos a partir de R$4,99, o grande diferencial do MiniPre\u00e7o \u00e9 a diversidade.<\/p>\n\n\n\n<p>Desde \u00e1rvores de Natal de todos os tamanhos e estilos (do tradicional verde ao nevado, passando por miniaturas charmosas) at\u00e9 uma infinidade de enfeites, luzes, guirlandas e utens\u00edlios tem\u00e1ticos, o grupo promete atender a todos os gostos e necessidades. A diversidade se estende \u00e0 se\u00e7\u00e3o de presentes, abrangendo brinquedos, artigos para casa, papelaria e muito mais, facilitando a vida do consumidor na busca por mimos para toda a fam\u00edlia e amigos.<\/p>\n\n\n\n<p>De acordo com Beni Gelhorn, diretor comercial do Grupo MiniPre\u00e7o, a campanha &#8220;Natal Mais Barato do Brasil&#8221; refor\u00e7a o compromisso em oferecer qualidade e variedade, com pre\u00e7os altamente competitivos. \u201cEm um momento de reajuste econ\u00f4mico, a iniciativa \u00e9 um al\u00edvio para o bolso dos clientes que desejam manter a tradi\u00e7\u00e3o natalina sem gastar uma fortuna. A antecipa\u00e7\u00e3o do per\u00edodo de ofertas e o estoque robusto s\u00e3o parte dessa estrat\u00e9gia\u201d, afirma.<\/p>\n\n\n\n<p class=\"has-medium-font-size\">O maior momento do Natal \u00e9 a reuni\u00e3o \u00e0 mesa<\/p>\n\n\n\n<p>Ainda de acordo com o levantamento da Globo e PiniOn, 95% dos entrevistados t\u00eam a inten\u00e7\u00e3o de festajar o Natal. Tr\u00eas em cada quatro entrevistados afirmaram o desejo de fazer um almo\u00e7o ou ceia de Natal, reunindo amigos e familiares ao redor da mesa. E esse desejo de comemorar entre pessoas pr\u00f3ximas movimenta o mercado, j\u00e1 que 78% dos consumidores devem comprar os ingredientes para fazer a refei\u00e7\u00e3o.<\/p>\n\n\n\n<p>Al\u00e9m do cuidado com o card\u00e1pio da ceia, escolher lou\u00e7as, dispor os talheres e decorar a superf\u00edcie com elementos natalinos demonstra o apre\u00e7o pelo momento de uni\u00e3o. \u00c9 em volta da mesa que os la\u00e7os se fortalecem, as mem\u00f3rias s\u00e3o criadas e as tradi\u00e7\u00f5es s\u00e3o passadas adiante. Uma mesa-posta \u00e9 o convite visual, tornando o ato de comer em uma verdadeira celebra\u00e7\u00e3o.<\/p>\n\n\n\n<p>\u201cAs pessoas buscam ativamente por decora\u00e7\u00f5es e itens que enfeitem a mesa durante a ceia. Este investimento em transformar o lar n\u00e3o \u00e9 apenas est\u00e9tico, mas profundamente emocional. Ent\u00e3o, o Grupo MiniPre\u00e7o investe cada vez mais em produtos que tenham significado para as fam\u00edlias. Temos lou\u00e7as, talheres, guardanapos, porta guardanapos, ta\u00e7as, copos, toalhas de mesa, centros de mesa e arranjos florais natalinos, tudo para deixar esse momento ainda mais especial\u201d, finaliza Beni.<\/p>\n\n\n\n<p class=\"has-medium-font-size\">Servi\u00e7o:<\/p>\n\n\n\n<p><strong>Natal Mais Barato do Brasil &#8211; Grupo MiniPre\u00e7o<br><\/strong>Hor\u00e1rio de atendimento: de segunda a s\u00e1bado, das 9h \u00e0s 20h. Domingos e feriados, das 10h \u00e0s 19h.<br>Endere\u00e7os: Confira a loja mais pr\u00f3xima em: https:\/\/site.minipreco.com.br\/lojas\/<br>Redes Sociais:\u00a0@miniprecobr<\/p>\n","protected":false},"excerpt":{"rendered":"<p>Grupo MiniPre\u00e7o lan\u00e7a campanha \u201cNatal Mais Barato do Brasil\u201d com decora\u00e7\u00f5es tem\u00e1ticas a partir de R$4,99 Com a proximidade das festas de final de ano, o com\u00e9rcio j\u00e1 se prepara para atender \u00e0 demanda por presentes, decora\u00e7\u00e3o tem\u00e1tica e demais itens que comp\u00f5em as celebra\u00e7\u00f5es de Natal e Ano Novo. De acordo com o levantamento [&hellip;]<\/p>\n","protected":false},"author":1,"featured_media":5204,"comment_status":"open","ping_status":"open","sticky":false,"template":"","format":"standard","meta":{"footnotes":""},"categories":[424],"tags":[],"class_list":["post-5203","post","type-post","status-publish","format-standard","has-post-thumbnail","hentry","category-curitiba"],"_links":{"self":[{"href":"https:\/\/diarioparanaense.com\/index.php?rest_route=\/wp\/v2\/posts\/5203","targetHints":{"allow":["GET"]}}],"collection":[{"href":"https:\/\/diarioparanaense.com\/index.php?rest_route=\/wp\/v2\/posts"}],"about":[{"href":"https:\/\/diarioparanaense.com\/index.php?rest_route=\/wp\/v2\/types\/post"}],"author":[{"embeddable":true,"href":"https:\/\/diarioparanaense.com\/index.php?rest_route=\/wp\/v2\/users\/1"}],"replies":[{"embeddable":true,"href":"https:\/\/diarioparanaense.com\/index.php?rest_route=%2Fwp%2Fv2%2Fcomments&post=5203"}],"version-history":[{"count":1,"href":"https:\/\/diarioparanaense.com\/index.php?rest_route=\/wp\/v2\/posts\/5203\/revisions"}],"predecessor-version":[{"id":5205,"href":"https:\/\/diarioparanaense.com\/index.php?rest_route=\/wp\/v2\/posts\/5203\/revisions\/5205"}],"wp:featuredmedia":[{"embeddable":true,"href":"https:\/\/diarioparanaense.com\/index.php?rest_route=\/wp\/v2\/media\/5204"}],"wp:attachment":[{"href":"https:\/\/diarioparanaense.com\/index.php?rest_route=%2Fwp%2Fv2%2Fmedia&parent=5203"}],"wp:term":[{"taxonomy":"category","embeddable":true,"href":"https:\/\/diarioparanaense.com\/index.php?rest_route=%2Fwp%2Fv2%2Fcategories&post=5203"},{"taxonomy":"post_tag","embeddable":true,"href":"https:\/\/diarioparanaense.com\/index.php?rest_route=%2Fwp%2Fv2%2Ftags&post=5203"}],"curies":[{"name":"wp","href":"https:\/\/api.w.org\/{rel}","templated":true}]}}