{"id":5193,"date":"2025-10-28T16:50:25","date_gmt":"2025-10-28T19:50:25","guid":{"rendered":"https:\/\/diarioparanaense.com\/?p=5193"},"modified":"2025-10-28T16:51:22","modified_gmt":"2025-10-28T19:51:22","slug":"mais-da-metade-dos-brasileiros-nao-tem-o-habito-de-leitura-aponta-pesquisa","status":"publish","type":"post","link":"https:\/\/diarioparanaense.com\/?p=5193","title":{"rendered":"Mais da metade dos brasileiros n\u00e3o t\u00eam o h\u00e1bito de leitura, aponta pesquisa"},"content":{"rendered":"\n<p class=\"has-medium-font-size\">Na Semana do Livro, Escola Atua\u00e7\u00e3o desenvolve a\u00e7\u00f5es para despertar a paix\u00e3o pela leitura nas crian\u00e7as<\/p>\n\n\n\n<p>O Brasil tem mais n\u00e3o leitores do que leitores. \u00c9 o que revela a pesquisa do Instituto Pr\u00f3-Livro (IPL), realizada em parceria com o Centro Regional para o Fomento do Livro na Am\u00e9rica Latina e no Caribe (CERLALC): 53% dos brasileiros n\u00e3o t\u00eam o h\u00e1bito de leitura, enquanto apenas 47% ainda se consideram leitores. O cen\u00e1rio \u00e9 inverso ao de 2007, quando o pa\u00eds tinha 55% de leitores.<\/p>\n\n\n\n<p>Na contram\u00e3o desses n\u00fameros, a Escola Atua\u00e7\u00e3o desenvolve ao longo do ano uma s\u00e9rie de iniciativas para incentivar o gosto pelos livros e a valoriza\u00e7\u00e3o da leitura. Entre elas, o SOS Livros, em que os estudantes restauram exemplares danificados, refor\u00e7ando o cuidado e o v\u00ednculo com a leitura, e a Bolsa de Livros, que promove a troca de obras entre as crian\u00e7as e o compartilhamento de experi\u00eancias liter\u00e1rias.<\/p>\n\n\n\n<p>Nesta semana, em celebra\u00e7\u00e3o ao Dia Nacional do Livro (29\/10), a escola realiza uma atividade especial com o tema \u201cDa Minha Janela\u201d. As turmas da Educa\u00e7\u00e3o Infantil ao 5\u00ba ano v\u00e3o transformar suas percep\u00e7\u00f5es em arte e poesia, criando um Mural da Janela Po\u00e9tica, que representa o olhar de cada crian\u00e7a sobre o mundo ao seu redor.<\/p>\n\n\n\n<p>De acordo com Esther Cristina Pereira, psicopedagoga e conselheira familiar da Escola Atua\u00e7\u00e3o, a leitura \u00e9 um dos pilares do desenvolvimento infantil e precisa ser cultivada desde cedo. \u201cTemos uma grande responsabilidade social em despertar a paix\u00e3o pela leitura. Quando a crian\u00e7a l\u00ea, ela n\u00e3o apenas compreende palavras, mas ativa m\u00faltiplas \u00e1reas do c\u00e9rebro, escuta, imagina\u00e7\u00e3o, percep\u00e7\u00e3o e emo\u00e7\u00e3o\u201d, explica.<\/p>\n\n\n\n<p>Para Esther, a leitura \u00e9 um ato de amor e est\u00edmulo cognitivo que precisa ser compartilhado entre escola e fam\u00edlia. \u201cA tecnologia tem ocupado um espa\u00e7o muito grande, e por isso \u00e9 essencial que pais e professores fa\u00e7am um movimento conjunto para reacender essa paix\u00e3o pelos livros dentro e fora da sala de&nbsp;aula\u201d,&nbsp;conclui.<\/p>\n","protected":false},"excerpt":{"rendered":"<p>Na Semana do Livro, Escola Atua\u00e7\u00e3o desenvolve a\u00e7\u00f5es para despertar a paix\u00e3o pela leitura nas crian\u00e7as O Brasil tem mais n\u00e3o leitores do que leitores. \u00c9 o que revela a pesquisa do Instituto Pr\u00f3-Livro (IPL), realizada em parceria com o Centro Regional para o Fomento do Livro na Am\u00e9rica Latina e no Caribe (CERLALC): 53% [&hellip;]<\/p>\n","protected":false},"author":1,"featured_media":5194,"comment_status":"open","ping_status":"open","sticky":false,"template":"","format":"standard","meta":{"footnotes":""},"categories":[29,148,142],"tags":[],"class_list":["post-5193","post","type-post","status-publish","format-standard","has-post-thumbnail","hentry","category-artigos","category-educacao","category-literatura"],"_links":{"self":[{"href":"https:\/\/diarioparanaense.com\/index.php?rest_route=\/wp\/v2\/posts\/5193","targetHints":{"allow":["GET"]}}],"collection":[{"href":"https:\/\/diarioparanaense.com\/index.php?rest_route=\/wp\/v2\/posts"}],"about":[{"href":"https:\/\/diarioparanaense.com\/index.php?rest_route=\/wp\/v2\/types\/post"}],"author":[{"embeddable":true,"href":"https:\/\/diarioparanaense.com\/index.php?rest_route=\/wp\/v2\/users\/1"}],"replies":[{"embeddable":true,"href":"https:\/\/diarioparanaense.com\/index.php?rest_route=%2Fwp%2Fv2%2Fcomments&post=5193"}],"version-history":[{"count":1,"href":"https:\/\/diarioparanaense.com\/index.php?rest_route=\/wp\/v2\/posts\/5193\/revisions"}],"predecessor-version":[{"id":5195,"href":"https:\/\/diarioparanaense.com\/index.php?rest_route=\/wp\/v2\/posts\/5193\/revisions\/5195"}],"wp:featuredmedia":[{"embeddable":true,"href":"https:\/\/diarioparanaense.com\/index.php?rest_route=\/wp\/v2\/media\/5194"}],"wp:attachment":[{"href":"https:\/\/diarioparanaense.com\/index.php?rest_route=%2Fwp%2Fv2%2Fmedia&parent=5193"}],"wp:term":[{"taxonomy":"category","embeddable":true,"href":"https:\/\/diarioparanaense.com\/index.php?rest_route=%2Fwp%2Fv2%2Fcategories&post=5193"},{"taxonomy":"post_tag","embeddable":true,"href":"https:\/\/diarioparanaense.com\/index.php?rest_route=%2Fwp%2Fv2%2Ftags&post=5193"}],"curies":[{"name":"wp","href":"https:\/\/api.w.org\/{rel}","templated":true}]}}