{"id":5190,"date":"2025-10-28T14:00:54","date_gmt":"2025-10-28T17:00:54","guid":{"rendered":"https:\/\/diarioparanaense.com\/?p=5190"},"modified":"2025-10-28T14:00:55","modified_gmt":"2025-10-28T17:00:55","slug":"rodrigo-sha-jam-da-silva-e-ella-the-bossa-beat-lancam-e-tudo-amanha","status":"publish","type":"post","link":"https:\/\/diarioparanaense.com\/?p=5190","title":{"rendered":"Rodrigo Sha, Jam da Silva e Ella &#038; The Bossa Beat lan\u00e7am &#8220;\u00c9 Tudo Amanh\u00e3&#8221;"},"content":{"rendered":"\n<p><strong>Ou\u00e7a aqui &#8220;\u00c9 Tudo Amanh\u00e3&#8221;:<\/strong><\/p>\n\n\n\n<p><a href=\"https:\/\/onerpm.link\/ETudoAmanha\">https:\/\/onerpm.link\/ETudoAmanha<\/a><\/p>\n\n\n\n<p>\u201c\u00c9 Tudo Amanh\u00e3&#8221;, uma colabora\u00e7\u00e3o que re\u00fane talentos da m\u00fasica brasileira, Rodrigo Sha, Jam da Silva e Ella &amp; The Bossa Beat.<\/p>\n\n\n\n<p>A composi\u00e7\u00e3o \u00e9 parceria de Rodrigo Sha, Jam da Silva e Gabriel Moura, e a produ\u00e7\u00e3o musical de Rodrigo Sha e Magrus Borges da projeto Ella &amp; The&nbsp; Bossa Beat, essa m\u00fasica promete encantar os amantes da MPB.<\/p>\n\n\n\n<p>&#8220;\u00c9 Tudo Amanh\u00e3&#8221; \u00e9 uma obra que celebra a rica ess\u00eancia da M\u00fasica Popular Brasileira, trazendo \u00e0 tona as influ\u00eancias do Clube da Esquina, ao Sting. A can\u00e7\u00e3o combina melodias envolventes e letras po\u00e9ticas, criando um di\u00e1logo entre o passado e o presente.<\/p>\n\n\n\n<p>A produ\u00e7\u00e3o de Rodrigo Sha e Magrus Borges, conhecidos pela habilidade em mesclar sonoridades brasileiras com toques contempor\u00e2neos, traz um frescor \u00e0 faixa. A colabora\u00e7\u00e3o entre Sha, Ella &amp; The Bossa Beat e Jam da Silva&nbsp; acrescenta uma camada de inova\u00e7\u00e3o, incorporando elementos regionais, tribais&nbsp; que flertam com as tend\u00eancias globais, sem perder a ess\u00eancia da tradi\u00e7\u00e3o brasileira.<\/p>\n\n\n\n<p>A letra de &#8220;Tudo Amanh\u00e3&#8221; reflete sobre a esperan\u00e7a e a renova\u00e7\u00e3o, temas universais que ressoam profundamente no cen\u00e1rio atual. Com arranjos sofisticados, a m\u00fasica convida o ouvinte a uma viagem sonora que transcende fronteiras, unindo o cl\u00e1ssico e o moderno de forma harmoniosa.<\/p>\n\n\n\n<p>A m\u00fasica tamb\u00e9m \u00e9 tema do document\u00e1rio \u201cG20 &#8211; Di\u00e1logos para o planeta\u201d, ainda em finaliza\u00e7\u00e3o.<\/p>\n\n\n\n<p>Prepare-se para se deixar levar por essa nova can\u00e7\u00e3o que n\u00e3o apenas celebra a MPB, mas tamb\u00e9m expande seus horizontes. &#8220;\u00c9 Tudo Amanh\u00e3&#8221; est\u00e1 dispon\u00edvel nas principais plataformas digitais.<\/p>\n\n\n\n<p>Ficha t\u00e9cnica:<\/p>\n\n\n\n<p>Composi\u00e7\u00e3o<\/p>\n\n\n\n<p>(Rodrigo Sha\/ Gabriel Moura\/ Jam da Silva)<\/p>\n\n\n\n<p>Voz, viol\u00e3o, vibraphone: Rodrigo Sha<\/p>\n\n\n\n<p>Voz: Jam da Silva<\/p>\n\n\n\n<p>Bateria, percuss\u00f5es: Magrus Borges<\/p>\n\n\n\n<p>Piano, baixo, synth e guitarra e vocais: Ella<\/p>\n\n\n\n<p>Produzido por Rodrigo Sha e Magrus Borges<\/p>\n\n\n\n<p>Mixado e Masterizado por Carlos Trilha<\/p>\n","protected":false},"excerpt":{"rendered":"<p>Ou\u00e7a aqui &#8220;\u00c9 Tudo Amanh\u00e3&#8221;: https:\/\/onerpm.link\/ETudoAmanha \u201c\u00c9 Tudo Amanh\u00e3&#8221;, uma colabora\u00e7\u00e3o que re\u00fane talentos da m\u00fasica brasileira, Rodrigo Sha, Jam da Silva e Ella &amp; The Bossa Beat. A composi\u00e7\u00e3o \u00e9 parceria de Rodrigo Sha, Jam da Silva e Gabriel Moura, e a produ\u00e7\u00e3o musical de Rodrigo Sha e Magrus Borges da projeto Ella &amp; [&hellip;]<\/p>\n","protected":false},"author":1,"featured_media":5191,"comment_status":"open","ping_status":"open","sticky":false,"template":"","format":"standard","meta":{"footnotes":""},"categories":[27],"tags":[],"class_list":["post-5190","post","type-post","status-publish","format-standard","has-post-thumbnail","hentry","category-musica"],"_links":{"self":[{"href":"https:\/\/diarioparanaense.com\/index.php?rest_route=\/wp\/v2\/posts\/5190","targetHints":{"allow":["GET"]}}],"collection":[{"href":"https:\/\/diarioparanaense.com\/index.php?rest_route=\/wp\/v2\/posts"}],"about":[{"href":"https:\/\/diarioparanaense.com\/index.php?rest_route=\/wp\/v2\/types\/post"}],"author":[{"embeddable":true,"href":"https:\/\/diarioparanaense.com\/index.php?rest_route=\/wp\/v2\/users\/1"}],"replies":[{"embeddable":true,"href":"https:\/\/diarioparanaense.com\/index.php?rest_route=%2Fwp%2Fv2%2Fcomments&post=5190"}],"version-history":[{"count":1,"href":"https:\/\/diarioparanaense.com\/index.php?rest_route=\/wp\/v2\/posts\/5190\/revisions"}],"predecessor-version":[{"id":5192,"href":"https:\/\/diarioparanaense.com\/index.php?rest_route=\/wp\/v2\/posts\/5190\/revisions\/5192"}],"wp:featuredmedia":[{"embeddable":true,"href":"https:\/\/diarioparanaense.com\/index.php?rest_route=\/wp\/v2\/media\/5191"}],"wp:attachment":[{"href":"https:\/\/diarioparanaense.com\/index.php?rest_route=%2Fwp%2Fv2%2Fmedia&parent=5190"}],"wp:term":[{"taxonomy":"category","embeddable":true,"href":"https:\/\/diarioparanaense.com\/index.php?rest_route=%2Fwp%2Fv2%2Fcategories&post=5190"},{"taxonomy":"post_tag","embeddable":true,"href":"https:\/\/diarioparanaense.com\/index.php?rest_route=%2Fwp%2Fv2%2Ftags&post=5190"}],"curies":[{"name":"wp","href":"https:\/\/api.w.org\/{rel}","templated":true}]}}