{"id":5187,"date":"2025-10-28T13:44:09","date_gmt":"2025-10-28T16:44:09","guid":{"rendered":"https:\/\/diarioparanaense.com\/?p=5187"},"modified":"2025-10-28T13:44:09","modified_gmt":"2025-10-28T16:44:09","slug":"a-virada-de-izaias-monteiro-na-paraesgrima-paranaense-estara-na-copa-do-mundo-da-tailandia","status":"publish","type":"post","link":"https:\/\/diarioparanaense.com\/?p=5187","title":{"rendered":"A virada de Iza\u00edas Monteiro na paraesgrima: paranaense estar\u00e1 na Copa do Mundo da Tail\u00e2ndia"},"content":{"rendered":"\n<p class=\"has-medium-font-size\">Atleta de paraesgrima lidera ranking nacional da modalidade e recebe convoca\u00e7\u00e3o para a Sele\u00e7\u00e3o Brasileira<\/p>\n\n\n\n<p>O atleta de paraesgrima Iza\u00edas Monteiro, atualmente um dos principais nomes da modalidade, vai representar o Brasil na Copa do Mundo da Tail\u00e2ndia, entre os dias 20 e 23 de novembro. Natural do Paran\u00e1, o atleta tem uma trajet\u00f3ria marcada por supera\u00e7\u00e3o, talento e conquistas. Iza\u00edas \u00e9 tricampe\u00e3o da Copa Brasil de Sabre Categoria B (2022, 2023 e 2025), vice-campe\u00e3o brasileiro de Espada Categoria B (2022, 2023 e 2025) e conquistou o bronze no Regional das Am\u00e9ricas (2024), al\u00e9m do 6\u00ba lugar na Copa do Mundo de Paraesgrima (2025).<\/p>\n\n\n\n<p>Neste ano, o atleta de paraesgrima iniciou a temporada com o 1\u00ba lugar no Sabre e o 3\u00ba lugar na Espada na primeira etapa da Copa Brasil. Atualmente, ocupa o 1\u00ba lugar no ranking nacional do Sabre B e o 3\u00ba da Espada B. H\u00e1 sete anos praticando a paraesgrima, Iza\u00edas prova a cada dia que perseveran\u00e7a e esporte s\u00e3o grandes motores da supera\u00e7\u00e3o.<\/p>\n\n\n\n<p>A vida de Iza\u00edas mudou drasticamente em 2008, quando ele foi atingido por um tiro nas costas. A les\u00e3o na v\u00e9rtebra T5 o deixou parapl\u00e9gico, restringindo os movimentos das pernas. O baque inicial foi seguido por uma fase de depress\u00e3o, que durou cerca de um ano. \u201cEm 2011 eu recebi um convite de um amigo que praticava canoagem e foi a\u00ed que a minha reabilita\u00e7\u00e3o come\u00e7ou\u201d, conta.<\/p>\n\n\n\n<p>Iza\u00edas descobriu no esporte uma forma de melhorar de vida, valorizando a competitividade que sempre o moveu. No entanto, a dificuldade de patroc\u00ednio na canoagem era um obst\u00e1culo e a transi\u00e7\u00e3o para a paraesgrima, em 2018, veio ap\u00f3s o convite de outro amigo.<\/p>\n\n\n\n<p class=\"has-medium-font-size\">Construindo um campe\u00e3o<\/p>\n\n\n\n<p>A mudan\u00e7a de modalidade foi um desafio de adapta\u00e7\u00e3o r\u00e1pida. Em apenas seis meses, Iza\u00edas disputou sua primeira competi\u00e7\u00e3o, um marco que ele lembra com bom humor: &#8220;Perdi para todos&#8221;, conta. Essa derrota inicial n\u00e3o o desmotivou e, aos poucos, os resultados vieram.<\/p>\n\n\n\n<p>Em 2022, Iza\u00edas Monteiro alcan\u00e7ou o primeiro lugar no ranking nacional. O auge da carreira chegou em 2025, quando seu resultado na I Etapa da Copa do Brasil o colocou novamente em primeiro lugar no ranking nacional, recebendo, pela primeira vez, a convoca\u00e7\u00e3o para a Sele\u00e7\u00e3o Brasileira e disputando seu primeiro Campeonato Mundial na Coreia do Sul, no qual obteve o 16\u00ba lugar na disputa individual e a 12\u00aa coloca\u00e7\u00e3o por equipes, nas armas espada e sabre.<\/p>\n\n\n\n<p>Atualmente, Iza\u00edas se prepara para a Copa do Brasil, no Rio de Janeiro, que ser\u00e1 disputada entre os dias 13 e 16 de novembro. \u201cMeu objetivo \u00e9 continuar na lideran\u00e7a do ranking nacional, para garantir vaga em eventos internacionais do porte da Copa do Mundo da Tail\u00e2ndia\u201d, acrescenta.<\/p>\n\n\n\n<p class=\"has-medium-font-size\">Conforto e oportunidades<\/p>\n\n\n\n<p>A dedica\u00e7\u00e3o de Iza\u00edas, que inclui os treinamentos especializados e prepara\u00e7\u00e3o f\u00edsica rigorosa, \u00e9 suportada gra\u00e7as ao projeto incentivado pela COPEL, PROPESPORTE e Governo do Estado do Paran\u00e1, Bolsa Atleta do Governo Federal e o suporte da Secretaria Municipal do Esporte, Lazer e Juventude (SMELJ). Tais projetos ajudam tamb\u00e9m na aquisi\u00e7\u00e3o de materiais e participa\u00e7\u00e3o nas principais competi\u00e7\u00f5es esportivas do pa\u00eds.<\/p>\n\n\n\n<p>O apoio financeiro, no entanto, \u00e9 uma realidade recente. Nos dois primeiros anos de esgrima, Iza\u00edas dependeu da ajuda do pai e da irm\u00e3 para custear as idas aos treinos, realidade compartilhada por milhares de atletas espalhados pelo Brasil.<\/p>\n\n\n\n<p>Hoje, a paraesgrima n\u00e3o \u00e9 apenas uma paix\u00e3o ou reabilita\u00e7\u00e3o, mas um caminho para novas oportunidades. &#8220;Se n\u00e3o fosse a paraesgrima, n\u00e3o teria chances de conhecer outros pa\u00edses e melhorar de vida&#8221;,&nbsp;exalta&nbsp;Iza\u00edas.<\/p>\n","protected":false},"excerpt":{"rendered":"<p>Atleta de paraesgrima lidera ranking nacional da modalidade e recebe convoca\u00e7\u00e3o para a Sele\u00e7\u00e3o Brasileira O atleta de paraesgrima Iza\u00edas Monteiro, atualmente um dos principais nomes da modalidade, vai representar o Brasil na Copa do Mundo da Tail\u00e2ndia, entre os dias 20 e 23 de novembro. Natural do Paran\u00e1, o atleta tem uma trajet\u00f3ria marcada [&hellip;]<\/p>\n","protected":false},"author":1,"featured_media":5188,"comment_status":"open","ping_status":"open","sticky":false,"template":"","format":"standard","meta":{"footnotes":""},"categories":[159],"tags":[],"class_list":["post-5187","post","type-post","status-publish","format-standard","has-post-thumbnail","hentry","category-esportes"],"_links":{"self":[{"href":"https:\/\/diarioparanaense.com\/index.php?rest_route=\/wp\/v2\/posts\/5187","targetHints":{"allow":["GET"]}}],"collection":[{"href":"https:\/\/diarioparanaense.com\/index.php?rest_route=\/wp\/v2\/posts"}],"about":[{"href":"https:\/\/diarioparanaense.com\/index.php?rest_route=\/wp\/v2\/types\/post"}],"author":[{"embeddable":true,"href":"https:\/\/diarioparanaense.com\/index.php?rest_route=\/wp\/v2\/users\/1"}],"replies":[{"embeddable":true,"href":"https:\/\/diarioparanaense.com\/index.php?rest_route=%2Fwp%2Fv2%2Fcomments&post=5187"}],"version-history":[{"count":1,"href":"https:\/\/diarioparanaense.com\/index.php?rest_route=\/wp\/v2\/posts\/5187\/revisions"}],"predecessor-version":[{"id":5189,"href":"https:\/\/diarioparanaense.com\/index.php?rest_route=\/wp\/v2\/posts\/5187\/revisions\/5189"}],"wp:featuredmedia":[{"embeddable":true,"href":"https:\/\/diarioparanaense.com\/index.php?rest_route=\/wp\/v2\/media\/5188"}],"wp:attachment":[{"href":"https:\/\/diarioparanaense.com\/index.php?rest_route=%2Fwp%2Fv2%2Fmedia&parent=5187"}],"wp:term":[{"taxonomy":"category","embeddable":true,"href":"https:\/\/diarioparanaense.com\/index.php?rest_route=%2Fwp%2Fv2%2Fcategories&post=5187"},{"taxonomy":"post_tag","embeddable":true,"href":"https:\/\/diarioparanaense.com\/index.php?rest_route=%2Fwp%2Fv2%2Ftags&post=5187"}],"curies":[{"name":"wp","href":"https:\/\/api.w.org\/{rel}","templated":true}]}}