{"id":5178,"date":"2025-10-27T13:22:21","date_gmt":"2025-10-27T16:22:21","guid":{"rendered":"https:\/\/diarioparanaense.com\/?p=5178"},"modified":"2025-10-27T13:22:21","modified_gmt":"2025-10-27T16:22:21","slug":"amigos-do-hc-garantem-doacao-de-brinquedos-paracriancas-internadas-no-hospital-de-clinicas","status":"publish","type":"post","link":"https:\/\/diarioparanaense.com\/?p=5178","title":{"rendered":"Amigos do HC garantem doa\u00e7\u00e3o de brinquedos paracrian\u00e7as internadas no Hospital de Cl\u00ednicas"},"content":{"rendered":"\n<p class=\"has-medium-font-size\">Rapel com super-her\u00f3is e presen\u00e7a de princesas fazem a alegria de pacientes da ala pedi\u00e1trica<\/p>\n\n\n\n<p>A ala pedi\u00e1trica do Hospital de Cl\u00ednicas da Universidade Federal do Paran\u00e1 (UFPR) vivenciou uma manh\u00e3 inesquec\u00edvel na \u00faltima quarta-feira, 22, gra\u00e7as a uma iniciativa conjunta da Associa\u00e7\u00e3o dos Amigos do HC e do Comit\u00ea de Humaniza\u00e7\u00e3o do hospital. A a\u00e7\u00e3o, em comemora\u00e7\u00e3o ao Dia das Crian\u00e7as, teve distribui\u00e7\u00e3o de brinquedos e momentos de pura alegria para os pequenos pacientes.<\/p>\n\n\n\n<p>O ponto alto da celebra\u00e7\u00e3o foi a surpreendente descida de rapel de super-her\u00f3is pelas janelas do hospital. Profissionais de seguran\u00e7a do HC se transformaram em personagens dos quadrinhos e a empresa Dreams and Magic Personagens disponibilizou outros 8 profissionais para a a\u00e7\u00e3o para presentear as crian\u00e7as internadas. A iniciativa contou ainda com a presen\u00e7a de princesas e volunt\u00e1rios, que distribu\u00edram os brinquedos e levaram magia e divers\u00e3o para 57 crian\u00e7as internadas.<\/p>\n\n\n\n<p>A arrecada\u00e7\u00e3o dos presentes foi poss\u00edvel gra\u00e7as \u00e0 empresas parceiras e entidades que se mobilizaram em prol da causa.. As doa\u00e7\u00f5es foram recebidas de institui\u00e7\u00f5es como a AALC Consultoria, APMPPR (Associa\u00e7\u00e3o Paranaense do Minist\u00e9rio P\u00fablico), TJPR, OAB e FETRANSPAR. \u201cO evento reafirma o compromisso dos Amigos do HC em promover a humaniza\u00e7\u00e3o e o acolhimento dentro do ambiente hospitalar, oferecendo momentos de leveza e esperan\u00e7a em meio aos desafios do tratamento\u201d, afirma Domingos Murta, presidente dos Amigos do HC.<\/p>\n\n\n\n<p class=\"has-medium-font-size\">Campanha HCzinho<\/p>\n\n\n\n<p>A a\u00e7\u00e3o de humaniza\u00e7\u00e3o acontece em um momento crucial para o futuro da sa\u00fade infantil no Paran\u00e1: a campanha de constru\u00e7\u00e3o do HCzinho, o novo Instituto Pedi\u00e1trico do Complexo Hospital de Cl\u00ednicas da UFPR.<\/p>\n\n\n\n<p>A Associa\u00e7\u00e3o dos Amigos do HC \u00e9 uma das principais l\u00edderes da campanha de mobiliza\u00e7\u00e3o social em torno do projeto, que visa construir o primeiro hospital pedi\u00e1trico especializado 100% SUS de Curitiba e regi\u00e3o. Com a nova estrutura de 10 andares, a capacidade de atendimento ser\u00e1 triplicada, saltando de cerca de 30 para 120 leitos de interna\u00e7\u00e3o e de 8 para 35 leitos de UTI pedi\u00e1tricas, al\u00e9m de oferecer ambientes l\u00fadicos e acolhedores, essenciais para a recupera\u00e7\u00e3o das crian\u00e7as.<\/p>\n\n\n\n<p>O projeto, or\u00e7ado em mais de R$250 milh\u00f5es para obras e equipamentos, j\u00e1 garantiu um montante significativo com o apoio de institui\u00e7\u00f5es como o Governo do Paran\u00e1, Assembleia Legislativa do Paran\u00e1 (ALEP) e Itaipu Binacional. Contudo, a participa\u00e7\u00e3o de empresas, entidades e da sociedade civil \u00e9 vital para a conclus\u00e3o da obra.<\/p>\n\n\n\n<p>O HCzinho ser\u00e1 constru\u00eddo ao lado da maternidade do HC e surge como uma refer\u00eancia de excel\u00eancia e humaniza\u00e7\u00e3o, al\u00e9m de ser o \u00fanico hospital do sul do Brasil capaz de realizar cirurgias fetais, consolidando o compromisso da UFPR e de seus parceiros com a sa\u00fade e a dignidade da inf\u00e2ncia.<\/p>\n\n\n\n<p>A popula\u00e7\u00e3o pode contribuir com o projeto atrav\u00e9s de doa\u00e7\u00f5es via PIX ou participando dos eventos organizados pela Associa\u00e7\u00e3o dos Amigos do HC.<\/p>\n\n\n\n<p class=\"has-medium-font-size\">Sobre a Associa\u00e7\u00e3o dos Amigos do HC<\/p>\n\n\n\n<p>Os Amigos do HC s\u00e3o uma Organiza\u00e7\u00e3o da Sociedade Civil (OSC) sem fins lucrativos que h\u00e1 quase 40 anos atua na defesa de direitos e promo\u00e7\u00e3o da sa\u00fade. Seu compromisso consiste em melhorar a qualidade do atendimento aos pacientes SUS, familiares e acompanhantes do Complexo Hospital de Cl\u00ednicas da UFPR. Desde 2016, tamb\u00e9m prestam assist\u00eancia interdisciplinar para crian\u00e7as e adolescentes v\u00edtimas de viol\u00eancias graves e grav\u00edssimas por meio do Programa DEDICA \u2013 Defesa dos Direitos da Crian\u00e7a e do Adolescente.<\/p>\n\n\n\n<p>Em 2021, em comemora\u00e7\u00e3o aos 35 anos de hist\u00f3ria, lan\u00e7aram o Programa CEDIVIDA \u2013 Centro de Direitos \u00e0 Vida da Pessoa Idosa, ampliando a atua\u00e7\u00e3o para a causa do envelhecimento digno.<\/p>\n\n\n\n<p>Em 2024, ampliaram a atua\u00e7\u00e3o na prote\u00e7\u00e3o dos direitos da crian\u00e7a e do adolescente com o lan\u00e7amento do Programa PROTEGER, que passou a oferecer em Paranagu\u00e1 o mesmo modelo de atendimento interdisciplinar realizado pelo DEDICA, em Curitiba.<\/p>\n\n\n\n<p><strong>Servi\u00e7o:<br>Associa\u00e7\u00e3o dos Amigos do HC<br><\/strong>Endere\u00e7o: Av. Agostinho Le\u00e3o Jr, 336 &#8211; Alto da Gl\u00f3ria<br>Telefone:(41) 3091-1000<br>E-mail: contato@amigosdohc.org.br<\/p>\n\n\n\n<p><strong>Dados para doa\u00e7\u00e3o:<br><\/strong>Banco Ita\u00fa (345)<br>Ag\u00eancia: 4122<br>Conta Corrente: 1688-6<br>Chave Pix: hczinho@amigosdohc.org.br<\/p>\n","protected":false},"excerpt":{"rendered":"<p>Rapel com super-her\u00f3is e presen\u00e7a de princesas fazem a alegria de pacientes da ala pedi\u00e1trica A ala pedi\u00e1trica do Hospital de Cl\u00ednicas da Universidade Federal do Paran\u00e1 (UFPR) vivenciou uma manh\u00e3 inesquec\u00edvel na \u00faltima quarta-feira, 22, gra\u00e7as a uma iniciativa conjunta da Associa\u00e7\u00e3o dos Amigos do HC e do Comit\u00ea de Humaniza\u00e7\u00e3o do hospital. A [&hellip;]<\/p>\n","protected":false},"author":1,"featured_media":5179,"comment_status":"open","ping_status":"open","sticky":false,"template":"","format":"standard","meta":{"footnotes":""},"categories":[29,424],"tags":[],"class_list":["post-5178","post","type-post","status-publish","format-standard","has-post-thumbnail","hentry","category-artigos","category-curitiba"],"_links":{"self":[{"href":"https:\/\/diarioparanaense.com\/index.php?rest_route=\/wp\/v2\/posts\/5178","targetHints":{"allow":["GET"]}}],"collection":[{"href":"https:\/\/diarioparanaense.com\/index.php?rest_route=\/wp\/v2\/posts"}],"about":[{"href":"https:\/\/diarioparanaense.com\/index.php?rest_route=\/wp\/v2\/types\/post"}],"author":[{"embeddable":true,"href":"https:\/\/diarioparanaense.com\/index.php?rest_route=\/wp\/v2\/users\/1"}],"replies":[{"embeddable":true,"href":"https:\/\/diarioparanaense.com\/index.php?rest_route=%2Fwp%2Fv2%2Fcomments&post=5178"}],"version-history":[{"count":1,"href":"https:\/\/diarioparanaense.com\/index.php?rest_route=\/wp\/v2\/posts\/5178\/revisions"}],"predecessor-version":[{"id":5180,"href":"https:\/\/diarioparanaense.com\/index.php?rest_route=\/wp\/v2\/posts\/5178\/revisions\/5180"}],"wp:featuredmedia":[{"embeddable":true,"href":"https:\/\/diarioparanaense.com\/index.php?rest_route=\/wp\/v2\/media\/5179"}],"wp:attachment":[{"href":"https:\/\/diarioparanaense.com\/index.php?rest_route=%2Fwp%2Fv2%2Fmedia&parent=5178"}],"wp:term":[{"taxonomy":"category","embeddable":true,"href":"https:\/\/diarioparanaense.com\/index.php?rest_route=%2Fwp%2Fv2%2Fcategories&post=5178"},{"taxonomy":"post_tag","embeddable":true,"href":"https:\/\/diarioparanaense.com\/index.php?rest_route=%2Fwp%2Fv2%2Ftags&post=5178"}],"curies":[{"name":"wp","href":"https:\/\/api.w.org\/{rel}","templated":true}]}}