{"id":5175,"date":"2025-10-27T10:07:14","date_gmt":"2025-10-27T13:07:14","guid":{"rendered":"https:\/\/diarioparanaense.com\/?p=5175"},"modified":"2025-10-27T10:07:26","modified_gmt":"2025-10-27T13:07:26","slug":"campina-grande-do-sul-pr-recebe-programas-sociais-da-arteris-voltados-a-saude-bem-estar-e-seguranca-dos-caminhoneiros-alem-de-acoes-culturais-a-comunidade","status":"publish","type":"post","link":"https:\/\/diarioparanaense.com\/?p=5175","title":{"rendered":"Campina Grande do Sul\/PR recebe programas sociais da Arteris voltados \u00e0 sa\u00fade, bem-estar e seguran\u00e7a dos caminhoneiros, al\u00e9m de a\u00e7\u00f5es culturais \u00e0 comunidade"},"content":{"rendered":"\n<p class=\"has-medium-font-size\"><em>Ser\u00e3o oferecidas mais de 30 atividades gratuitas durante o Programa Estrada Viva, refor\u00e7ando o compromisso da companhia em promover um tr\u00e2nsito mais seguro<\/em><\/p>\n\n\n\n<p>Ap\u00f3s o sucesso dos programas sociais que beneficiariam quase onze mil pessoas, a Arteris, uma das principais gestoras de infraestrutura rodovi\u00e1ria do Brasil, realiza a segunda temporada do \u201cEstrada Viva\u201d e do \u201cEduca\u00e7\u00e3o e Arte em Movimento\u201d, em Campina Grande do Sul\/PR, entre os dias 29 de outubro e 01 de novembro.<\/p>\n\n\n\n<p>Patrocinado pela companhia, oPrograma \u201cEstrada Viva\u201d acontece, nos dias <strong>29 e<\/strong> <strong>30 de outubro,<\/strong> no Posto Alpino II, localizado na BR 116, km 25 &#8211; sentido sul, oferecendo servi\u00e7os gratuitos de sa\u00fade e bem-estar a caminhoneiros e caminhoneiras, al\u00e9m de atividades voltadas \u00e0 seguran\u00e7a nas rodovias. Em alinhamento com os Objetivos de Desenvolvimento Sustent\u00e1vel (ODS) da ONU, especialmente o ODS 3 (Sa\u00fade e Bem-Estar), e a estrat\u00e9gia de Sustentabilidade, o objetivo n\u00e3o \u00e9 apenas melhorar a qualidade de vida dos profissionais, mas tamb\u00e9m contribuir para um tr\u00e2nsito mais seguro, reduzindo acidentes e fatalidades nas estradas.<\/p>\n\n\n\n<p>A Arteris tamb\u00e9m desenvolver\u00e1 a\u00e7\u00f5es do programa \u201cEduca\u00e7\u00e3o e Arte em Movimento\u201d, que tem como objetivo fomentar o espa\u00e7o escolar como um local de cria\u00e7\u00e3o e viv\u00eancia art\u00edstica. No dia <strong>30 de outubro<\/strong>, alunos da Escola Municipal Ulisses Guimar\u00e3es, e em<strong> 31 de outubro, <\/strong>estudantes da Escola Municipal Marcos Nicolau Strapassoni, participar\u00e3o de a\u00e7\u00f5es l\u00fadicas, art\u00edsticas e pedag\u00f3gicas gratuitas na unidade.&nbsp; Durante as atividades propostas, o estudante poder\u00e1 aprender &#8211; por meio de linguagens art\u00edsticas, de forma l\u00fadica e divertida &#8211; sobre temas relacionados \u00e0 cidadania, cuidados no tr\u00e2nsito, preserva\u00e7\u00e3o ambiental e a valoriza\u00e7\u00e3o de nossa cultura. Tamb\u00e9m no <strong>dia 30 de outubro,<\/strong> artistas da Escola Municipal Ulisses Guimar\u00e3es e da comunidade do seu entorno participar\u00e3o de um sarau no per\u00edodo noturno, que visa estimular a conviv\u00eancia e o respeito entre as diferentes culturas.<\/p>\n\n\n\n<p>E, para a comunidade em geral, no <strong>dia 01 de novembro,<\/strong> no Teatro Municipal Jos\u00e9 Carlos Zanlorenzi, ser\u00e1 realizado o Show Brasil I\u00e1 I\u00e1 com artistas renomados e com carreiras voltadas \u00e0 pesquisa das culturas tradicionais e populares. Jessica Borges, Sofia Baroukh e Leandro Medina levar\u00e3o, para o p\u00fablico, cl\u00e1ssicos da m\u00fasica de v\u00e1rios cantos do pa\u00eds, al\u00e9m de can\u00e7\u00f5es autorais inspiradas nessas pesquisas. Com repert\u00f3rio composto por Forr\u00f3, Bai\u00e3o, Samba, Sertanejo, Guar\u00e2nia, Carimb\u00f3 e outros, o show do trio ir\u00e1 explorar a intera\u00e7\u00e3o com o p\u00fablico. Divertido e curioso \u00e9 um programa para todas as idades se embalarem nos ritmos brasileiros.<\/p>\n\n\n\n<p>Desenvolvido pelo Instituto Caju, este programa \u00e9 realizado por meio da Lei de Incentivo \u00e0 Cultura (Lei Rouanet), do Minist\u00e9rio da Cultura do Governo Federal. Al\u00e9m disso, tem parceria com a prefeitura de Campina Grande do Sul e do Sest Senat.<\/p>\n\n\n\n<p>\u201cTemos um trabalho cont\u00ednuo de conscientiza\u00e7\u00e3o junto \u00e0s comunidades, estudantes e usu\u00e1rios das nossas rodovias, refor\u00e7ando nosso compromisso com um tr\u00e2nsito mais seguro e humanizado. Tanto o \u201cEstrada Viva\u201d quanto o \u201cEduca\u00e7\u00e3o e Arte em Movimento\u201d fazem parte dessas a\u00e7\u00f5es, que visam preservar o que temos de mais valioso: a vida\u201d, explica Luiza Di Giacomo Mariutti, coordenadora de Diversidade e Responsabilidade Social da Arteris.&nbsp;<\/p>\n\n\n\n<p><strong><u>Servi\u00e7o:<\/u><\/strong><\/p>\n\n\n\n<p><strong><u>PROGRAMA \u201cESTRADA VIVA\u201d: A\u00c7\u00d5ES PARA CAMINHONEIROS E CAMINHONEIRAS<\/u><\/strong><strong><\/strong><\/p>\n\n\n\n<p><strong>Dias 29 e 30 de outubro<\/strong><\/p>\n\n\n\n<p><strong>Das 13h \u00e0s 20h<\/strong><\/p>\n\n\n\n<p><strong>Local: Posto Alpino II, localizado na BR 116, km 25 &#8211; sentido sul<\/strong><\/p>\n\n\n\n<p>Servi\u00e7os e atividades oferecidos gratuitamente:<\/p>\n\n\n\n<ul class=\"wp-block-list\">\n<li>Espa\u00e7o Beleza (corte de cabelo, barba, manicure, pedicure e massagem);<\/li>\n\n\n\n<li>Espa\u00e7o Sa\u00fade (servi\u00e7os como aferi\u00e7\u00e3o de press\u00e3o arterial e batimentos card\u00edacos, testes r\u00e1pidos de HIV, s\u00edfilis e hepatites B e C e vacinas para H1N1, Covid-19, T\u00e9tano, Rub\u00e9ola, Hepatite B e Febre Amarela, entre outros);<\/li>\n\n\n\n<li>Espa\u00e7o Relaxamento e Leitura;<\/li>\n\n\n\n<li>Espa\u00e7o Bem-Estar (massagem, fisioterapia, atendimento psicol\u00f3gico e nutricional)<\/li>\n\n\n\n<li>Programa na M\u00e3o Certa (preven\u00e7\u00e3o e enfrentamento da explora\u00e7\u00e3o sexual contra crian\u00e7as e adolescentes);<\/li>\n\n\n\n<li>Atividades com \u00f3culos que simulam embriaguez, sonol\u00eancia e uso de entorpecentes nas estradas;<\/li>\n\n\n\n<li>Ouvidoria em Movimento (canal de atendimento para receber sugest\u00f5es, elogios, reclama\u00e7\u00f5es e den\u00fancias dos caminhoneiros);<\/li>\n\n\n\n<li>Orienta\u00e7\u00f5es para combate ao ass\u00e9dio contra mulheres<\/li>\n\n\n\n<li>Divulga\u00e7\u00e3o de vagas (RH da Arteris);<\/li>\n\n\n\n<li>Me adota (resgate e doa\u00e7\u00e3o de animais).<\/li>\n<\/ul>\n\n\n\n<p><strong><u>PROGRAMA \u201cEDUCA\u00c7\u00c3O E ARTE EM MOVIMENTO\u201d: A\u00c7\u00d5ES PARA COMUNIDADE ESCOLAR<\/u><\/strong><\/p>\n\n\n\n<p><strong>Dia 30 de outubro<\/strong><\/p>\n\n\n\n<p><strong>Das 08h \u00e0s 16h30<\/strong><\/p>\n\n\n\n<p><strong>Local:<\/strong><strong> Escola Municipal Ulisses Guimar\u00e3es<\/strong><\/p>\n\n\n\n<p><strong>Rua Maria Augusta de Oliveira Santana, 235 &#8211; Moradias Timbu<\/strong><\/p>\n\n\n\n<p><strong>Dia 31 de outubro<\/strong><\/p>\n\n\n\n<p><strong>Das 08h \u00e0s 16h30<\/strong><\/p>\n\n\n\n<p><strong>Escola Municipal Marcos Nicolau Strapassoni<\/strong><\/p>\n\n\n\n<p><strong>Local: Rua Jos\u00e9 de Andrade, 128 &#8211; Jardim Santa Rosa<\/strong><\/p>\n\n\n\n<p>Atividades gratuitas:<\/p>\n\n\n\n<ul class=\"wp-block-list\">\n<li>Conta\u00e7\u00e3o de hist\u00f3ria;<\/li>\n\n\n\n<li>Corpo e movimento;<\/li>\n\n\n\n<li>Gincana;<\/li>\n\n\n\n<li>Produ\u00e7\u00e3o pl\u00e1stica.<\/li>\n<\/ul>\n\n\n\n<p><strong>SARAU<\/strong><\/p>\n\n\n\n<p><strong>Dia 30 de outubro<\/strong><\/p>\n\n\n\n<p><strong>Das 19h \u00e0s 21h<\/strong><\/p>\n\n\n\n<p><strong>Local:<\/strong><strong> Escola Municipal Ulisses Guimar\u00e3es<\/strong><\/p>\n\n\n\n<p><strong>Rua Maria Augusta de Oliveira Santana, 235 &#8211; Moradias Timbu<\/strong><strong><\/strong><\/p>\n\n\n\n<ul class=\"wp-block-list\">\n<li>Sarau para alunos e comunidade com a participa\u00e7\u00e3o dos artistas Camila Borges, Leandro Medina e Sofia Baroukh e artistas da escola Municipal Maria Barbosa.<\/li>\n<\/ul>\n\n\n\n<p><strong><u>PROGRAMA \u201cEDUCA\u00c7\u00c3O E ARTE EM MOVIMENTO\u201d: A\u00c7\u00c3O PARA A POPULA\u00c7\u00c3O<\/u><\/strong><\/p>\n\n\n\n<p><strong>Dia 01 de novembro<\/strong><\/p>\n\n\n\n<p><strong>20h<\/strong><\/p>\n\n\n\n<p><strong>Local: Teatro Municipal Jos\u00e9 Carlos Zanlorenzi<\/strong><\/p>\n\n\n\n<p><strong>Av. Presidente Juscelino Kubitschek de Oliveira, 975 &#8211; Jardim Paulista<\/strong><\/p>\n\n\n\n<p>Atividade gratuita:<\/p>\n\n\n\n<ul class=\"wp-block-list\">\n<li>Show Brasil I\u00e1 I\u00e1, com repert\u00f3rio que percorre a cultura de nosso pa\u00eds, com os artistas Camila Borges, Leandro Medina e Sofia Baroukh<\/li>\n<\/ul>\n\n\n\n<p><strong>Sobre a Arteris<\/strong><\/p>\n\n\n\n<p><em>Somos uma empresa especializada em gest\u00e3o de rodovias e administramos 3.200 quil\u00f4metros de vias nos estados de S\u00e3o Paulo, Minas Gerais, Rio de Janeiro, Santa Catarina e Paran\u00e1, conectando pessoas e dinamizando o transporte de cargas entre alguns dos mais importantes eixos econ\u00f4micos do Pa\u00eds. Nossas rodovias administradas s\u00e3o as concess\u00f5es federais Litoral Sul, Planalto Sul, R\u00e9gis Bittencourt, Fern\u00e3o Dias e Fluminense, al\u00e9m de Intervias e ViaPaulista que s\u00e3o concess\u00f5es do Estado de S\u00e3o Paulo. A empresa \u00e9 a maior investidora federal em infraestrutura vi\u00e1ria no Brasil da \u00faltima d\u00e9cada. Reduzimos em 51% as fatalidades entre 2010 e 2020, superando a meta da Organiza\u00e7\u00e3o das Na\u00e7\u00f5es Unidas (ONU) para um tr\u00e2nsito mais seguro e renovamos esse compromisso para a d\u00e9cada de 2020-2030 em busca da redu\u00e7\u00e3o de 50% dos acidentes neste per\u00edodo. Oferecemos uma ampla estrutura aos usu\u00e1rios de rodovias: atendimento pr\u00e9-hospitalar, socorro mec\u00e2nico, monitoramento com c\u00e2meras, passarelas, bases de atendimento aos usu\u00e1rios, tr\u00eas estruturas de descanso para caminhoneiros e tr\u00eas \u00c1reas de Escape que, juntas, j\u00e1 salvaram mais de 1300 vidas. Nossa Agenda ESG inclui objetivos, indicadores e metas que orientam o planejamento estrat\u00e9gico em sustentabilidade, o que refor\u00e7a nosso compromisso com a vida, o meio ambiente, as comunidades e toda a sociedade. A companhia tamb\u00e9m foi reconhecida pelo comprometimento contra a corrup\u00e7\u00e3o com o Selo Pr\u00f3-\u00c9tica e com a certifica\u00e7\u00e3o internacional ISO 37001, devido ao seu Sistema de Gest\u00e3o Antissuborno. Saiba mais: <\/em><a href=\"http:\/\/www.arteris.com.br\"><em>http:\/\/www.arteris.com.br<\/em><\/a><em> | <\/em><a href=\"about:blank\"><em>facebook.com\/ArterisOficial<\/em><\/a><em> | <\/em><a href=\"about:blank\"><em>instagram.com\/arterisbr<\/em><\/a><em> | <\/em><a href=\"about:blank\"><em>linkedin.com\/company\/arterisbr<\/em><\/a><\/p>\n\n\n\n<p><\/p>\n","protected":false},"excerpt":{"rendered":"<p>Ser\u00e3o oferecidas mais de 30 atividades gratuitas durante o Programa Estrada Viva, refor\u00e7ando o compromisso da companhia em promover um tr\u00e2nsito mais seguro Ap\u00f3s o sucesso dos programas sociais que beneficiariam quase onze mil pessoas, a Arteris, uma das principais gestoras de infraestrutura rodovi\u00e1ria do Brasil, realiza a segunda temporada do \u201cEstrada Viva\u201d e do [&hellip;]<\/p>\n","protected":false},"author":1,"featured_media":5176,"comment_status":"open","ping_status":"open","sticky":false,"template":"","format":"standard","meta":{"footnotes":""},"categories":[29,425],"tags":[],"class_list":["post-5175","post","type-post","status-publish","format-standard","has-post-thumbnail","hentry","category-artigos","category-parana"],"_links":{"self":[{"href":"https:\/\/diarioparanaense.com\/index.php?rest_route=\/wp\/v2\/posts\/5175","targetHints":{"allow":["GET"]}}],"collection":[{"href":"https:\/\/diarioparanaense.com\/index.php?rest_route=\/wp\/v2\/posts"}],"about":[{"href":"https:\/\/diarioparanaense.com\/index.php?rest_route=\/wp\/v2\/types\/post"}],"author":[{"embeddable":true,"href":"https:\/\/diarioparanaense.com\/index.php?rest_route=\/wp\/v2\/users\/1"}],"replies":[{"embeddable":true,"href":"https:\/\/diarioparanaense.com\/index.php?rest_route=%2Fwp%2Fv2%2Fcomments&post=5175"}],"version-history":[{"count":1,"href":"https:\/\/diarioparanaense.com\/index.php?rest_route=\/wp\/v2\/posts\/5175\/revisions"}],"predecessor-version":[{"id":5177,"href":"https:\/\/diarioparanaense.com\/index.php?rest_route=\/wp\/v2\/posts\/5175\/revisions\/5177"}],"wp:featuredmedia":[{"embeddable":true,"href":"https:\/\/diarioparanaense.com\/index.php?rest_route=\/wp\/v2\/media\/5176"}],"wp:attachment":[{"href":"https:\/\/diarioparanaense.com\/index.php?rest_route=%2Fwp%2Fv2%2Fmedia&parent=5175"}],"wp:term":[{"taxonomy":"category","embeddable":true,"href":"https:\/\/diarioparanaense.com\/index.php?rest_route=%2Fwp%2Fv2%2Fcategories&post=5175"},{"taxonomy":"post_tag","embeddable":true,"href":"https:\/\/diarioparanaense.com\/index.php?rest_route=%2Fwp%2Fv2%2Ftags&post=5175"}],"curies":[{"name":"wp","href":"https:\/\/api.w.org\/{rel}","templated":true}]}}