{"id":5172,"date":"2025-10-24T10:45:52","date_gmt":"2025-10-24T13:45:52","guid":{"rendered":"https:\/\/diarioparanaense.com\/?p=5172"},"modified":"2025-10-24T10:45:53","modified_gmt":"2025-10-24T13:45:53","slug":"rua-da-musica-promove-oktoberfest-em-curitiba","status":"publish","type":"post","link":"https:\/\/diarioparanaense.com\/?p=5172","title":{"rendered":"Rua da M\u00fasica promove Oktoberfest em Curitiba"},"content":{"rendered":"\n<p class=\"has-medium-font-size\">Chopp Heineken de cortesia para o p\u00fablico e cortejos de m\u00fasica alem\u00e3 s\u00e3o as atra\u00e7\u00f5es do fim de semana que tamb\u00e9m trar\u00e1 MPB e Jazz para a cidade<\/p>\n\n\n\n<p>A Rua da M\u00fasica, complexo cultural e gastron\u00f4mico de Curitiba localizado no Parque Jaime Lerner (\u00d3pera de Arame e Pedreira Paulo Leminski), celebra o esp\u00edrito da Oktoberfest com uma programa\u00e7\u00e3o especial voltada para a cultura, a gastronomia e, claro, o tradicional chopp.<\/p>\n\n\n\n<p>Neste s\u00e1bado, dia 25 de Outubro, o espa\u00e7o ir\u00e1 premiar o p\u00fablico com um incentivo refrescante: os 1.000 primeiros clientes com idade superior a 18 anos que adquirirem o ingresso de acesso ao local ser\u00e3o presenteados com um vale chopp da Heineken de 500ml de cortesia, que poder\u00e1 ser trocado nos restaurantes parceiros mediante apresenta\u00e7\u00e3o do ticket.<\/p>\n\n\n\n<p>A celebra\u00e7\u00e3o da cultura alem\u00e3 ganha ritmo com cortejos de m\u00fasica t\u00edpica, que circular\u00e3o pela Rua da M\u00fasica em tr\u00eas momentos do dia: \u00e0s 12h, 14h e 16h (com 1 hora de apresenta\u00e7\u00e3o em cada hor\u00e1rio), trazendo alegria, tradi\u00e7\u00e3o e muita intera\u00e7\u00e3o com o p\u00fablico que estiver desfrutando da gastronomia local.<\/p>\n\n\n\n<p>Al\u00e9m da tem\u00e1tica germ\u00e2nica, a Rua da M\u00fasica reafirma seu compromisso com a diversidade musical brasileira com shows ao vivo no palco principal:<\/p>\n\n\n\n<p>\u2022\u2060 \u206012h \u2013 Triska quarteto (MPB)<br>\u2022\u2060 \u206015h \u2013 Pedro Afara (Jazz)<br>\u2022\u2060 \u206019h \u2013 Pedro Afara + Kabutto (Jazz)<\/p>\n\n\n\n<p>O evento \u00e9 uma excelente oportunidade para o p\u00fablico curtir um final de semana completo. Al\u00e9m da m\u00fasica e do chopp, os visitantes podem aproveitar a gastronomia diversificada dos restaurantes da Rua da M\u00fasica, visitar o cart\u00e3o-postal da \u00d3pera de Arame e contar com o Let&#8217;s Play, um espa\u00e7o infantil dedicado \u00e0s fam\u00edlias.<\/p>\n\n\n\n<p><strong>Servi\u00e7o:<br>Evento<\/strong>: Oktoberfest<br><strong>Datas<\/strong>: 25 de Outubro<br><strong>Local<\/strong>: Parque Jaime Lerner<\/p>\n\n\n\n<p><strong>Sobre o Parque Jaime Lerner<\/strong><\/p>\n\n\n\n<p>Um dos maiores \u00edcones tur\u00edsticos e culturais de Curitiba, o Parque Jaime Lerner oferece uma experi\u00eancia singular que une natureza, arquitetura e eventos de grande porte. Apenas a Pedreira possui \u00e1rea total de 103 mil metros quadrados e capacidade para mais de 20 mil pessoas, o que faz do espa\u00e7o o maior palco fixo a c\u00e9u aberto da Am\u00e9rica Latina.<\/p>\n\n\n\n<p>A \u00d3pera de Arame, que faz parte do complexo, \u00e9 o terceiro teatro mais visitado no Brasil, de acordo com a plataforma Tripadvisor, que re\u00fane n\u00fameros e avalia\u00e7\u00f5es de pontos tur\u00edsticos de todas as partes do mundo. Inaugurada em 1992, a \u00d3pera tem capacidade para cerca de 1.500 pessoas e \u00e9 um \u00edcone da arquitetura paranaense, com uma estrutura que permite a integra\u00e7\u00e3o com a natureza do entorno.<br>Al\u00e9m do teatro, o parque conta com um restaurante e com o Vale da M\u00fasica, um palco flutuante que abriga um festival permanente de m\u00fasica instrumental, exposi\u00e7\u00f5es de arte, oficinas e atividades culturais. O espa\u00e7o conta com a visita de em m\u00e9dia de 35 mil pessoas por m\u00eas.<\/p>\n\n\n\n<p><strong>Imagem<\/strong>:\u00a0Divulga\u00e7\u00e3o\u00a0PJL<\/p>\n\n\n\n<p><\/p>\n","protected":false},"excerpt":{"rendered":"<p>Chopp Heineken de cortesia para o p\u00fablico e cortejos de m\u00fasica alem\u00e3 s\u00e3o as atra\u00e7\u00f5es do fim de semana que tamb\u00e9m trar\u00e1 MPB e Jazz para a cidade A Rua da M\u00fasica, complexo cultural e gastron\u00f4mico de Curitiba localizado no Parque Jaime Lerner (\u00d3pera de Arame e Pedreira Paulo Leminski), celebra o esp\u00edrito da Oktoberfest [&hellip;]<\/p>\n","protected":false},"author":1,"featured_media":5173,"comment_status":"open","ping_status":"open","sticky":false,"template":"","format":"standard","meta":{"footnotes":""},"categories":[424,186],"tags":[],"class_list":["post-5172","post","type-post","status-publish","format-standard","has-post-thumbnail","hentry","category-curitiba","category-eventos"],"_links":{"self":[{"href":"https:\/\/diarioparanaense.com\/index.php?rest_route=\/wp\/v2\/posts\/5172","targetHints":{"allow":["GET"]}}],"collection":[{"href":"https:\/\/diarioparanaense.com\/index.php?rest_route=\/wp\/v2\/posts"}],"about":[{"href":"https:\/\/diarioparanaense.com\/index.php?rest_route=\/wp\/v2\/types\/post"}],"author":[{"embeddable":true,"href":"https:\/\/diarioparanaense.com\/index.php?rest_route=\/wp\/v2\/users\/1"}],"replies":[{"embeddable":true,"href":"https:\/\/diarioparanaense.com\/index.php?rest_route=%2Fwp%2Fv2%2Fcomments&post=5172"}],"version-history":[{"count":1,"href":"https:\/\/diarioparanaense.com\/index.php?rest_route=\/wp\/v2\/posts\/5172\/revisions"}],"predecessor-version":[{"id":5174,"href":"https:\/\/diarioparanaense.com\/index.php?rest_route=\/wp\/v2\/posts\/5172\/revisions\/5174"}],"wp:featuredmedia":[{"embeddable":true,"href":"https:\/\/diarioparanaense.com\/index.php?rest_route=\/wp\/v2\/media\/5173"}],"wp:attachment":[{"href":"https:\/\/diarioparanaense.com\/index.php?rest_route=%2Fwp%2Fv2%2Fmedia&parent=5172"}],"wp:term":[{"taxonomy":"category","embeddable":true,"href":"https:\/\/diarioparanaense.com\/index.php?rest_route=%2Fwp%2Fv2%2Fcategories&post=5172"},{"taxonomy":"post_tag","embeddable":true,"href":"https:\/\/diarioparanaense.com\/index.php?rest_route=%2Fwp%2Fv2%2Ftags&post=5172"}],"curies":[{"name":"wp","href":"https:\/\/api.w.org\/{rel}","templated":true}]}}