{"id":5161,"date":"2025-10-22T14:10:39","date_gmt":"2025-10-22T17:10:39","guid":{"rendered":"https:\/\/diarioparanaense.com\/?p=5161"},"modified":"2025-10-22T15:33:17","modified_gmt":"2025-10-22T18:33:17","slug":"roda-sobre-rodas-caboclo-tingui-leva-tradicao-ao-interior-do-estado","status":"publish","type":"post","link":"https:\/\/diarioparanaense.com\/?p=5161","title":{"rendered":"Roda Sobre Rodas: Caboclo Tingui leva tradi\u00e7\u00e3o ao interior do Estado"},"content":{"rendered":"\n<p class=\"has-medium-font-size\">Grupo musical viaja de kombi pelo Paran\u00e1 e se apresenta de gra\u00e7a em cinco cidades da regi\u00e3o centro-sul<\/p>\n\n\n\n<p>Buscando resgatar, fortalecer e dar visibilidade \u00e0 cultura cabocla, o grupo musical Caboclo Tingui, de Curitiba, lan\u00e7a o projeto itinerante &#8220;Roda sobre Rodas&#8221;. A iniciativa levar\u00e1 a m\u00fasica e as tradi\u00e7\u00f5es paranaenses a cinco cidades da regi\u00e3o centro-sul, promovendo o reencontro com as ra\u00edzes formadoras da identidade local. Os cinco integrantes do grupo v\u00e3o percorrer as cidades de Pitanga, Guarapuava, Prudent\u00f3polis, Irati e Pinh\u00e3o em uma kombi.<\/p>\n\n\n\n<p>As primeiras apresenta\u00e7\u00f5es ser\u00e3o realizadas entre os dias 24 e 26 de outubro nas cidades de Pitanga, Guarapuava e Prudent\u00f3polis. Nestas datas, o p\u00fablico poder\u00e1 assistir aos shows do Caboclo Tingui gratuitamente. \u201cA escolha da regi\u00e3o centro-sul n\u00e3o \u00e9 por acaso: ela \u00e9 considerada o \u2018Paran\u00e1 Tradicional\u2019, onde a liga\u00e7\u00e3o com a cultura campeira e cabocla \u00e9 mais intensa\u201d, afirma Luiz Borges, m\u00fasico, pesquisador e idealizador do projeto.<\/p>\n\n\n\n<p>O grupo nasceu em 2020, do interesse dos integrantes em investigar e dar forma art\u00edstica \u00e0 m\u00fasica paranaense. O Caboclo Tingui tem como principal objetivo fortalecer a identidade cabocla do sul do Brasil e a cultura campeira dos moradores das matas de arauc\u00e1rias.<\/p>\n\n\n\n<p class=\"has-medium-font-size\">Valoriza\u00e7\u00e3o da identidade cabocla<\/p>\n\n\n\n<p>O repert\u00f3rio do grupo \u00e9 composto por m\u00fasicas tradicionais do Paran\u00e1, abrangendo modas de viola, fandangos, m\u00fasicas folcl\u00f3ricas, m\u00fasica caipira e gauchesca. O grupo tamb\u00e9m tem composi\u00e7\u00f5es pr\u00f3prias que combinam com esse estilo, mantendo viva a mem\u00f3ria dos pinheirais, do modo de vida campeiro e dos faxinais. &#8220;Revisitamos o repert\u00f3rio musical, os fandangos de galp\u00e3o e os instrumentos t\u00edpicos da nossa regi\u00e3o, em di\u00e1logo com o universo urbano da capital paranaense&#8221;, acrescenta Luiz Borges.<\/p>\n\n\n\n<p>\u201cA m\u00fasica cabocla \u00e9 a arte de um povo que nasceu da mistura de colonos, escravos e ind\u00edgenas nas antigas florestas de arauc\u00e1ria, antes da chegada em massa dos imigrantes europeus. Mesmo sendo muito importante para grande parte da popula\u00e7\u00e3o, especialmente no sul do estado, essa cultura musical nem sempre recebe o destaque como deveria\u201d, explica o m\u00fasico.<\/p>\n\n\n\n<p>Munidos de instrumentos como viol\u00e3o, gaita, acordeon, viola, guitarra e percuss\u00e3o, os m\u00fasicos t\u00eam a expectativa de promover um interc\u00e2mbio cultural, fortalecendo os la\u00e7os de identidade no p\u00fablico local e, ao mesmo tempo, aproximando o grupo de uma &#8220;viv\u00eancia cultural raiz&#8221;. Em cada cidade, o grupo se apresentar\u00e1 ao lado de m\u00fasicos da regi\u00e3o. \u201cO objetivo do nosso projeto \u00e9 valorizar os povos do campo do Paran\u00e1 e dar \u00e0 eles o protagonismo das verdadeiras ra\u00edzes da cultura do estado\u201d, finaliza Luiz Borges.<\/p>\n\n\n\n<p class=\"has-medium-font-size\">Servi\u00e7o:<\/p>\n\n\n\n<p><strong>Apresenta\u00e7\u00f5es Caboclo Tingui<\/strong><\/p>\n\n\n\n<p>Datas e locais:<\/p>\n\n\n\n<p>24\/10 (sexta-feira)<br>15h &#8211; Pra\u00e7a do Redondo<br>19h &#8211; Centro Cultural &#8211; Pitanga\/PR<br>Convidado: C\u00e9sar Silva &amp; Marcos<\/p>\n\n\n\n<p>25\/10 (s\u00e1bado)<br>15h &#8211; Parque do Lago &#8211; Guarapuava\/PR<br>Convidado: Sidney e Tatiana<\/p>\n\n\n\n<p>26\/10 (domingo)<br>16h &#8211; Pra\u00e7a da Matriz &#8211; Prudent\u00f3polis\/PR<br>Convidado: Samuca e os Imigrantes<br>Instagram: @caboclotingui<br>Telefone de contato: (41) 99610 0465<br>Evento&nbsp;gratuito<\/p>\n","protected":false},"excerpt":{"rendered":"<p>Grupo musical viaja de kombi pelo Paran\u00e1 e se apresenta de gra\u00e7a em cinco cidades da regi\u00e3o centro-sul Buscando resgatar, fortalecer e dar visibilidade \u00e0 cultura cabocla, o grupo musical Caboclo Tingui, de Curitiba, lan\u00e7a o projeto itinerante &#8220;Roda sobre Rodas&#8221;. A iniciativa levar\u00e1 a m\u00fasica e as tradi\u00e7\u00f5es paranaenses a cinco cidades da regi\u00e3o [&hellip;]<\/p>\n","protected":false},"author":1,"featured_media":5163,"comment_status":"open","ping_status":"open","sticky":false,"template":"","format":"standard","meta":{"footnotes":""},"categories":[27],"tags":[],"class_list":["post-5161","post","type-post","status-publish","format-standard","has-post-thumbnail","hentry","category-musica"],"_links":{"self":[{"href":"https:\/\/diarioparanaense.com\/index.php?rest_route=\/wp\/v2\/posts\/5161","targetHints":{"allow":["GET"]}}],"collection":[{"href":"https:\/\/diarioparanaense.com\/index.php?rest_route=\/wp\/v2\/posts"}],"about":[{"href":"https:\/\/diarioparanaense.com\/index.php?rest_route=\/wp\/v2\/types\/post"}],"author":[{"embeddable":true,"href":"https:\/\/diarioparanaense.com\/index.php?rest_route=\/wp\/v2\/users\/1"}],"replies":[{"embeddable":true,"href":"https:\/\/diarioparanaense.com\/index.php?rest_route=%2Fwp%2Fv2%2Fcomments&post=5161"}],"version-history":[{"count":2,"href":"https:\/\/diarioparanaense.com\/index.php?rest_route=\/wp\/v2\/posts\/5161\/revisions"}],"predecessor-version":[{"id":5165,"href":"https:\/\/diarioparanaense.com\/index.php?rest_route=\/wp\/v2\/posts\/5161\/revisions\/5165"}],"wp:featuredmedia":[{"embeddable":true,"href":"https:\/\/diarioparanaense.com\/index.php?rest_route=\/wp\/v2\/media\/5163"}],"wp:attachment":[{"href":"https:\/\/diarioparanaense.com\/index.php?rest_route=%2Fwp%2Fv2%2Fmedia&parent=5161"}],"wp:term":[{"taxonomy":"category","embeddable":true,"href":"https:\/\/diarioparanaense.com\/index.php?rest_route=%2Fwp%2Fv2%2Fcategories&post=5161"},{"taxonomy":"post_tag","embeddable":true,"href":"https:\/\/diarioparanaense.com\/index.php?rest_route=%2Fwp%2Fv2%2Ftags&post=5161"}],"curies":[{"name":"wp","href":"https:\/\/api.w.org\/{rel}","templated":true}]}}