{"id":5157,"date":"2025-10-21T14:29:52","date_gmt":"2025-10-21T17:29:52","guid":{"rendered":"https:\/\/diarioparanaense.com\/?p=5157"},"modified":"2025-10-21T14:29:52","modified_gmt":"2025-10-21T17:29:52","slug":"curitibana-realiza-primeira-feira-abayomi-pra-ti-com-foco-no-empreendedorismo-negro-feminino","status":"publish","type":"post","link":"https:\/\/diarioparanaense.com\/?p=5157","title":{"rendered":"Curitibana realiza primeira feira Abayomi pra Ti com foco no empreendedorismo negro feminino"},"content":{"rendered":"\n<p class=\"has-medium-font-size\">Evento gratuito acontece no dia 26 de outubro e reunir\u00e1 expositores, atra\u00e7\u00f5es culturais, dan\u00e7a e viv\u00eancias afro-brasileiras<\/p>\n\n\n\n<p>No dia 26 de outubro, Curitiba recebe a primeira edi\u00e7\u00e3o da feira Abayomi pra Ti, um evento idealizado e produzido pelo Abayomi Studio Afro, com foco no empreendedorismo feminino e materno, bem-estar e cultura afro-brasileira. A feira acontece das 11h \u00e0s 17h no Nex Coworking Francisco Rocha (Rua Francisco Rocha, 198 \u2013 Batel), com entrada gratuita.<\/p>\n\n\n\n<p>Com curadoria criativa e executiva do est\u00fadio Abayomi, a feira reunir\u00e1 mais de 20 expositoras negras que atuam em \u00e1reas como moda, gastronomia, acess\u00f3rios, bem-estar, arte e cultura. A proposta \u00e9 oferecer uma experi\u00eancia acolhedora e plural, que promova o fortalecimento de neg\u00f3cios liderados por mulheres, al\u00e9m de estimular conex\u00f5es significativas entre o p\u00fablico e as empreendedoras.<\/p>\n\n\n\n<p>\u201cAbayomi pra Ti \u00e9 um momento de bem-estar, de cultivo ao cuidado com o corpo e a mente, de apoio ao empreendedorismo feminino e materno, um evento para se conectar consigo e com o outro\u201d, explica Mayara Kesley Gomes Alves, fundadora do est\u00fadio Abayomi.<\/p>\n\n\n\n<p><strong>Cultura, movimento e ancestralidade<br><\/strong>A programa\u00e7\u00e3o conta com aul\u00e3o de funk \u00e0s 13h, al\u00e9m de uma interven\u00e7\u00e3o com slam, que traz a pot\u00eancia da poesia falada como ferramenta de express\u00e3o e resist\u00eancia. Durante a tarde, a DJ Kim comanda a discotecagem com uma sele\u00e7\u00e3o de m\u00fasica brasileira, celebrando os ritmos e a diversidade cultural do pa\u00eds.<\/p>\n\n\n\n<p>Ao longo do evento, tamb\u00e9m ser\u00e3o realizados 15 sorteios com brindes das expositoras e parceiros, refor\u00e7ando o car\u00e1ter colaborativo e afetivo da feira. Quem chegar cedo poder\u00e1 aproveitar ainda o servi\u00e7o de tran\u00e7ado afro, oferecido por ordem de chegada, como parte da valoriza\u00e7\u00e3o das est\u00e9ticas negras e dos saberes ancestrais.<\/p>\n\n\n\n<p>O estande do Abayomi Studio Afro funcionar\u00e1 durante todo o evento com atendimento ao p\u00fablico, distribui\u00e7\u00e3o de materiais e apresenta\u00e7\u00e3o das a\u00e7\u00f5es desenvolvidas pelo coletivo.<\/p>\n\n\n\n<p><strong>Servi\u00e7o<br>Feira Abayomi pra Ti<br><\/strong>Local: Nex Coworking Francisco Rocha \u2013 Rua Francisco Rocha, 198 \u2013 Batel<br>Data: 26 de outubro (domingo)<br>Hor\u00e1rio: das 11h \u00e0s 17h<br>Entrada gratuita<\/p>\n","protected":false},"excerpt":{"rendered":"<p>Evento gratuito acontece no dia 26 de outubro e reunir\u00e1 expositores, atra\u00e7\u00f5es culturais, dan\u00e7a e viv\u00eancias afro-brasileiras No dia 26 de outubro, Curitiba recebe a primeira edi\u00e7\u00e3o da feira Abayomi pra Ti, um evento idealizado e produzido pelo Abayomi Studio Afro, com foco no empreendedorismo feminino e materno, bem-estar e cultura afro-brasileira. A feira acontece [&hellip;]<\/p>\n","protected":false},"author":1,"featured_media":5158,"comment_status":"open","ping_status":"open","sticky":false,"template":"","format":"standard","meta":{"footnotes":""},"categories":[29],"tags":[],"class_list":["post-5157","post","type-post","status-publish","format-standard","has-post-thumbnail","hentry","category-artigos"],"_links":{"self":[{"href":"https:\/\/diarioparanaense.com\/index.php?rest_route=\/wp\/v2\/posts\/5157","targetHints":{"allow":["GET"]}}],"collection":[{"href":"https:\/\/diarioparanaense.com\/index.php?rest_route=\/wp\/v2\/posts"}],"about":[{"href":"https:\/\/diarioparanaense.com\/index.php?rest_route=\/wp\/v2\/types\/post"}],"author":[{"embeddable":true,"href":"https:\/\/diarioparanaense.com\/index.php?rest_route=\/wp\/v2\/users\/1"}],"replies":[{"embeddable":true,"href":"https:\/\/diarioparanaense.com\/index.php?rest_route=%2Fwp%2Fv2%2Fcomments&post=5157"}],"version-history":[{"count":1,"href":"https:\/\/diarioparanaense.com\/index.php?rest_route=\/wp\/v2\/posts\/5157\/revisions"}],"predecessor-version":[{"id":5159,"href":"https:\/\/diarioparanaense.com\/index.php?rest_route=\/wp\/v2\/posts\/5157\/revisions\/5159"}],"wp:featuredmedia":[{"embeddable":true,"href":"https:\/\/diarioparanaense.com\/index.php?rest_route=\/wp\/v2\/media\/5158"}],"wp:attachment":[{"href":"https:\/\/diarioparanaense.com\/index.php?rest_route=%2Fwp%2Fv2%2Fmedia&parent=5157"}],"wp:term":[{"taxonomy":"category","embeddable":true,"href":"https:\/\/diarioparanaense.com\/index.php?rest_route=%2Fwp%2Fv2%2Fcategories&post=5157"},{"taxonomy":"post_tag","embeddable":true,"href":"https:\/\/diarioparanaense.com\/index.php?rest_route=%2Fwp%2Fv2%2Ftags&post=5157"}],"curies":[{"name":"wp","href":"https:\/\/api.w.org\/{rel}","templated":true}]}}