{"id":5151,"date":"2025-10-21T14:23:13","date_gmt":"2025-10-21T17:23:13","guid":{"rendered":"https:\/\/diarioparanaense.com\/?p=5151"},"modified":"2025-10-21T14:23:14","modified_gmt":"2025-10-21T17:23:14","slug":"avancos-em-sensores-e-gemeos-digitais-na-engenharia-biomedica-poderao-prevenir-avc-e-cegueira-evitavel-em-2026-afirma-especialista-do-ieee","status":"publish","type":"post","link":"https:\/\/diarioparanaense.com\/?p=5151","title":{"rendered":"Avan\u00e7os em sensores e g\u00eameos digitais na engenharia biom\u00e9dica poder\u00e3o prevenir AVC e cegueira evit\u00e1vel em 2026, afirma especialista do IEEE"},"content":{"rendered":"\n<p>Su\u00e9lia Fleury Rosa, membro s\u00eanior do IEEE (Instituto dos Engenheiros Eletricistas e Eletr\u00f4nicos), maior organiza\u00e7\u00e3o cient\u00edfica global dedicada ao avan\u00e7o da tecnologia em benef\u00edcio da humanidade, acredita que a IA vai acelerar processos e novas tecnologias aplicadas \u00e0 sa\u00fade<\/p>\n\n\n\n<p>A conex\u00e3o entre dados captados por sensores e a forma como s\u00e3o analisados, modelados e trabalhados em g\u00eameos digitais, impactando o sucesso da engenharia biom\u00e9dica, deve ser uma das grandes apostas para o desenvolvimento tecnol\u00f3gico na \u00e1rea em 2026, garante Su\u00e9lia Fleury Rosa, membro s\u00eanior do IEEE (Instituto de Engenheiros Eletricistas e Eletr\u00f4nicos), maior organiza\u00e7\u00e3o cient\u00edfica global dedicada ao avan\u00e7o da tecnologia em benef\u00edcio da humanidade. Professora Associada IV e Pesquisadora da UnB (Universidade de Bras\u00edlia) e p\u00f3s-doutora pelo MIT (Massachussets Institute of Technology) atualmente atua como S\u00eanior Lecturer no Master of Engineering Program, Meinig School of Biomedical Engineering Cornell University, nos EUA, onde segue ensinado e auxiliando no desenvolvimento de tecnologias de ponta com aplica\u00e7\u00e3o direta na sa\u00fade.<\/p>\n\n\n\n<p>A especialista do IEEE resume em tr\u00eas os grandes avan\u00e7os que devemos ter nessa \u00e1rea em 2026:<\/p>\n\n\n\n<p>Engenharia biom\u00e9dica: algoritmos avan\u00e7ados apoiar\u00e3o a an\u00e1lise de imagens m\u00e9dicas, planejar\u00e3o tratamentos personalizados e automatizar\u00e3o de tarefas cl\u00ednicas<br>G\u00eameos digitais: IA permitir\u00e1 simula\u00e7\u00f5es precisas de \u00f3rg\u00e3os ou sistemas humanos para testar terapias e prever desfechos<br>Sensores inteligentes: passar\u00e3o a monitorar sinais vitais em tempo real e a ajustar interven\u00e7\u00f5es de forma proativa<\/p>\n\n\n\n<p>Su\u00e9lia explica que os g\u00eameos digitais (que podem ser r\u00e9plicas de \u00f3rg\u00e3os espec\u00edficos ou do corpo humano inteiro de uma pessoa, que na pr\u00e1tica s\u00e3o como programas de computador que analisam dados e fazem proje\u00e7\u00f5es) devem se tornar mais complexos e capazes de prevenir mais doen\u00e7as, seja por meio da sistematiza\u00e7\u00e3o de dados que permite enxergar padr\u00f5es, picos de incid\u00eancia, zonas de alerta e proximidade com risco de vida, ou pela cria\u00e7\u00e3o de novos dispositivos e tecnologias como tecidos sint\u00e9ticos.<\/p>\n\n\n\n<p>&#8220;\u00c9 uma pir\u00e2mide. \u00c0 medida que evoluem a qualidade e a diversidade dos sensores, e quanto mais precisos se tornam os dados fisiol\u00f3gicos e cl\u00ednicos que eles nos fornecem, mais realistas e preditivos passam a ser os modelos e proje\u00e7\u00f5es gerados pelos g\u00eameos digitais. Isso se traduz em resultados cada vez mais complexos, integrados e eficazes para a engenharia biom\u00e9dica&#8221;, diz.<\/p>\n\n\n\n<p>A pesquisadora d\u00e1 um exemplo concreto de tecnologia desenvolvida no Brasil que ajuda a minimizar amputa\u00e7\u00f5es. O dispositivo Rapha, desenvolvido na UnB, que usa o l\u00e1tex da seringueira Hevea brasiliensis, fortalece a ci\u00eancia comprometida com a sustentabilidade. Em sua fabrica\u00e7\u00e3o, passou por toda pesquisa translacional (da ideia at\u00e9 ensaios cl\u00ednicos) que vai agora para avalia\u00e7\u00e3o da Anvisa antes de estar dispon\u00edvel para ser incorporado no SUS e no mercado.<\/p>\n\n\n\n<p class=\"has-medium-font-size\">Abla\u00e7\u00e3o cardiaca por radiofrequ\u00eancia<\/p>\n\n\n\n<p>Existe um procedimento chamado abla\u00e7\u00e3o card\u00edaca por radiofrequ\u00eancia, em que a energia t\u00e9rmica \u00e9 utilizada para cauterizar \u00e1reas do cora\u00e7\u00e3o respons\u00e1veis por arritmias. Contudo, devido \u00e0 proximidade anat\u00f4mica entre o \u00e1trio esquerdo e o es\u00f4fago, h\u00e1 risco de les\u00e3o t\u00e9rmica esof\u00e1gica, que pode evoluir para f\u00edstula \u00e1trio-esof\u00e1gica, uma complica\u00e7\u00e3o rara, por\u00e9m frequentemente letal. &#8220;Conseguimos desenvolver um dispositivo flex\u00edvel \u00e0 base de l\u00e1tex biocompat\u00edvel, incorporado com nanoc\u00e1psulas h\u00edbridas de ouro e \u00f3xido de c\u00e9rio (Au\/CeO\u2082). Essas nanopart\u00edculas desempenham pap\u00e9is multifuncionais: atuam como antioxidantes, neutralizando esp\u00e9cies reativas de oxig\u00eanio (ROS); melhoram a condutividade t\u00e9rmica, favorecendo a dissipa\u00e7\u00e3o controlada de calor; e exercem efeito anti-inflamat\u00f3rio local por modula\u00e7\u00e3o de citocinas inflamat\u00f3rias&#8221;, explica.<\/p>\n\n\n\n<p>O resultado \u00e9 uma barreira protetora que reduz significativamente a transmiss\u00e3o de calor para o es\u00f4fago, prevenindo queimaduras, hemorragias e complica\u00e7\u00f5es fatais, ao mesmo tempo em que garante a efic\u00e1cia terap\u00eautica da abla\u00e7\u00e3o, est\u00e1 na fase pr\u00e9-cl\u00ednica esse estudo dentro do contexto translacional.<\/p>\n\n\n\n<p>Su\u00e9lia cita \u00e1reas que devem ver mais avan\u00e7os no pr\u00f3ximo ano, tanto na engenharia biom\u00e9dica quanto na aplica\u00e7\u00e3o de IA a processos:<\/p>\n\n\n\n<p class=\"has-medium-font-size\">Engenharia Biom\u00e9dica<\/p>\n\n\n\n<p>AVC (Acidente Vascular Cerebral): com os dados que j\u00e1 temos, de sensores em exames cl\u00ednicos, vamos avan\u00e7ar na preven\u00e7\u00e3o e cria\u00e7\u00e3o de novos protocolos<br>Cegueira evit\u00e1vel: com medi\u00e7\u00e3o de grau e press\u00e3o ocular em escolas vamos alimentar g\u00eameos digitais e conseguir impacto significativo na preven\u00e7\u00e3o<br>Danos em ligamentos no esporte: por meio de dados de exames de resson\u00e2ncia magn\u00e9tica poderemos tra\u00e7ar esquemas de preven\u00e7\u00e3o desse tipo de contus\u00e3o<\/p>\n\n\n\n<p class=\"has-medium-font-size\">Uso da IA em processos<\/p>\n\n\n\n<p>Din\u00e2mica de produ\u00e7\u00e3o industrial: otimiza\u00e7\u00e3o de fluxos produtivos, antecipa\u00e7\u00e3o de falhas e refor\u00e7o de mecanismos de prote\u00e7\u00e3o reduzir\u00e3o custos e riscos<br>Tempo de valida\u00e7\u00e3o de processos: dados captados e resultados de fases de testagem poder\u00e3o ser analisados e validados mais rapidamente<br>Setor de seguran\u00e7a: mais rapidez na certifica\u00e7\u00e3o de novas tecnologias no INMETRO, acelerando de forma digital a exig\u00eancia de novos testes para aprova\u00e7\u00e3o<\/p>\n\n\n\n<p>A pesquisadora tamb\u00e9m comenta fatores que podem impactar o chamado &#8220;vale da morte&#8221; \u2013 a dist\u00e2ncia entre os laborat\u00f3rios e a sociedade. &#8220;Temos diversos dispositivos, tecnologias, produtos hospitalares prontos. Precisam de mais sinergia de atores p\u00fablicos e privados. \u00d3rg\u00e3os com papel-chave no processo, como Anvisa, Minist\u00e9rio da Educa\u00e7\u00e3o, Minist\u00e9rio do Desenvolvimento Ind\u00fastria e Com\u00e9rcio, INMETRO, Conitec (Comiss\u00e3o Nacional de Incorpora\u00e7\u00e3o de Tecnologias no SUS) precisam sentar com cientistas que j\u00e1 t\u00eam solu\u00e7\u00f5es prontas, testadas e aprovadas, para encontrar uma forma de fazer com que cheguem aos hospitais, \u00e0s casas das pessoas, para fechar o ciclo da ci\u00eancia e ajudar a melhorar a vida das pessoas e salvar vidas&#8221;, diz.&nbsp;<\/p>\n","protected":false},"excerpt":{"rendered":"<p>Su\u00e9lia Fleury Rosa, membro s\u00eanior do IEEE (Instituto dos Engenheiros Eletricistas e Eletr\u00f4nicos), maior organiza\u00e7\u00e3o cient\u00edfica global dedicada ao avan\u00e7o da tecnologia em benef\u00edcio da humanidade, acredita que a IA vai acelerar processos e novas tecnologias aplicadas \u00e0 sa\u00fade A conex\u00e3o entre dados captados por sensores e a forma como s\u00e3o analisados, modelados e trabalhados [&hellip;]<\/p>\n","protected":false},"author":1,"featured_media":5152,"comment_status":"open","ping_status":"open","sticky":false,"template":"","format":"standard","meta":{"footnotes":""},"categories":[29],"tags":[],"class_list":["post-5151","post","type-post","status-publish","format-standard","has-post-thumbnail","hentry","category-artigos"],"_links":{"self":[{"href":"https:\/\/diarioparanaense.com\/index.php?rest_route=\/wp\/v2\/posts\/5151","targetHints":{"allow":["GET"]}}],"collection":[{"href":"https:\/\/diarioparanaense.com\/index.php?rest_route=\/wp\/v2\/posts"}],"about":[{"href":"https:\/\/diarioparanaense.com\/index.php?rest_route=\/wp\/v2\/types\/post"}],"author":[{"embeddable":true,"href":"https:\/\/diarioparanaense.com\/index.php?rest_route=\/wp\/v2\/users\/1"}],"replies":[{"embeddable":true,"href":"https:\/\/diarioparanaense.com\/index.php?rest_route=%2Fwp%2Fv2%2Fcomments&post=5151"}],"version-history":[{"count":1,"href":"https:\/\/diarioparanaense.com\/index.php?rest_route=\/wp\/v2\/posts\/5151\/revisions"}],"predecessor-version":[{"id":5153,"href":"https:\/\/diarioparanaense.com\/index.php?rest_route=\/wp\/v2\/posts\/5151\/revisions\/5153"}],"wp:featuredmedia":[{"embeddable":true,"href":"https:\/\/diarioparanaense.com\/index.php?rest_route=\/wp\/v2\/media\/5152"}],"wp:attachment":[{"href":"https:\/\/diarioparanaense.com\/index.php?rest_route=%2Fwp%2Fv2%2Fmedia&parent=5151"}],"wp:term":[{"taxonomy":"category","embeddable":true,"href":"https:\/\/diarioparanaense.com\/index.php?rest_route=%2Fwp%2Fv2%2Fcategories&post=5151"},{"taxonomy":"post_tag","embeddable":true,"href":"https:\/\/diarioparanaense.com\/index.php?rest_route=%2Fwp%2Fv2%2Ftags&post=5151"}],"curies":[{"name":"wp","href":"https:\/\/api.w.org\/{rel}","templated":true}]}}