{"id":5148,"date":"2025-10-21T11:53:30","date_gmt":"2025-10-21T14:53:30","guid":{"rendered":"https:\/\/diarioparanaense.com\/?p=5148"},"modified":"2025-10-21T11:53:30","modified_gmt":"2025-10-21T14:53:30","slug":"seus-olhos-sofrem-com-excesso-de-telas-veja-como-diminuir-o-desconforto","status":"publish","type":"post","link":"https:\/\/diarioparanaense.com\/?p=5148","title":{"rendered":"Seus olhos sofrem com excesso de telas? Veja como diminuir o desconforto"},"content":{"rendered":"\n<p class=\"has-medium-font-size\">Al\u00e9m da visita frequente ao oftalmologista e pausas estrat\u00e9gicas no uso dos aparelhos, subst\u00e2ncias como \u00d4mega 3, lute\u00edna e zeaxantina ajudam a proteger a vis\u00e3o<\/p>\n\n\n\n<p>Uma boa vis\u00e3o est\u00e1 diretamente ligada \u00e0 qualidade de vida. Mas o uso frequente de telas digitais e outros excessos da vida moderna podem causar desconforto e aumentar o risco de problemas oculares. Por meio de exames preventivos e da ingest\u00e3o de nutrientes presentes em alimentos e suplementos, \u00e9 poss\u00edvel proteger a sa\u00fade dos olhos e manter a vis\u00e3o em boas condi\u00e7\u00f5es.<\/p>\n\n\n\n<p>O primeiro passo, em caso de desconforto, como cansa\u00e7o ocular e olhos secos, vis\u00e3o borrada ou dupla e sensibilidade \u00e0 luz, al\u00e9m de dor de cabe\u00e7a, \u00e9 procurar ajuda m\u00e9dica. Esses problemas podem acontecer em decorr\u00eancia do uso prolongado das telas sem pausas, da ilumina\u00e7\u00e3o inadequada ou reflexos, da dist\u00e2ncia ou altura incorreta dos dispositivos e da falta de lubrifica\u00e7\u00e3o natural dos olhos em fun\u00e7\u00e3o da redu\u00e7\u00e3o das piscadas. O oftalmologista pode identificar problemas precocemente e indicar medidas espec\u00edficas para proteger a vis\u00e3o.<\/p>\n\n\n\n<p><strong>Suplementa\u00e7\u00e3o e nutrientes essenciais<br><\/strong>A suplementa\u00e7\u00e3o, feita preferencialmente com orienta\u00e7\u00e3o profissional, \u00e9 uma forma pr\u00e1tica de cuidar de uma s\u00e9rie de quest\u00f5es de sa\u00fade, lembra Mauricio Poliquesi, Farmac\u00eautico das Farm\u00e1cias Nissei. \u201cPrincipalmente na correria do dia a dia \u00e9 importante contar com op\u00e7\u00f5es pr\u00e1ticas e confi\u00e1veis para complementar as necessidades de vitaminas e nutrientes em nosso organismo\u201d, ressalta.<\/p>\n\n\n\n<p>Especialmente para a sa\u00fade ocular, Mauricio cita o VidUp Vis\u00e3o, da marca pr\u00f3pria da rede. O suplemento alimentar em c\u00e1psulas combina os benef\u00edcios do \u00d4mega 3 de alta qualidade com os antioxidantes naturais lute\u00edna e zeaxantina, que juntos oferecem suporte para a prote\u00e7\u00e3o e manuten\u00e7\u00e3o da sa\u00fade dos olhos.<\/p>\n\n\n\n<p>\u201cO \u00f4mega 3 est\u00e1 associado \u00e0 preven\u00e7\u00e3o ou \u00e0 redu\u00e7\u00e3o da gravidade de uma multiplicidade de doen\u00e7as, desde as metab\u00f3licas at\u00e9 as neurodegenerativas, e muitas doen\u00e7as inflamat\u00f3rias\u201d, explica Poliquesi. \u201cJ\u00e1 a lute\u00edna e a zeaxantina aumentam a densidade do pigmento macular, melhorando a qualidade da vis\u00e3o e protegendo os olhos contra os efeitos nocivos da luz emitida por telas digitais, muito frequentes na rotina das pessoas\u201d, completa.<\/p>\n\n\n\n<p>O produto \u00e9 composto por \u00f3leo de peixe (\u00d4mega 3 \u2013 EPA 180 mg \/ DHA 120 mg), lute\u00edna, zeaxantina e vitamina A.<\/p>\n\n\n\n<p><strong>Dicas para proteger a vis\u00e3o<br><\/strong>Fa\u00e7a pausas sempre que poss\u00edvel, seguindo a regra 20-20-20 \u2013 a cada 20 minutos, olhe para algo a 20 p\u00e9s (6 metros) de dist\u00e2ncia por 20 segundos;<\/p>\n\n\n\n<p>Use a ilumina\u00e7\u00e3o adequada, evitando reflexos na tela e luz muito forte ou muito fraca;<\/p>\n\n\n\n<p>Recorra aos alimentos, hidrata\u00e7\u00e3o adequada e suplementos, sempre com orienta\u00e7\u00e3o profissional.<\/p>\n\n\n\n<p>Imagem: Divulga\u00e7\u00e3o Nissei<\/p>\n\n\n\n<p><strong>Sobre as Farm\u00e1cias Nissei<br><\/strong>Com 39 anos de tradi\u00e7\u00e3o no mercado paranaense e atua\u00e7\u00e3o nos estados do Paran\u00e1, S\u00e3o Paulo, Santa Catarina, Goi\u00e1s e Distrito Federal, a Nissei \u00e9 considerada a sexta maior rede de farm\u00e1cias do pa\u00eds em n\u00famero de lojas, segundo o ranking da Abrafarma (Associa\u00e7\u00e3o Brasileira de Redes de Farm\u00e1cias e Drogarias), e a maior do estado do Paran\u00e1. A rede \u00e9 credenciada do Programa do Governo Federal Farm\u00e1cia Popular, que oferta descontos especiais e at\u00e9 rem\u00e9dios essenciais gratuitos.<br>A empresa conta hoje com mais de 450 lojas, que geram mais de 8 mil empregos diretos e atendem a mais de 4 milh\u00f5es de clientes por m\u00eas. A rede foi respons\u00e1vel por introduzir o conceito de drugstore no mercado paranaense e oferece ao estado o maior n\u00famero de farm\u00e1cias 24 horas. As lojas s\u00e3o conhecidas por seus espa\u00e7os modernos, de f\u00e1cil localiza\u00e7\u00e3o, amplos estacionamentos, diversidade de produtos e disponibilidade de farmac\u00eauticos qualificados, que promovem o melhor atendimento\u00a0profissional.<\/p>\n","protected":false},"excerpt":{"rendered":"<p>Al\u00e9m da visita frequente ao oftalmologista e pausas estrat\u00e9gicas no uso dos aparelhos, subst\u00e2ncias como \u00d4mega 3, lute\u00edna e zeaxantina ajudam a proteger a vis\u00e3o Uma boa vis\u00e3o est\u00e1 diretamente ligada \u00e0 qualidade de vida. Mas o uso frequente de telas digitais e outros excessos da vida moderna podem causar desconforto e aumentar o risco [&hellip;]<\/p>\n","protected":false},"author":1,"featured_media":5149,"comment_status":"open","ping_status":"open","sticky":false,"template":"","format":"standard","meta":{"footnotes":""},"categories":[164],"tags":[],"class_list":["post-5148","post","type-post","status-publish","format-standard","has-post-thumbnail","hentry","category-saude-2"],"_links":{"self":[{"href":"https:\/\/diarioparanaense.com\/index.php?rest_route=\/wp\/v2\/posts\/5148","targetHints":{"allow":["GET"]}}],"collection":[{"href":"https:\/\/diarioparanaense.com\/index.php?rest_route=\/wp\/v2\/posts"}],"about":[{"href":"https:\/\/diarioparanaense.com\/index.php?rest_route=\/wp\/v2\/types\/post"}],"author":[{"embeddable":true,"href":"https:\/\/diarioparanaense.com\/index.php?rest_route=\/wp\/v2\/users\/1"}],"replies":[{"embeddable":true,"href":"https:\/\/diarioparanaense.com\/index.php?rest_route=%2Fwp%2Fv2%2Fcomments&post=5148"}],"version-history":[{"count":1,"href":"https:\/\/diarioparanaense.com\/index.php?rest_route=\/wp\/v2\/posts\/5148\/revisions"}],"predecessor-version":[{"id":5150,"href":"https:\/\/diarioparanaense.com\/index.php?rest_route=\/wp\/v2\/posts\/5148\/revisions\/5150"}],"wp:featuredmedia":[{"embeddable":true,"href":"https:\/\/diarioparanaense.com\/index.php?rest_route=\/wp\/v2\/media\/5149"}],"wp:attachment":[{"href":"https:\/\/diarioparanaense.com\/index.php?rest_route=%2Fwp%2Fv2%2Fmedia&parent=5148"}],"wp:term":[{"taxonomy":"category","embeddable":true,"href":"https:\/\/diarioparanaense.com\/index.php?rest_route=%2Fwp%2Fv2%2Fcategories&post=5148"},{"taxonomy":"post_tag","embeddable":true,"href":"https:\/\/diarioparanaense.com\/index.php?rest_route=%2Fwp%2Fv2%2Ftags&post=5148"}],"curies":[{"name":"wp","href":"https:\/\/api.w.org\/{rel}","templated":true}]}}