{"id":5145,"date":"2025-10-20T13:27:06","date_gmt":"2025-10-20T16:27:06","guid":{"rendered":"https:\/\/diarioparanaense.com\/?p=5145"},"modified":"2025-10-20T13:27:07","modified_gmt":"2025-10-20T16:27:07","slug":"pernambucanas-lanca-sua-colecao-de-verao-que-celebra-a-brasilidade-em-pecas-versateis-e-de-estampas-tropicais","status":"publish","type":"post","link":"https:\/\/diarioparanaense.com\/?p=5145","title":{"rendered":"Pernambucanas lan\u00e7a sua cole\u00e7\u00e3o de Ver\u00e3o que celebra a brasilidade em pe\u00e7as vers\u00e1teis e de estampas tropicais"},"content":{"rendered":"\n<h3 class=\"wp-block-heading\"><em>Nova linha aposta no tric\u00f4, croch\u00ea e linho, al\u00e9m de tons vibrantes e tecidos fluidos, respondendo \u00e0 crescente busca por conforto e eleg\u00e2ncia.<\/em><em><\/em><\/h3>\n\n\n\n<p><em><br><\/em>A Pernambucanas anuncia o lan\u00e7amento de sua nova Cole\u00e7\u00e3o Ver\u00e3o, celebrando a energia vibrante do pa\u00eds. Inspirada na <em>vibe<\/em> tropical brasileira, tend\u00eancia que conquistou o ver\u00e3o europeu, a cole\u00e7\u00e3o aposta em cores intensas e estampas, al\u00e9m do tric\u00f4, croch\u00ea e linho. As pe\u00e7as oferecem um toque artesanal, leveza, conforto e eleg\u00e2ncia, e foram desenhadas para quem busca cada vez mais praticidade e versatilidade. Diversos itens s\u00e3o intencionalmente h\u00edbridos, ou seja, permitem transitar da praia a um <em>happy hour<\/em> com as amigas, por exemplo.<\/p>\n\n\n\n<p>A cartela de cores celebra o clima tropical, com estampas marcantes. O marrom, uma das cores mais fortes do \u00faltimo inverno, segue em alta e aparece em grande parte da cole\u00e7\u00e3o. Entre os destaques femininos est\u00e3o os vestidos com diversos <em>shapes<\/em>, estampas e mat\u00e9rias-primas, al\u00e9m dos conjuntos que surgem em listras, estampas e tecidos como tric\u00f4 e sarja.<\/p>\n\n\n\n<p><em>\u201cNossas clientes est\u00e3o sempre em busca de novidades. Acompanhamos de perto seus desejos para oferecer as principais tend\u00eancias, sempre com foco na qualidade e com um pre\u00e7o acess\u00edvel. A nova cole\u00e7\u00e3o foi pensada para acompanhar a rotina din\u00e2mica da mulher brasileira, que busca por versatilidade, estilo e conforto. As cores quentes e estampas, que traduzem perfeitamente a energia do ver\u00e3o, est\u00e3o presentes em toda a cole\u00e7\u00e3o, refor\u00e7ando essa conex\u00e3o com a esta\u00e7\u00e3o mais vibrante do ano<\/em>\u201d, afirma Francine Mottin, Vice-Presidente Comercial da Pernambucanas.<\/p>\n\n\n\n<h3 class=\"wp-block-heading\"><a><\/a>A Linha Fitness e Beachwear completa a experi\u00eancia<\/h3>\n\n\n\n<p>A cole\u00e7\u00e3o \u00e9 expandida com uma linha de moda praia que acompanha o toque natural chique (com detalhes em corda e cores terrosas) e brasileiro. A linha <em>fitness<\/em> adota uma paleta <em>soft\/pastel<\/em>, inspirada em grandes tend\u00eancias internacionais, refor\u00e7ando o posicionamento moderno da marca na pr\u00e1tica de atividades f\u00edsicas.<\/p>\n\n\n\n<p><a><\/a>A nova cole\u00e7\u00e3o da Pernambucanas estar\u00e1 dispon\u00edvel nas 484 lojas e no site, a partir deste m\u00eas.<\/p>\n\n\n\n<p><strong>Sobre a Pernambucanas<\/strong><\/p>\n\n\n\n<p>H\u00e1 117 anos, a Pernambucanas evolui junto com a fam\u00edlia brasileira. Refer\u00eancia no varejo nacional, a companhia tem como marca registrada o pioneirismo e a contribui\u00e7\u00e3o para o progresso de diversas cidades do pa\u00eds. Conta com um time de estilistas que identifica as principais tend\u00eancias mundiais da moda e oferece uma ampla variedade de produtos em vestu\u00e1rio, beleza, lar e eletroport\u00e1teis.&nbsp; Est\u00e1 presente em mais de 340 cidades, em 15 estados e no Distrito Federal, com mais de 480 lojas e cerca de 11 mil colaboradores. Al\u00e9m do varejo, a companhia tem a sua <em>fintech<\/em>, a Pefisa, bra\u00e7o financeiro do grupo, respons\u00e1vel pelo desenvolvimento e gest\u00e3o dos produtos como a Conta Digital Pernambucanas, PIX, cart\u00f5es, empr\u00e9stimo pessoal e seguros. Sempre se reinventando e acompanhando as necessidades de seus clientes, a Pernambucanas oferece uma plataforma de relacionamento em varejo e produtos financeiros com aplicativo, compra pelo site, concess\u00e3o de cr\u00e9dito 100% digital em 10 minutos, emiss\u00e3o instant\u00e2nea de cart\u00e3o com chip e Wi-Fi gr\u00e1tis em todas as lojas.&nbsp;<\/p>\n\n\n\n<p><strong>Facebook: <\/strong><a href=\"https:\/\/www.facebook.com\/pernambucanas\">@pernambucanas<\/a>&nbsp;<\/p>\n\n\n\n<p><strong>Linkedin: <\/strong><a href=\"https:\/\/www.linkedin.com\/company\/pernambucanas\/@pernambucanas\">@pernambucanas<\/a>&nbsp;<\/p>\n\n\n\n<p><strong>Instagram: <\/strong><a href=\"https:\/\/www.instagram.com\/pernambucanas\/\">@pernambucanas<\/a>&nbsp;<\/p>\n\n\n\n<p><strong>YouTube: <\/strong><a href=\"http:\/\/www.youtube.com\/pernambucanas\">http:\/\/www.youtube.com\/pernambucanas<\/a>&nbsp;<\/p>\n\n\n\n<p><strong>Website: <\/strong><a href=\"http:\/\/www.pernambucanas.com.br\/\">http:\/\/www.pernambucanas.com.br<\/a>&nbsp;<\/p>\n","protected":false},"excerpt":{"rendered":"<p>Nova linha aposta no tric\u00f4, croch\u00ea e linho, al\u00e9m de tons vibrantes e tecidos fluidos, respondendo \u00e0 crescente busca por conforto e eleg\u00e2ncia. A Pernambucanas anuncia o lan\u00e7amento de sua nova Cole\u00e7\u00e3o Ver\u00e3o, celebrando a energia vibrante do pa\u00eds. Inspirada na vibe tropical brasileira, tend\u00eancia que conquistou o ver\u00e3o europeu, a cole\u00e7\u00e3o aposta em cores [&hellip;]<\/p>\n","protected":false},"author":1,"featured_media":5146,"comment_status":"open","ping_status":"open","sticky":false,"template":"","format":"standard","meta":{"footnotes":""},"categories":[432],"tags":[],"class_list":["post-5145","post","type-post","status-publish","format-standard","has-post-thumbnail","hentry","category-moda"],"_links":{"self":[{"href":"https:\/\/diarioparanaense.com\/index.php?rest_route=\/wp\/v2\/posts\/5145","targetHints":{"allow":["GET"]}}],"collection":[{"href":"https:\/\/diarioparanaense.com\/index.php?rest_route=\/wp\/v2\/posts"}],"about":[{"href":"https:\/\/diarioparanaense.com\/index.php?rest_route=\/wp\/v2\/types\/post"}],"author":[{"embeddable":true,"href":"https:\/\/diarioparanaense.com\/index.php?rest_route=\/wp\/v2\/users\/1"}],"replies":[{"embeddable":true,"href":"https:\/\/diarioparanaense.com\/index.php?rest_route=%2Fwp%2Fv2%2Fcomments&post=5145"}],"version-history":[{"count":1,"href":"https:\/\/diarioparanaense.com\/index.php?rest_route=\/wp\/v2\/posts\/5145\/revisions"}],"predecessor-version":[{"id":5147,"href":"https:\/\/diarioparanaense.com\/index.php?rest_route=\/wp\/v2\/posts\/5145\/revisions\/5147"}],"wp:featuredmedia":[{"embeddable":true,"href":"https:\/\/diarioparanaense.com\/index.php?rest_route=\/wp\/v2\/media\/5146"}],"wp:attachment":[{"href":"https:\/\/diarioparanaense.com\/index.php?rest_route=%2Fwp%2Fv2%2Fmedia&parent=5145"}],"wp:term":[{"taxonomy":"category","embeddable":true,"href":"https:\/\/diarioparanaense.com\/index.php?rest_route=%2Fwp%2Fv2%2Fcategories&post=5145"},{"taxonomy":"post_tag","embeddable":true,"href":"https:\/\/diarioparanaense.com\/index.php?rest_route=%2Fwp%2Fv2%2Ftags&post=5145"}],"curies":[{"name":"wp","href":"https:\/\/api.w.org\/{rel}","templated":true}]}}